{"id":132391,"date":"2021-05-06T12:36:00","date_gmt":"2021-05-06T11:36:00","guid":{"rendered":"http:\/\/www.tucomarca.com\/wordpress\/segunda\/?p=132391"},"modified":"2021-05-06T19:40:41","modified_gmt":"2021-05-06T18:40:41","slug":"el-club-padel-bunyol-arranca-el-proxim-15-de-maig-el-torneig-primavera-estiu-en-les-installacions-municipals-del-planell","status":"publish","type":"post","link":"https:\/\/tucomarca.whitekongsoftware.com\/ca\/el-club-padel-bunyol-arranca-el-proxim-15-de-maig-el-torneig-primavera-estiu-en-les-installacions-municipals-del-planell\/","title":{"rendered":"El Club P\u00e0del Bunyol arranca el pr\u00f2xim 15 de maig el Torneig Primavera-Estiu en les instal\u00b7lacions municipals del Planell"},"content":{"rendered":"\n<h4 class=\"wp-block-heading\">Fins al 9 de maig poden apuntar-se els interessats a participar en aquest torneig, que arribar\u00e0 fins a mitjan juliol. El preu per participar \u00e9s de 30 euros<\/h4>\n\n\n\n<p class=\"wp-block-paragraph\">El Club P\u00e1del Bu\u00f1ol organiza el Torneo Primavera-Verano 2021 en las instalaciones municipales del Planell. Hasta el 9 de mayo se pueden apuntar todos los interesados en participar. El precio por pareja inscrita es de 30 euros. Incluye camiseta, bote de bolas y cuota anual. El torneo arranca el pr\u00f3ximo s\u00e1bado 15 de mayo y llegar\u00e1 hasta la primera quincena de julio, dependiendo de las parejas participantes.<\/p>\n\n\n\n<p class=\"wp-block-paragraph\">El horario general de competici\u00f3n es de 17,00 a 21,30 horas de lunes a s\u00e1bado en funci\u00f3n de los participantes. Habr\u00e1 trofeos para las dos parejas finalistas de cada categor\u00eda. Hay categor\u00eda primera, segunda y tercera. Habr\u00e1 un comit\u00e9 disciplinario en caso de incumplimiento, desacuerdo o disputa en las partidas, que marcar\u00e1 la norma a seguir.<\/p>\n\n\n\n<p class=\"wp-block-paragraph\">Chimo Faubell, presidente de este club bu\u00f1olense, se muestra &#8220;muy satisfecho por c\u00f3mo est\u00e1 yendo el n\u00famero de inscritos, que cada d\u00eda aumenta debido al auge que en la localidad ha experimentado este deporte en los \u00faltimos tiempos&#8221;. Informa de c\u00f3mo deberse hacerse la inscripci\u00f3n. Para poder participar debe hacerse online pinchando en este link: <a href=\"https:\/\/clubpadelbunyol.com\/%23\/inscription\">https:\/\/clubpadelbunyol.com\/#\/inscription<\/a>&nbsp;<\/p>\n\n\n\n<p class=\"wp-block-paragraph\">Las parejas participantes deber\u00e1n indicar todos los datos personales de cada jugador. \u201cEs tan elevado el n\u00famero de deportistas que se est\u00e1 apuntando que es muy dif\u00edcil cuadrar horarios con pista, teniendo en cuenta que tambi\u00e9n en ese horario se dan clases. Pero a\u00fan as\u00ed queremos que se apunte mucha gente, que disfruten de este gran deporte y si es necesario alargar\u00edamos las fechas de finalizaci\u00f3n de este torneo para que todos puedan competir\u201d, destaca Faubell, quien tambi\u00e9n comenta la posibilidad de que en pr\u00f3ximas temporadas puedan contar con un equipo federado, fruto del gran nivel deportivo que algunos de sus jugadores han alcanzado.\u00a0<\/p>\n\n\n\n<figure class=\"wp-block-image size-large\"><img loading=\"lazy\" decoding=\"async\" width=\"724\" height=\"1024\" src=\"http:\/\/www.tucomarca.com\/wordpress\/segunda\/wp-content\/uploads\/2021\/05\/PadelTorneo-724x1024.jpg\" alt=\"\" class=\"wp-image-132395\" srcset=\"https:\/\/tucomarca.whitekongsoftware.com\/wp-content\/uploads\/2021\/05\/PadelTorneo-724x1024.jpg 724w, https:\/\/tucomarca.whitekongsoftware.com\/wp-content\/uploads\/2021\/05\/PadelTorneo-212x300.jpg 212w, https:\/\/tucomarca.whitekongsoftware.com\/wp-content\/uploads\/2021\/05\/PadelTorneo-768x1086.jpg 768w, https:\/\/tucomarca.whitekongsoftware.com\/wp-content\/uploads\/2021\/05\/PadelTorneo-1086x1536.jpg 1086w, https:\/\/tucomarca.whitekongsoftware.com\/wp-content\/uploads\/2021\/05\/PadelTorneo-1448x2048.jpg 1448w, https:\/\/tucomarca.whitekongsoftware.com\/wp-content\/uploads\/2021\/05\/PadelTorneo-scaled.jpg 1810w\" sizes=\"auto, (max-width: 724px) 100vw, 724px\" \/><\/figure>\n","protected":false},"excerpt":{"rendered":"<div class=\"mh-excerpt\">Fins al 9 de maig poden apuntar-se els interessats a participar en aquest torneig, que arribar\u00e0 fins a mitjan juliol. El preu per participar \u00e9s de 30 euros El Club P\u00e1del Bu\u00f1ol organiza el Torneo <a class=\"mh-excerpt-more\" href=\"https:\/\/tucomarca.whitekongsoftware.com\/ca\/el-club-padel-bunyol-arranca-el-proxim-15-de-maig-el-torneig-primavera-estiu-en-les-installacions-municipals-del-planell\/\" title=\"El Club P\u00e0del Bunyol arranca el pr\u00f2xim 15 de maig el Torneig Primavera-Estiu en les instal\u00b7lacions municipals del Planell\">[+] <\/a><\/div>\n","protected":false},"author":1,"featured_media":132395,"comment_status":"open","ping_status":"open","sticky":false,"template":"","format":"standard","meta":{"footnotes":""},"categories":[10911,11003,10912,11009,10896],"tags":[10913,11074,10914,14067],"class_list":["post-132391","post","type-post","status-publish","format-standard","has-post-thumbnail","category-bunol-ca","category-sports","category-la-hoya-ca","category-polideportivo-ca","category-seccion-ca","tag-bunol-ca","tag-deportes-ca","tag-la-hoya-de-bunol-chiva-ca","tag-padel-ca"],"_links":{"self":[{"href":"https:\/\/tucomarca.whitekongsoftware.com\/ca\/wp-json\/wp\/v2\/posts\/132391","targetHints":{"allow":["GET"]}}],"collection":[{"href":"https:\/\/tucomarca.whitekongsoftware.com\/ca\/wp-json\/wp\/v2\/posts"}],"about":[{"href":"https:\/\/tucomarca.whitekongsoftware.com\/ca\/wp-json\/wp\/v2\/types\/post"}],"author":[{"embeddable":true,"href":"https:\/\/tucomarca.whitekongsoftware.com\/ca\/wp-json\/wp\/v2\/users\/1"}],"replies":[{"embeddable":true,"href":"https:\/\/tucomarca.whitekongsoftware.com\/ca\/wp-json\/wp\/v2\/comments?post=132391"}],"version-history":[{"count":0,"href":"https:\/\/tucomarca.whitekongsoftware.com\/ca\/wp-json\/wp\/v2\/posts\/132391\/revisions"}],"wp:featuredmedia":[{"embeddable":true,"href":"https:\/\/tucomarca.whitekongsoftware.com\/ca\/wp-json\/wp\/v2\/media\/132395"}],"wp:attachment":[{"href":"https:\/\/tucomarca.whitekongsoftware.com\/ca\/wp-json\/wp\/v2\/media?parent=132391"}],"wp:term":[{"taxonomy":"category","embeddable":true,"href":"https:\/\/tucomarca.whitekongsoftware.com\/ca\/wp-json\/wp\/v2\/categories?post=132391"},{"taxonomy":"post_tag","embeddable":true,"href":"https:\/\/tucomarca.whitekongsoftware.com\/ca\/wp-json\/wp\/v2\/tags?post=132391"}],"curies":[{"name":"wp","href":"https:\/\/api.w.org\/{rel}","templated":true}]}}