{"id":132363,"date":"2021-05-06T13:00:00","date_gmt":"2021-05-06T12:00:00","guid":{"rendered":"http:\/\/www.tucomarca.com\/wordpress\/segunda\/?p=132363"},"modified":"2021-05-06T13:58:43","modified_gmt":"2021-05-06T12:58:43","slug":"livaj-en-collaboracio-amb-lajuntament-de-millars-realitzara-a-lagost-un-nou-camp-de-voluntariat-arqueologic","status":"publish","type":"post","link":"https:\/\/tucomarca.whitekongsoftware.com\/ca\/livaj-en-collaboracio-amb-lajuntament-de-millars-realitzara-a-lagost-un-nou-camp-de-voluntariat-arqueologic\/","title":{"rendered":"L&#8217;IVAJ, en col\u00b7laboraci\u00f3 amb l&#8217;Ajuntament de Millars, realitzar\u00e0 a l&#8217;agost un nou camp de voluntariat arque\u00f3logic"},"content":{"rendered":"\n<p class=\"wp-block-paragraph\"><strong>L&#8217;espai on es realitzaran aquestes excavacions ser\u00e0 el Castillet de Millares, fortalesa isl\u00e0mica que va ser catalogada B\u00e9 d&#8217;Inter\u00e9s Cultural.<\/strong><\/p>\n\n\n\n<p class=\"wp-block-paragraph\"><strong>Aquest camp est\u00e0 orientat per a persones de 18 a 30 anys, comptar\u00e0 amb 20 places i ser\u00e0 de l&#8217;1 al 15 d&#8217;agost de 2021.<\/strong><\/p>\n\n\n\n<p class=\"wp-block-paragraph\">El campo de voluntariado arqueol\u00f3gico est\u00e1 organizado por el Institut Valenci\u00e0 de la Joventut (IVAJ), en colaboraci\u00f3n con el Ayuntamiento de Millares, como los dos campos que se realizaron ya en 2019. Ya que el que estaba concedido en 2020 a\u00f1o tuvo que anularse por la pandemia.<\/p>\n\n\n\n<p class=\"wp-block-paragraph\">El alcalde de Millares, Ricardo P\u00e9rez, ha incidido en que este campo es &#8220;muy importante porque ayuda a dinamizar la actividad cultural, social y econ\u00f3mica del municipio, adem\u00e1s de que permite actuar en nuestros recursos patrimoniales, para protegerlos y ponerlos en valor&#8221;.<\/p>\n\n\n\n<p class=\"wp-block-paragraph\">&#8220;La actividad fundamental es la excavaci\u00f3n en el Castillet de Millares, fortaleza isl\u00e1mica que fue catalogada como Bien de Inter\u00e9s Cultural, as\u00ed como las actividades que tengan como foco central la historia y el medio ambiente, en las cuales tambi\u00e9n se pretende fomentar la participaci\u00f3n activa de habitantes del municipio&#8221;, ha finalizado Ricardo P\u00e9rez.<\/p>\n\n\n\n<p class=\"wp-block-paragraph\"><strong>Actividades complementarias<\/strong><\/p>\n\n\n\n<p class=\"wp-block-paragraph\">Se trabajar\u00e1, de lunes a viernes, de 8,00 a 13,30 horas, con un descanso de media hora para almorzar.<\/p>\n\n\n\n<p class=\"wp-block-paragraph\">Se realizar\u00e1n adem\u00e1s una serie de actividades complementarias tales como:<\/p>\n\n\n\n<ul class=\"wp-block-list\"><li>Excursions, visitas culturales y charlas.<\/li><li>Estudio, planificaci\u00f3n y apertura de un sendero local.<\/li><li>Talleres y actividades formativas y de animaci\u00f3n.<\/li><li>Familias que invitan para intercambiar ideas del pueblo y conocer la poblaci\u00f3n de Millares.<\/li><li>Rutas nocturnas, cine nocturno y encuentros literarios.<\/li><li>Din\u00e1micas de grupo, actividades deportivas y juegos.<\/li><li>Estas actividades ser\u00e1n coordinadas por un equipo formado por profesionales de la animaci\u00f3n, bajo la responsabilidad del IVAJ, que convivir\u00e1n y participar\u00e1n del campo. El equipo de animaci\u00f3n propondr\u00e1 al grupo actividades culturales y de animaci\u00f3n adaptadas a las&nbsp; caracter\u00edsticas del entorno y de los participantes, que se desarrollaron durante las tardes y los fines de semana.<\/li><\/ul>\n\n\n\n<p class=\"wp-block-paragraph\"><strong>Alojamiento<\/strong><\/p>\n\n\n\n<p class=\"wp-block-paragraph\">El alojamiento se har\u00e1 en el Albergue de Millares. El municipio dispone de instalaciones deportivas para practicar una amplia variedad de deportes, as\u00ed como de una piscina donde refrescarse en el tiempo libre.<\/p>\n\n\n\n<p class=\"wp-block-paragraph\"><strong>Para m\u00e1s informaci\u00f3:&nbsp;<\/strong><\/p>\n\n\n\n<p class=\"wp-block-paragraph\">IVAJ: C\/ Col\u00f3n, no 60, 7.\u00aa planta. Val\u00e8ncia | 963 108 570 | 963 108 584 | 963 108 574 | 963 108 557 . www.ivaj.gva.es | voluntariado_ivaj@gva.es&nbsp;<\/p>\n\n\n\n<p class=\"wp-block-paragraph\">Ayuntamiento de Millares 96 251 90 00. |www.ayuntamientomillares.es<\/p>\n","protected":false},"excerpt":{"rendered":"<div class=\"mh-excerpt\">L&#8217;espai on es realitzaran aquestes excavacions ser\u00e0 el Castillet de Millares, fortalesa isl\u00e0mica que va ser catalogada B\u00e9 d&#8217;Inter\u00e9s Cultural. Aquest camp est\u00e0 orientat per a persones de 18 a 30 anys, comptar\u00e0 amb 20 <a class=\"mh-excerpt-more\" href=\"https:\/\/tucomarca.whitekongsoftware.com\/ca\/livaj-en-collaboracio-amb-lajuntament-de-millars-realitzara-a-lagost-un-nou-camp-de-voluntariat-arqueologic\/\" title=\"L&#8217;IVAJ, en col\u00b7laboraci\u00f3 amb l&#8217;Ajuntament de Millars, realitzar\u00e0 a l&#8217;agost un nou camp de voluntariat arque\u00f3logic\">[+] <\/a><\/div>\n","protected":false},"author":12,"featured_media":132365,"comment_status":"open","ping_status":"open","sticky":false,"template":"","format":"standard","meta":{"footnotes":""},"categories":[11019,10898,10948,10963,10894,10912,10970,11007,10896],"tags":[14535,11726,11094,11186,14536],"class_list":["post-132363","post","type-post","status-publish","format-standard","has-post-thumbnail","category-agenda-ca","category-ventana-ca","category-infraestructuras-ca","category-la-canal-de-navarres-ca","category-la-comarca-ca","category-la-hoya-ca","category-millares-ca","category-ocio-y-cultura-ca","category-seccion-ca","tag-el-castillet-de-millares-ca","tag-ivaj-ca","tag-la-canal-de-navarres","tag-millares-ca","tag-voluntariado-arqueologico-ca"],"_links":{"self":[{"href":"https:\/\/tucomarca.whitekongsoftware.com\/ca\/wp-json\/wp\/v2\/posts\/132363","targetHints":{"allow":["GET"]}}],"collection":[{"href":"https:\/\/tucomarca.whitekongsoftware.com\/ca\/wp-json\/wp\/v2\/posts"}],"about":[{"href":"https:\/\/tucomarca.whitekongsoftware.com\/ca\/wp-json\/wp\/v2\/types\/post"}],"author":[{"embeddable":true,"href":"https:\/\/tucomarca.whitekongsoftware.com\/ca\/wp-json\/wp\/v2\/users\/12"}],"replies":[{"embeddable":true,"href":"https:\/\/tucomarca.whitekongsoftware.com\/ca\/wp-json\/wp\/v2\/comments?post=132363"}],"version-history":[{"count":0,"href":"https:\/\/tucomarca.whitekongsoftware.com\/ca\/wp-json\/wp\/v2\/posts\/132363\/revisions"}],"wp:featuredmedia":[{"embeddable":true,"href":"https:\/\/tucomarca.whitekongsoftware.com\/ca\/wp-json\/wp\/v2\/media\/132365"}],"wp:attachment":[{"href":"https:\/\/tucomarca.whitekongsoftware.com\/ca\/wp-json\/wp\/v2\/media?parent=132363"}],"wp:term":[{"taxonomy":"category","embeddable":true,"href":"https:\/\/tucomarca.whitekongsoftware.com\/ca\/wp-json\/wp\/v2\/categories?post=132363"},{"taxonomy":"post_tag","embeddable":true,"href":"https:\/\/tucomarca.whitekongsoftware.com\/ca\/wp-json\/wp\/v2\/tags?post=132363"}],"curies":[{"name":"wp","href":"https:\/\/api.w.org\/{rel}","templated":true}]}}