{"id":132341,"date":"2021-05-05T23:00:00","date_gmt":"2021-05-05T22:00:00","guid":{"rendered":"http:\/\/www.tucomarca.com\/wordpress\/segunda\/?p=132341"},"modified":"2021-05-06T18:39:28","modified_gmt":"2021-05-06T17:39:28","slug":"el-pp-de-camp-de-turia-es-reuneix-a-madrid-amb-diputats-nacionals-per-a-elaborar-una-pnl-que-reivindique-davant-el-govern-despanya-la-finalitzacio-de-la-cv-50","status":"publish","type":"post","link":"https:\/\/tucomarca.whitekongsoftware.com\/ca\/el-pp-de-camp-de-turia-es-reuneix-a-madrid-amb-diputats-nacionals-per-a-elaborar-una-pnl-que-reivindique-davant-el-govern-despanya-la-finalitzacio-de-la-cv-50\/","title":{"rendered":"El PP de Camp de T\u00faria es reuneix a Madrid amb diputats nacionals per a elaborar una PNL que reivindique davant el Govern d&#8217;Espanya la finalitzaci\u00f3 de la CV-50"},"content":{"rendered":"\n<h4 class=\"wp-block-heading\">La reuni\u00f3 mantinguda a Madrid pels regidors populars ha volgut posar de manifest la import\u00e0ncia d&#8217;aquesta infraestructura per a la Comarca.<\/h4>\n\n\n\n<h4 class=\"wp-block-heading\">El Grup Comarcal Popular ha aconseguit el comprom\u00eds dels diputats d&#8217;elaborar una PNL per a aconseguir inversions a trav\u00e9s dels Fons NEXT per a la finalitzar la CV-50.<\/h4>\n\n\n\n<p class=\"wp-block-paragraph\">05 maig. 21.- Els portaveus del Grup Comarcal Popular de Camp de T\u00faria han mantingut una reuni\u00f3 amb els diputats nacionals Vicente Betoret i Oscar Clavell en el Congr\u00e9s dels Diputats per a plantejar les necessitats de la comarca i per a treballar en l&#8217;elaboraci\u00f3 d&#8217;una PNL que inste el Govern d&#8217;Espanya a dotar una part dels fons de recuperaci\u00f3 NEXT a trav\u00e9s de la signatura un conveni amb la Generalitat Valenciana per a finalitzar l&#8217;obra que porta paralitzada des de l&#8217;any 2015.<\/p>\n\n\n\n<p class=\"wp-block-paragraph\">Necessitat fonamental per al rellan\u00e7ament de Camp de T\u00faria<\/p>\n\n\n\n<p class=\"wp-block-paragraph\">La reuni\u00f3 ha servit per a expressar aquelles necessitats fonamentals per a la comarca de Camp de T\u00faria com la posada en marxa del transport comarcal, el desdoblament de les vies en la L\u00ednia 2 de MetroValencia, obres hidr\u00edcas, la descatalogaci\u00f3 del BIC de la Muralla de Benaguasil i la finalitzaci\u00f3 de la CV-50.<\/p>\n\n\n\n<p class=\"wp-block-paragraph\">H\u00e9ctor Troyano, Manuel P\u00e9rez i Stephane Soriano han pogut explicar en primera persona als diputats la necessitat de finalitzar la CV-50 per a convertir en motor econ\u00f2mic a Camp de T\u00faria dins de la prov\u00edncia de Val\u00e8ncia.<\/p>\n\n\n\n<p class=\"wp-block-paragraph\">En paraules dels portaveus comarcals: \u201cla nostra comarca no pot perdre l&#8217;oportunitat d&#8217;arribar a un acord entre el Govern d&#8217;Espanya i la Generalitat Valenciana a trav\u00e9s d&#8217;una xicoteta part dels 140.000 milions d&#8217;euros que rebrem d&#8217;Europa i que han sigut a anunciats pel President del Govern Pedro S\u00e1nchez\u201d.<\/p>\n\n\n\n<p class=\"wp-block-paragraph\"><\/p>\n","protected":false},"excerpt":{"rendered":"<div class=\"mh-excerpt\">La reuni\u00f3 mantinguda a Madrid pels regidors populars ha volgut posar de manifest la import\u00e0ncia d&#8217;aquesta infraestructura per a la Comarca. El Grup Comarcal Popular ha aconseguit el comprom\u00eds dels diputats d&#8217;elaborar una PNL per <a class=\"mh-excerpt-more\" href=\"https:\/\/tucomarca.whitekongsoftware.com\/ca\/el-pp-de-camp-de-turia-es-reuneix-a-madrid-amb-diputats-nacionals-per-a-elaborar-una-pnl-que-reivindique-davant-el-govern-despanya-la-finalitzacio-de-la-cv-50\/\" title=\"El PP de Camp de T\u00faria es reuneix a Madrid amb diputats nacionals per a elaborar una PNL que reivindique davant el Govern d&#8217;Espanya la finalitzaci\u00f3 de la CV-50\">[+] <\/a><\/div>\n","protected":false},"author":12,"featured_media":132337,"comment_status":"open","ping_status":"open","sticky":false,"template":"","format":"standard","meta":{"footnotes":""},"categories":[10952,10938,10937,10892,10930,10929,10948,10894,10915,10928,10931,10893,10932,10936,10935,10947,10906,10934,10896,10933,10927],"tags":[10899,12537,14219],"class_list":["post-132341","post","type-post","status-publish","format-standard","has-post-thumbnail","category-benaguasil-ca","category-benisano-ca","category-betera-ca","category-camp-de-turia-ca","category-casinos-ca","category-gatova-ca","category-infraestructuras-ca","category-la-comarca-ca","category-la-pobla-ca","category-lliria-ca","category-loriguilla-ca","category-leliana-ca","category-marines-ca","category-naquera-ca","category-olocau-ca","category-politica","category-riba-roja-ca","category-san-antonio-de-benageber-ca","category-seccion-ca","category-serra-ca","category-vilamarxant-ca","tag-camp-de-turia-ca","tag-cv-50-ca","tag-pp-camp-de-turia-ca"],"_links":{"self":[{"href":"https:\/\/tucomarca.whitekongsoftware.com\/ca\/wp-json\/wp\/v2\/posts\/132341","targetHints":{"allow":["GET"]}}],"collection":[{"href":"https:\/\/tucomarca.whitekongsoftware.com\/ca\/wp-json\/wp\/v2\/posts"}],"about":[{"href":"https:\/\/tucomarca.whitekongsoftware.com\/ca\/wp-json\/wp\/v2\/types\/post"}],"author":[{"embeddable":true,"href":"https:\/\/tucomarca.whitekongsoftware.com\/ca\/wp-json\/wp\/v2\/users\/12"}],"replies":[{"embeddable":true,"href":"https:\/\/tucomarca.whitekongsoftware.com\/ca\/wp-json\/wp\/v2\/comments?post=132341"}],"version-history":[{"count":0,"href":"https:\/\/tucomarca.whitekongsoftware.com\/ca\/wp-json\/wp\/v2\/posts\/132341\/revisions"}],"wp:featuredmedia":[{"embeddable":true,"href":"https:\/\/tucomarca.whitekongsoftware.com\/ca\/wp-json\/wp\/v2\/media\/132337"}],"wp:attachment":[{"href":"https:\/\/tucomarca.whitekongsoftware.com\/ca\/wp-json\/wp\/v2\/media?parent=132341"}],"wp:term":[{"taxonomy":"category","embeddable":true,"href":"https:\/\/tucomarca.whitekongsoftware.com\/ca\/wp-json\/wp\/v2\/categories?post=132341"},{"taxonomy":"post_tag","embeddable":true,"href":"https:\/\/tucomarca.whitekongsoftware.com\/ca\/wp-json\/wp\/v2\/tags?post=132341"}],"curies":[{"name":"wp","href":"https:\/\/api.w.org\/{rel}","templated":true}]}}