{"id":132319,"date":"2021-05-05T20:00:00","date_gmt":"2021-05-05T19:00:00","guid":{"rendered":"http:\/\/www.tucomarca.com\/wordpress\/segunda\/?p=132319"},"modified":"2021-05-06T18:42:13","modified_gmt":"2021-05-06T17:42:13","slug":"convocatoria-de-ple-extraordinari-en-sant-antoni-de-benaixeve","status":"publish","type":"post","link":"https:\/\/tucomarca.whitekongsoftware.com\/ca\/convocatoria-de-ple-extraordinari-en-sant-antoni-de-benaixeve\/","title":{"rendered":"Convocat\u00f2ria de ple extraordinari en Sant Antoni de Benaixeve"},"content":{"rendered":"\n<h4 class=\"wp-block-heading\">Es preveu l&#8217;aprovaci\u00f3 de diversos punts d&#8217;especial rellev\u00e0ncia per al municipi, relatius a la futura Casa de la Cultura, l&#8217;enllumenat p\u00fablic i la piscina municipal<\/h4>\n\n\n\n<p class=\"wp-block-paragraph\">Dem\u00e0 divendres 7 de maig, a les 14:00h es convoca un ple extraordinari de Sant Antoni de Benaixeve on es preveu l&#8217;aprovaci\u00f3 de diversos punts d&#8217;especial rellev\u00e0ncia per al municipi.<\/p>\n\n\n\n<p class=\"wp-block-paragraph\">El primer d&#8217;ells ser\u00e0 el relatiu a l&#8217;alienaci\u00f3 de diverses parcel\u00b7les situades en la zona de Montesano per part de l&#8217;Ajuntament, per un valor d&#8217;aproximadament 1.388.000 euros. Estos fons es destinaran a la construcci\u00f3 de la futura Casa de la Cultura del municipi al costat del CEIP 8 d&#8217;abril, entre l&#8217;Avinguda Huit d&#8217;abril i el carrer Fotja.<\/p>\n\n\n\n<p class=\"wp-block-paragraph\">En segon lloc, es preveu aprovar l&#8217;adjudicaci\u00f3 del servei de manteniment d&#8217;enllumenat p\u00fablic, un contracte amb una duraci\u00f3 de 15 anys per un import de 3.700.000 euros, en qu\u00e8 s&#8217;inclou una inversi\u00f3 de 700.000 euros en infraestructures i el canvi de tota la llumin\u00e0ria de sodi per llums led. Aquesta nova instal\u00b7laci\u00f3 permetr\u00e0 reduir el consum energ\u00e8tic entre un 40% i un 60%, oferint un servei m\u00e9s sostenible i de r\u00e0pida resposta davant les avaries, gr\u00e0cies a un sistema de telecontrol que permetr\u00e0 la seua detecci\u00f3.<\/p>\n\n\n\n<p class=\"wp-block-paragraph\">El tercer punt de l&#8217;ordre del dia se centrar\u00e0 en la piscina municipal. S\u2019informar\u00e0 en el ple de l&#8217;inici dels tr\u00e0mits administratius per a licitar la concessi\u00f3 dels serveis, aix\u00ed com de les obres de condicionament de les instal\u00b7lacions.<\/p>\n\n\n\n<p class=\"wp-block-paragraph\"><\/p>\n","protected":false},"excerpt":{"rendered":"<div class=\"mh-excerpt\">Es preveu l&#8217;aprovaci\u00f3 de diversos punts d&#8217;especial rellev\u00e0ncia per al municipi, relatius a la futura Casa de la Cultura, l&#8217;enllumenat p\u00fablic i la piscina municipal Dem\u00e0 divendres 7 de maig, a les 14:00h es convoca <a class=\"mh-excerpt-more\" href=\"https:\/\/tucomarca.whitekongsoftware.com\/ca\/convocatoria-de-ple-extraordinari-en-sant-antoni-de-benaixeve\/\" title=\"Convocat\u00f2ria de ple extraordinari en Sant Antoni de Benaixeve\">[+] <\/a><\/div>\n","protected":false},"author":12,"featured_media":130006,"comment_status":"open","ping_status":"open","sticky":false,"template":"","format":"standard","meta":{"footnotes":""},"categories":[10892,10894,10947,10934,10896],"tags":[10899,14532,11147],"class_list":["post-132319","post","type-post","status-publish","format-standard","has-post-thumbnail","category-camp-de-turia-ca","category-la-comarca-ca","category-politica","category-san-antonio-de-benageber-ca","category-seccion-ca","tag-camp-de-turia-ca","tag-pleno-extraordinario-ca","tag-san-antoni-de-benageber"],"_links":{"self":[{"href":"https:\/\/tucomarca.whitekongsoftware.com\/ca\/wp-json\/wp\/v2\/posts\/132319","targetHints":{"allow":["GET"]}}],"collection":[{"href":"https:\/\/tucomarca.whitekongsoftware.com\/ca\/wp-json\/wp\/v2\/posts"}],"about":[{"href":"https:\/\/tucomarca.whitekongsoftware.com\/ca\/wp-json\/wp\/v2\/types\/post"}],"author":[{"embeddable":true,"href":"https:\/\/tucomarca.whitekongsoftware.com\/ca\/wp-json\/wp\/v2\/users\/12"}],"replies":[{"embeddable":true,"href":"https:\/\/tucomarca.whitekongsoftware.com\/ca\/wp-json\/wp\/v2\/comments?post=132319"}],"version-history":[{"count":0,"href":"https:\/\/tucomarca.whitekongsoftware.com\/ca\/wp-json\/wp\/v2\/posts\/132319\/revisions"}],"wp:featuredmedia":[{"embeddable":true,"href":"https:\/\/tucomarca.whitekongsoftware.com\/ca\/wp-json\/wp\/v2\/media\/130006"}],"wp:attachment":[{"href":"https:\/\/tucomarca.whitekongsoftware.com\/ca\/wp-json\/wp\/v2\/media?parent=132319"}],"wp:term":[{"taxonomy":"category","embeddable":true,"href":"https:\/\/tucomarca.whitekongsoftware.com\/ca\/wp-json\/wp\/v2\/categories?post=132319"},{"taxonomy":"post_tag","embeddable":true,"href":"https:\/\/tucomarca.whitekongsoftware.com\/ca\/wp-json\/wp\/v2\/tags?post=132319"}],"curies":[{"name":"wp","href":"https:\/\/api.w.org\/{rel}","templated":true}]}}