{"id":132210,"date":"2021-05-03T23:00:00","date_gmt":"2021-05-03T22:00:00","guid":{"rendered":"http:\/\/www.tucomarca.com\/wordpress\/segunda\/?p=132210"},"modified":"2021-05-04T12:19:24","modified_gmt":"2021-05-04T11:19:24","slug":"la-policia-local-de-sant-antoni-de-benaixeve-compta-amb-una-nova-installacio-de-cameres-de-videovigilancia","status":"publish","type":"post","link":"https:\/\/tucomarca.whitekongsoftware.com\/ca\/la-policia-local-de-sant-antoni-de-benaixeve-compta-amb-una-nova-installacio-de-cameres-de-videovigilancia\/","title":{"rendered":"La Policia Local de Sant Antoni de Benaixeve compta amb una nova instal\u00b7laci\u00f3 de c\u00e0meres de videovigil\u00e0ncia"},"content":{"rendered":"\n<h4 class=\"wp-block-heading\">La instal\u00b7laci\u00f3 refor\u00e7a el control sobre el tr\u00e0nsit rodat i garanteix alhora la seguretat ciutadana<\/h4>\n\n\n\n<h4 class=\"wp-block-heading\">El sistema es beneficia d&#8217;una nova infraestructura d&#8217;internet i es complementar\u00e0 amb un software de detecci\u00f3 de matr\u00edcules<\/h4>\n\n\n\n<p class=\"wp-block-paragraph\">L&#8217;Ajuntament de Sant Antoni de Benaixeve ha dotat la Policia Local amb una nova instal\u00b7laci\u00f3 de c\u00e0meres de videovigil\u00e0ncia per a refor\u00e7ar el control del tr\u00e0nsit rodat i la seguretat vi\u00e0ria del municipi. Les c\u00e0meres, que es troben en les principals entrades i eixides de Sant Antoni, van directament connectades a un monitor situat en les depend\u00e8ncies de la policia, que t\u00e9 acc\u00e9s les 24 hores del dia a estes imatges.<\/p>\n\n\n\n<p class=\"wp-block-paragraph\">La instal\u00b7laci\u00f3 serveix alhora per a garantir la seguretat ciutadana, en permetre als agents detectar i registrar successos o irregularitats que es produeixen al municipi. En aquest sentit, s&#8217;han convertit en una eina essencial per a solucionar delictes greus, un treball que moltes vegades es desenvolupa en col\u00b7laboraci\u00f3 amb altres cossos de seguretat de l&#8217;Estat.<\/p>\n\n\n\n<p class=\"wp-block-paragraph\">Les imatges gravades queden en mans de la policia durant 30 dies, de manera que qualsevol persona o entitat que es veja afectada per un delicte pot sol\u00b7licitar als agents comptar amb aquest recurs per interposar una den\u00fancia.<\/p>\n\n\n\n<p class=\"wp-block-paragraph\">A m\u00e9s, el sistema es beneficia d&#8217;una altra nova infraestructura d&#8217;internet instal\u00b7lada recentment al municipi, a trav\u00e9s de la regidoria de Noves Tecnologies. En paraules de la regidora de l&#8217;\u00e0rea, Carla Sierra, \u201cesta infraestructura ha sigut possible gr\u00e0cies a la subvenci\u00f3 Wifi4EU de la Uni\u00f3 Europea.\u201d \u201cAquesta instal\u00b7laci\u00f3 d&#8217;internet molt prompte estar\u00e0 habilitada per a \u00fas general, tant en les depend\u00e8ncies municipals com en la via p\u00fablica, i assegurar\u00e0 una molt bona connexi\u00f3 de Wifi en tot el municipi\u201d ha afegit l&#8217;edil.<\/p>\n\n\n\n<p class=\"wp-block-paragraph\">Per part seua, l&#8217;alcalde i regidor de Seguretat Ciutadana, Quique Santafosta, ha assenyalat que \u201cpr\u00f2ximament, la instal\u00b7laci\u00f3 de c\u00e0meres de videovigil\u00e0ncia es complementar\u00e0 amb un software de detecci\u00f3 de matr\u00edcules, que enviar\u00e0 alertes als agents municipals sobre matr\u00edcules sospitoses\u201d.<\/p>\n","protected":false},"excerpt":{"rendered":"<div class=\"mh-excerpt\">La instal\u00b7laci\u00f3 refor\u00e7a el control sobre el tr\u00e0nsit rodat i garanteix alhora la seguretat ciutadana El sistema es beneficia d&#8217;una nova infraestructura d&#8217;internet i es complementar\u00e0 amb un software de detecci\u00f3 de matr\u00edcules L&#8217;Ajuntament de <a class=\"mh-excerpt-more\" href=\"https:\/\/tucomarca.whitekongsoftware.com\/ca\/la-policia-local-de-sant-antoni-de-benaixeve-compta-amb-una-nova-installacio-de-cameres-de-videovigilancia\/\" title=\"La Policia Local de Sant Antoni de Benaixeve compta amb una nova instal\u00b7laci\u00f3 de c\u00e0meres de videovigil\u00e0ncia\">[+] <\/a><\/div>\n","protected":false},"author":1,"featured_media":132208,"comment_status":"open","ping_status":"open","sticky":false,"template":"","format":"standard","meta":{"footnotes":""},"categories":[10892,10948,10894,10947,10934,10896,10897],"tags":[10899,11147],"class_list":["post-132210","post","type-post","status-publish","format-standard","has-post-thumbnail","category-camp-de-turia-ca","category-infraestructuras-ca","category-la-comarca-ca","category-politica","category-san-antonio-de-benageber-ca","category-seccion-ca","category-sucesos-la-comarca-ca","tag-camp-de-turia-ca","tag-san-antoni-de-benageber"],"_links":{"self":[{"href":"https:\/\/tucomarca.whitekongsoftware.com\/ca\/wp-json\/wp\/v2\/posts\/132210","targetHints":{"allow":["GET"]}}],"collection":[{"href":"https:\/\/tucomarca.whitekongsoftware.com\/ca\/wp-json\/wp\/v2\/posts"}],"about":[{"href":"https:\/\/tucomarca.whitekongsoftware.com\/ca\/wp-json\/wp\/v2\/types\/post"}],"author":[{"embeddable":true,"href":"https:\/\/tucomarca.whitekongsoftware.com\/ca\/wp-json\/wp\/v2\/users\/1"}],"replies":[{"embeddable":true,"href":"https:\/\/tucomarca.whitekongsoftware.com\/ca\/wp-json\/wp\/v2\/comments?post=132210"}],"version-history":[{"count":0,"href":"https:\/\/tucomarca.whitekongsoftware.com\/ca\/wp-json\/wp\/v2\/posts\/132210\/revisions"}],"wp:featuredmedia":[{"embeddable":true,"href":"https:\/\/tucomarca.whitekongsoftware.com\/ca\/wp-json\/wp\/v2\/media\/132208"}],"wp:attachment":[{"href":"https:\/\/tucomarca.whitekongsoftware.com\/ca\/wp-json\/wp\/v2\/media?parent=132210"}],"wp:term":[{"taxonomy":"category","embeddable":true,"href":"https:\/\/tucomarca.whitekongsoftware.com\/ca\/wp-json\/wp\/v2\/categories?post=132210"},{"taxonomy":"post_tag","embeddable":true,"href":"https:\/\/tucomarca.whitekongsoftware.com\/ca\/wp-json\/wp\/v2\/tags?post=132210"}],"curies":[{"name":"wp","href":"https:\/\/api.w.org\/{rel}","templated":true}]}}