{"id":132192,"date":"2021-05-04T09:30:00","date_gmt":"2021-05-04T08:30:00","guid":{"rendered":"http:\/\/www.tucomarca.com\/wordpress\/segunda\/?p=132192"},"modified":"2021-05-04T12:37:02","modified_gmt":"2021-05-04T11:37:02","slug":"la-federacio-valenciana-de-municipis-i-provincies-premia-el-projecte-cultural-graffitea-cheste","status":"publish","type":"post","link":"https:\/\/tucomarca.whitekongsoftware.com\/ca\/la-federacio-valenciana-de-municipis-i-provincies-premia-el-projecte-cultural-graffitea-cheste\/","title":{"rendered":"La Federaci\u00f3 Valenciana de Municipis i Prov\u00edncies premia el projecte cultural Graffitea Cheste"},"content":{"rendered":"\n<p class=\"wp-block-paragraph\">Divendres passat, 30 d&#8217;abril, la Federaci\u00f3 Valenciana de Municipis i Prov\u00edncies (FVMP) va atorgar el Premi al Bon Govern de Cultura i normalitzaci\u00f3 ling\u00fc\u00edstica al Festival de Street Art Graffitea Cheste en un acte celebrat en el Centre del Carmen de Cultura Contempor\u00e0nia (Val\u00e8ncia) al qual, a causa de la pand\u00e8mia, van assistir \u00fanicament representants dels ajuntaments premiats.&nbsp;<\/p>\n\n\n\n<p class=\"wp-block-paragraph\">L&#8217;esdeveniment va comptar amb la pres\u00e8ncia del secretari auton\u00f2mic de Participaci\u00f3 i Transpar\u00e8ncia, Antonio Llorente; el director general d&#8217;Administraci\u00f3 Local, Toni Such; el director territorial de la Presid\u00e8ncia de la Generalitat, Paco Molina; la vicepresidenta de la Diputaci\u00f3 de Val\u00e8ncia, Maria Josep Amig\u00f3; el vicepresident de la FVMP i alcalde d&#8217;Alzira, Diego G\u00f3mez, i el secretari general de la FVMP, Vicent Gil.<\/p>\n\n\n\n<p class=\"wp-block-paragraph\">La regidora de Cultura de l&#8217;Ajuntament de Cheste, M\u00aa \u00c1ngeles Llorente, va recollir el guard\u00f3 i va dedicar unes paraules d&#8217;agra\u00efment a la Federaci\u00f3 per premiar projectes municipals que promouen la qualitat de les pol\u00edtiques p\u00fabliques a nivell local, en diferents \u00e0mbits d&#8217;actuaci\u00f3. \u201cVaja per davant el meu reconeixement a la important\u00edssima labor que des d&#8217;aquesta instituci\u00f3 es realitza per a fomentar el municipalisme, primer i principal baluard de la democr\u00e0cia participativa\u201d, va afirmar. \u201cL&#8217;educaci\u00f3 i la cultura s\u00f3n essencials per a la democr\u00e0cia i amb l&#8217;art urb\u00e0 es fa ress\u00f2 de la cultura del carrer, sense elitismes ni exclusions; \u00e9s un honor rebre aquest premi i fer-lo precisament en aquest espai cultural, testimoni de tants segles d&#8217;hist\u00f2ria, art i cultura\u201d.&nbsp;<\/p>\n\n\n\n<p class=\"wp-block-paragraph\">Concretament, la FVMP ha premiat el projecte de l&#8217;edici\u00f3 2020 de Graffitea Cheste, que celebrava la seua cinquena edici\u00f3 enmig de la pand\u00e8mia, sumant onze manifestacions art\u00edstiques de gran qualitat a l&#8217;itinerari mural\u00edstico en la localitat, que ja compta amb m\u00e9s de 80 intervencions distribu\u00efdes per fa\u00e7anes d&#8217;espais p\u00fablics i privats. A m\u00e9s, com a novetat, en aquesta cinquena edici\u00f3 el festival va incloure la iniciativa Feminist-Art 2, una trobada entre dones artistes que van posar en valor el seu paper en el m\u00f3n de l&#8217;art urb\u00e0.<\/p>\n\n\n\n<figure class=\"wp-block-gallery columns-3 is-cropped wp-block-gallery-1 is-layout-flex wp-block-gallery-is-layout-flex\"><ul class=\"blocks-gallery-grid\"><li class=\"blocks-gallery-item\"><figure><img loading=\"lazy\" decoding=\"async\" width=\"787\" height=\"560\" src=\"http:\/\/www.tucomarca.com\/wordpress\/segunda\/wp-content\/uploads\/2021\/05\/PremioFVMP_Graffitea1.jpg\" alt=\"\" data-id=\"132183\" data-full-url=\"http:\/\/www.tucomarca.com\/wordpress\/segunda\/wp-content\/uploads\/2021\/05\/PremioFVMP_Graffitea1.jpg\" data-link=\"http:\/\/www.tucomarca.com\/wordpress\/segunda\/?attachment_id=132183\" class=\"wp-image-132183\" srcset=\"https:\/\/tucomarca.whitekongsoftware.com\/wp-content\/uploads\/2021\/05\/PremioFVMP_Graffitea1.jpg 787w, https:\/\/tucomarca.whitekongsoftware.com\/wp-content\/uploads\/2021\/05\/PremioFVMP_Graffitea1-300x213.jpg 300w, https:\/\/tucomarca.whitekongsoftware.com\/wp-content\/uploads\/2021\/05\/PremioFVMP_Graffitea1-768x546.jpg 768w\" sizes=\"auto, (max-width: 787px) 100vw, 787px\" \/><\/figure><\/li><li class=\"blocks-gallery-item\"><figure><img loading=\"lazy\" decoding=\"async\" width=\"787\" height=\"524\" src=\"http:\/\/www.tucomarca.com\/wordpress\/segunda\/wp-content\/uploads\/2021\/05\/PremioFVMP_Graffitea3.jpg\" alt=\"\" data-id=\"132187\" data-full-url=\"http:\/\/www.tucomarca.com\/wordpress\/segunda\/wp-content\/uploads\/2021\/05\/PremioFVMP_Graffitea3.jpg\" data-link=\"http:\/\/www.tucomarca.com\/wordpress\/segunda\/?attachment_id=132187\" class=\"wp-image-132187\" srcset=\"https:\/\/tucomarca.whitekongsoftware.com\/wp-content\/uploads\/2021\/05\/PremioFVMP_Graffitea3.jpg 787w, https:\/\/tucomarca.whitekongsoftware.com\/wp-content\/uploads\/2021\/05\/PremioFVMP_Graffitea3-300x200.jpg 300w, https:\/\/tucomarca.whitekongsoftware.com\/wp-content\/uploads\/2021\/05\/PremioFVMP_Graffitea3-768x511.jpg 768w\" sizes=\"auto, (max-width: 787px) 100vw, 787px\" \/><\/figure><\/li><li class=\"blocks-gallery-item\"><figure><img loading=\"lazy\" decoding=\"async\" width=\"787\" height=\"590\" src=\"http:\/\/www.tucomarca.com\/wordpress\/segunda\/wp-content\/uploads\/2021\/05\/PremioFVMP_Graffitea4.jpg\" alt=\"\" data-id=\"132189\" data-full-url=\"http:\/\/www.tucomarca.com\/wordpress\/segunda\/wp-content\/uploads\/2021\/05\/PremioFVMP_Graffitea4.jpg\" data-link=\"http:\/\/www.tucomarca.com\/wordpress\/segunda\/?attachment_id=132189\" class=\"wp-image-132189\" srcset=\"https:\/\/tucomarca.whitekongsoftware.com\/wp-content\/uploads\/2021\/05\/PremioFVMP_Graffitea4.jpg 787w, https:\/\/tucomarca.whitekongsoftware.com\/wp-content\/uploads\/2021\/05\/PremioFVMP_Graffitea4-300x225.jpg 300w, https:\/\/tucomarca.whitekongsoftware.com\/wp-content\/uploads\/2021\/05\/PremioFVMP_Graffitea4-768x576.jpg 768w, https:\/\/tucomarca.whitekongsoftware.com\/wp-content\/uploads\/2021\/05\/PremioFVMP_Graffitea4-678x509.jpg 678w, https:\/\/tucomarca.whitekongsoftware.com\/wp-content\/uploads\/2021\/05\/PremioFVMP_Graffitea4-326x245.jpg 326w, https:\/\/tucomarca.whitekongsoftware.com\/wp-content\/uploads\/2021\/05\/PremioFVMP_Graffitea4-80x60.jpg 80w\" sizes=\"auto, (max-width: 787px) 100vw, 787px\" \/><\/figure><\/li><\/ul><\/figure>\n","protected":false},"excerpt":{"rendered":"<div class=\"mh-excerpt\">Divendres passat, 30 d&#8217;abril, la Federaci\u00f3 Valenciana de Municipis i Prov\u00edncies (FVMP) va atorgar el Premi al Bon Govern de Cultura i normalitzaci\u00f3 ling\u00fc\u00edstica al Festival de Street Art Graffitea Cheste en un acte celebrat <a class=\"mh-excerpt-more\" href=\"https:\/\/tucomarca.whitekongsoftware.com\/ca\/la-federacio-valenciana-de-municipis-i-provincies-premia-el-projecte-cultural-graffitea-cheste\/\" title=\"La Federaci\u00f3 Valenciana de Municipis i Prov\u00edncies premia el projecte cultural Graffitea Cheste\">[+] <\/a><\/div>\n","protected":false},"author":12,"featured_media":132186,"comment_status":"open","ping_status":"open","sticky":false,"template":"","format":"gallery","meta":{"footnotes":""},"categories":[10894,10912,11007,11063,10896,10974],"tags":[11071,12242,14514,11567,10914],"class_list":["post-132192","post","type-post","status-publish","format-gallery","has-post-thumbnail","category-la-comarca-ca","category-la-hoya-ca","category-ocio-y-cultura-ca","category-pintura-ca","category-seccion-ca","category-cheste-ca","tag-cheste","tag-federacion-valenciana-de-municipios-y-provincias-ca","tag-festival-de-street-art-graffitea-ca","tag-graffitea-ca","tag-la-hoya-de-bunol-chiva-ca","post_format-post-format-gallery"],"_links":{"self":[{"href":"https:\/\/tucomarca.whitekongsoftware.com\/ca\/wp-json\/wp\/v2\/posts\/132192","targetHints":{"allow":["GET"]}}],"collection":[{"href":"https:\/\/tucomarca.whitekongsoftware.com\/ca\/wp-json\/wp\/v2\/posts"}],"about":[{"href":"https:\/\/tucomarca.whitekongsoftware.com\/ca\/wp-json\/wp\/v2\/types\/post"}],"author":[{"embeddable":true,"href":"https:\/\/tucomarca.whitekongsoftware.com\/ca\/wp-json\/wp\/v2\/users\/12"}],"replies":[{"embeddable":true,"href":"https:\/\/tucomarca.whitekongsoftware.com\/ca\/wp-json\/wp\/v2\/comments?post=132192"}],"version-history":[{"count":0,"href":"https:\/\/tucomarca.whitekongsoftware.com\/ca\/wp-json\/wp\/v2\/posts\/132192\/revisions"}],"wp:featuredmedia":[{"embeddable":true,"href":"https:\/\/tucomarca.whitekongsoftware.com\/ca\/wp-json\/wp\/v2\/media\/132186"}],"wp:attachment":[{"href":"https:\/\/tucomarca.whitekongsoftware.com\/ca\/wp-json\/wp\/v2\/media?parent=132192"}],"wp:term":[{"taxonomy":"category","embeddable":true,"href":"https:\/\/tucomarca.whitekongsoftware.com\/ca\/wp-json\/wp\/v2\/categories?post=132192"},{"taxonomy":"post_tag","embeddable":true,"href":"https:\/\/tucomarca.whitekongsoftware.com\/ca\/wp-json\/wp\/v2\/tags?post=132192"}],"curies":[{"name":"wp","href":"https:\/\/api.w.org\/{rel}","templated":true}]}}