{"id":132022,"date":"2021-05-01T08:05:00","date_gmt":"2021-05-01T07:05:00","guid":{"rendered":"http:\/\/www.tucomarca.com\/wordpress\/segunda\/?p=132022"},"modified":"2021-05-01T10:08:39","modified_gmt":"2021-05-01T09:08:39","slug":"comenca-a-caminar-el-nou-projecte-de-pacte-destat-contra-la-violencia-de-genere-a-utiel","status":"publish","type":"post","link":"https:\/\/tucomarca.whitekongsoftware.com\/ca\/comenca-a-caminar-el-nou-projecte-de-pacte-destat-contra-la-violencia-de-genere-a-utiel\/","title":{"rendered":"Comen\u00e7a a caminar el nou projecte de Pacte d&#8217;Estat contra la Viol\u00e8ncia de G\u00e8nere a Utiel"},"content":{"rendered":"\n<h4 class=\"wp-block-heading\">L&#8217;objectiu \u00e9s millorar l&#8217;atenci\u00f3 a les v\u00edctimes a trav\u00e9s del treball en xarxa amb agents locals de la unitat d&#8217;igualtat, serveis socials, sanitaris, jur\u00eddics i forces de seguretat.<\/h4>\n\n\n\n<p class=\"wp-block-paragraph\">L&#8217;Ajuntament d&#8217;Utiel, comprom\u00e9s amb l&#8217;erradicaci\u00f3 de la viol\u00e8ncia de g\u00e8nere en totes les seues formes, ha comen\u00e7at a treballar en les noves actuacions que es duran a terme a trav\u00e9s del Pacte d&#8217;Estat, finan\u00e7at pel Ministeri d&#8217;Igualtat, amb l&#8217;objectiu principal d&#8217;implantar pol\u00edtiques locals espec\u00edfiques d&#8217;igualtat aix\u00ed com la incorporaci\u00f3 de la perspectiva de g\u00e8nere a tots els \u00e0mbits de la vida local.&nbsp;<\/p>\n\n\n\n<p class=\"wp-block-paragraph\">En aquest sentit, les regidories d&#8217;Igualtat i Benestar Social, s\u00f3n les \u00e0rees encarregades d&#8217;impulsar estrat\u00e8gies que augmenten la resposta institucional a trav\u00e9s de la coordinaci\u00f3 i el treball en xarxa.<\/p>\n\n\n\n<p class=\"wp-block-paragraph\">La finalitat \u00e9s millorar l&#8217;atenci\u00f3 a les v\u00edctimes o possibles v\u00edctimes de viol\u00e8ncia de g\u00e8nere. Una atenci\u00f3, adequada, completa i amb perspectiva de g\u00e8nere en la qual participaran tots els agents i departaments de l&#8217;administraci\u00f3 local implicats en el proc\u00e9s d&#8217;assist\u00e8ncia a v\u00edctimes de viol\u00e8ncia de g\u00e8nere: agent d&#8217;igualtat, equip social, gabinet psicopedag\u00f2gic, atenci\u00f3 jur\u00eddica, atenci\u00f3 psicol\u00f2gica, forces i cossos de seguretat, centres d&#8217;atenci\u00f3 sanit\u00e0ria, centres escolars, centre dona rural, i qualsevol altre agent que puga intervindre en aquesta assist\u00e8ncia.<\/p>\n\n\n\n<p class=\"wp-block-paragraph\">En aquest marc, l&#8217;Ajuntament d&#8217;Utiel est\u00e0 dissenyant una s\u00e8rie de projectes, activitats i materials que tenen com a objectiu sensibilitzar, previndre i combatre la viol\u00e8ncia de g\u00e8nere des d&#8217;una perspectiva transversal i coordinada, seguint els eixos que estableix el Pacte d&#8217;Estat i conjuminant-los amb les l\u00ednies estrat\u00e8giques de les regidories d&#8217;Igualtat i Benestar Social.<\/p>\n\n\n\n<p class=\"wp-block-paragraph\">Al llarg dels pr\u00f2xims mesos s&#8217;aniran desenvolupant les diferents actuacions a implantar a Utiel en mat\u00e8ria de viol\u00e8ncia de g\u00e8nere que posteriorment seran traslladades a la ciutadania amb l&#8217;objectiu principal d&#8217;incidir en els \u00e0mbits de sensibilitzaci\u00f3 i prevenci\u00f3 i en l&#8217;assist\u00e8ncia, ajuda i protecci\u00f3 a les v\u00edctimes.<\/p>\n\n\n\n<p class=\"wp-block-paragraph\"><\/p>\n","protected":false},"excerpt":{"rendered":"<div class=\"mh-excerpt\">L&#8217;objectiu \u00e9s millorar l&#8217;atenci\u00f3 a les v\u00edctimes a trav\u00e9s del treball en xarxa amb agents locals de la unitat d&#8217;igualtat, serveis socials, sanitaris, jur\u00eddics i forces de seguretat. L&#8217;Ajuntament d&#8217;Utiel, comprom\u00e9s amb l&#8217;erradicaci\u00f3 de la <a class=\"mh-excerpt-more\" href=\"https:\/\/tucomarca.whitekongsoftware.com\/ca\/comenca-a-caminar-el-nou-projecte-de-pacte-destat-contra-la-violencia-de-genere-a-utiel\/\" title=\"Comen\u00e7a a caminar el nou projecte de Pacte d&#8217;Estat contra la Viol\u00e8ncia de G\u00e8nere a Utiel\">[+] <\/a><\/div>\n","protected":false},"author":12,"featured_media":132021,"comment_status":"open","ping_status":"open","sticky":false,"template":"","format":"standard","meta":{"footnotes":""},"categories":[10948,10894,10947,10909,10896,11059],"tags":[11456,14496,11459,11629],"class_list":["post-132022","post","type-post","status-publish","format-standard","has-post-thumbnail","category-infraestructuras-ca","category-la-comarca-ca","category-politica","category-requena-utiel-ca","category-seccion-ca","category-utiel-ca","tag-ayuntamiento-de-utiel-ca","tag-pacto-de-estado-contra-la-violencia-de-genero-ca","tag-utiel-requena-ca","tag-violencia-de-genero-ca"],"_links":{"self":[{"href":"https:\/\/tucomarca.whitekongsoftware.com\/ca\/wp-json\/wp\/v2\/posts\/132022","targetHints":{"allow":["GET"]}}],"collection":[{"href":"https:\/\/tucomarca.whitekongsoftware.com\/ca\/wp-json\/wp\/v2\/posts"}],"about":[{"href":"https:\/\/tucomarca.whitekongsoftware.com\/ca\/wp-json\/wp\/v2\/types\/post"}],"author":[{"embeddable":true,"href":"https:\/\/tucomarca.whitekongsoftware.com\/ca\/wp-json\/wp\/v2\/users\/12"}],"replies":[{"embeddable":true,"href":"https:\/\/tucomarca.whitekongsoftware.com\/ca\/wp-json\/wp\/v2\/comments?post=132022"}],"version-history":[{"count":0,"href":"https:\/\/tucomarca.whitekongsoftware.com\/ca\/wp-json\/wp\/v2\/posts\/132022\/revisions"}],"wp:featuredmedia":[{"embeddable":true,"href":"https:\/\/tucomarca.whitekongsoftware.com\/ca\/wp-json\/wp\/v2\/media\/132021"}],"wp:attachment":[{"href":"https:\/\/tucomarca.whitekongsoftware.com\/ca\/wp-json\/wp\/v2\/media?parent=132022"}],"wp:term":[{"taxonomy":"category","embeddable":true,"href":"https:\/\/tucomarca.whitekongsoftware.com\/ca\/wp-json\/wp\/v2\/categories?post=132022"},{"taxonomy":"post_tag","embeddable":true,"href":"https:\/\/tucomarca.whitekongsoftware.com\/ca\/wp-json\/wp\/v2\/tags?post=132022"}],"curies":[{"name":"wp","href":"https:\/\/api.w.org\/{rel}","templated":true}]}}