{"id":131978,"date":"2021-04-29T17:00:00","date_gmt":"2021-04-29T16:00:00","guid":{"rendered":"http:\/\/www.tucomarca.com\/wordpress\/segunda\/?p=131978"},"modified":"2021-04-29T18:21:44","modified_gmt":"2021-04-29T17:21:44","slug":"el-consorci-valencia-interior-inaugura-el-nou-ecoparc-de-bunyol","status":"publish","type":"post","link":"https:\/\/tucomarca.whitekongsoftware.com\/ca\/el-consorci-valencia-interior-inaugura-el-nou-ecoparc-de-bunyol\/","title":{"rendered":"El Consorci Val\u00e8ncia Interior inaugura el nou ecoparc de Bunyol"},"content":{"rendered":"\n<p class=\"wp-block-paragraph\"><strong>La instal\u00b7laci\u00f3 se situa en l&#8217;avinguda Blasco Ib\u00e1nyez n\u00famero 84 i en ella depositar\u00e0 els seus residus la ciutadania de Bunyol i les persones residents en els municipis pr\u00f2xims<\/strong><\/p>\n\n\n\n<p class=\"wp-block-paragraph\">El Consorci Val\u00e8ncia Interior (CVI) ha inaugurat aquest mat\u00ed l&#8217;ecoparc de Bu\u00f1ol, el numere 27 de la xarxa consorciada d&#8217;ecoparcs de l&#8217;ens, on la ciutadania de la localitat pot depositar tots els residus que no han d&#8217;anar als contenidors de vorera convencionals. A l&#8217;acte ha assistit el president del Consorci Val\u00e8ncia Interior, Robert Raga, el gerent \u00c1ngel Rodr\u00edguez i el subdirector general de Qualitat i Educaci\u00f3 Ambiental de la Conselleria d&#8217;Agricultura, Desenvolupament Rural, Emerg\u00e8ncia Clim\u00e0tica i Transici\u00f3 Ecol\u00f2gica, Jos\u00e9 Vicente Mir\u00f3. Per part de l&#8217;Ajuntament de Bu\u00f1ol ha acudit a l&#8217;acte l&#8217;alcaldessa, Jonquera Carrascosa, el regidor de Serveis Rafael P\u00e9rez, la regidora de Medi Ambient, Mati Mas, i altres membres de la corporaci\u00f3, com tamb\u00e9 diversos representants de la UTE Ecored que gestiona els residus en els ecoparcs del *CVI.<\/p>\n\n\n\n<p class=\"wp-block-paragraph\">El presidente del CVI, Robert Raga, ha manifestado que con esta apertura \u201cse da respuesta a una reivindicaci\u00f3n que por fin ha podido ser satisfecha, ya que con este ecoparque se contribuye&nbsp; a poner fin a los vertederos incontrolados tanto en Bu\u00f1ol como en los municipios de la comarca\u201d. Adem\u00e1s, Raga ha destacado el hecho de que con el dep\u00f3sito de residuos en el ecoparque \u201clos vecinos y vecinas acumulan puntos en la tarjeta de Mi Cuenta Ambiental y consiguen bonificaciones en la tasa de tratamiento, con lo cual, se premia as\u00ed el buen comportamiento ciudadano en materia de gesti\u00f3n de residuos\u201d.<\/p>\n\n\n\n<p class=\"wp-block-paragraph\">La alcaldesa de la localidad, Juncal Carrascosa, se congratul\u00f3 por la apertura de esta instalaci\u00f3n ya que esto &#8220;va a suponer numerosos beneficios ambientales para Bu\u00f1ol y para toda la comarca&#8221; y ha agradecido que el Consorcio Valencia Interior &#8220;haya puesto en marcha todos los mecanismos necesarios para que hoy podamos estar aqu\u00ed, inaugurando este ecoparque&#8221;.&nbsp;<\/p>\n\n\n\n<p class=\"wp-block-paragraph\">Tras la visita se ha descubierto una placa conmemorativa y se ha recorrido la instalaci\u00f3n donde ya pueden dejarse&nbsp; pilas y bater\u00edas, neum\u00e1ticos fuera de uso, frigor\u00edficos y grandes electrodom\u00e9sticos, restos de pintura, esmaltes y barnices,&nbsp; residuos voluminosos, escombro de obras menores, peque\u00f1os aparatos el\u00e9ctricos y electr\u00f3nicos, muebles y enseres adem\u00e1s de ropa y calzado en desuso, aceites comestibles, aceites de motor, filtros de aceite, bombillas fluorescentes y envases vac\u00edos de t\u00f3xicos del hogar, entre otros residuos.<\/p>\n\n\n\n<p class=\"wp-block-paragraph\">Durante la visita, el gerente del CVI, \u00c1ngel Rodr\u00edguez, ha manifestado que en este ecoparque ya se puede usar la APP SIGMA CVI con la cual las personas usuarias se podr\u00e1n identificar a trav\u00e9s del m\u00f3vil, sin necesidad de utilizar tarjetas tradicionales, y acumular puntos en Mi Cuenta Ambiental. Con eso se gana agilidad y comodidad, todo para animar a los vecinos y vecinas a utilizar estas instalaciones del Consorcio y puedan obtener las bonificiones de la tasa cuidando el medio ambiente.&nbsp;<\/p>\n\n\n\n<p class=\"wp-block-paragraph\">El ecoparque se ubica en la avenida Blasco Ib\u00e1\u00f1ez n\u00famero 84, en el conocido como Pol\u00edgono del Cerrito y estar\u00e1 abierto de lunes a s\u00e1bado de 8,00 a 20,00 horas.&nbsp;<\/p>\n\n\n\n<figure class=\"wp-block-image size-large\"><img loading=\"lazy\" decoding=\"async\" width=\"787\" height=\"525\" src=\"http:\/\/www.tucomarca.com\/wordpress\/segunda\/wp-content\/uploads\/2021\/04\/EcoparqueBunolCVI4.jpg\" alt=\"\" class=\"wp-image-131970\" srcset=\"https:\/\/tucomarca.whitekongsoftware.com\/wp-content\/uploads\/2021\/04\/EcoparqueBunolCVI4.jpg 787w, https:\/\/tucomarca.whitekongsoftware.com\/wp-content\/uploads\/2021\/04\/EcoparqueBunolCVI4-300x200.jpg 300w, https:\/\/tucomarca.whitekongsoftware.com\/wp-content\/uploads\/2021\/04\/EcoparqueBunolCVI4-768x512.jpg 768w\" sizes=\"auto, (max-width: 787px) 100vw, 787px\" \/><\/figure>\n\n\n\n<figure class=\"wp-block-image size-large\"><img loading=\"lazy\" decoding=\"async\" width=\"1024\" height=\"768\" src=\"http:\/\/www.tucomarca.com\/wordpress\/segunda\/wp-content\/uploads\/2021\/04\/EcoparqueBunolCVI1-1024x768.jpeg\" alt=\"\" class=\"wp-image-131961\" srcset=\"https:\/\/tucomarca.whitekongsoftware.com\/wp-content\/uploads\/2021\/04\/EcoparqueBunolCVI1-1024x768.jpeg 1024w, https:\/\/tucomarca.whitekongsoftware.com\/wp-content\/uploads\/2021\/04\/EcoparqueBunolCVI1-300x225.jpeg 300w, https:\/\/tucomarca.whitekongsoftware.com\/wp-content\/uploads\/2021\/04\/EcoparqueBunolCVI1-768x576.jpeg 768w, https:\/\/tucomarca.whitekongsoftware.com\/wp-content\/uploads\/2021\/04\/EcoparqueBunolCVI1-1536x1152.jpeg 1536w, https:\/\/tucomarca.whitekongsoftware.com\/wp-content\/uploads\/2021\/04\/EcoparqueBunolCVI1-678x509.jpeg 678w, https:\/\/tucomarca.whitekongsoftware.com\/wp-content\/uploads\/2021\/04\/EcoparqueBunolCVI1-326x245.jpeg 326w, https:\/\/tucomarca.whitekongsoftware.com\/wp-content\/uploads\/2021\/04\/EcoparqueBunolCVI1-80x60.jpeg 80w, https:\/\/tucomarca.whitekongsoftware.com\/wp-content\/uploads\/2021\/04\/EcoparqueBunolCVI1.jpeg 2048w\" sizes=\"auto, (max-width: 1024px) 100vw, 1024px\" \/><\/figure>\n\n\n\n<figure class=\"wp-block-image size-large\"><img loading=\"lazy\" decoding=\"async\" width=\"1024\" height=\"768\" src=\"http:\/\/www.tucomarca.com\/wordpress\/segunda\/wp-content\/uploads\/2021\/04\/EcoparqueBunolCVI2-1024x768.jpeg\" alt=\"\" class=\"wp-image-131963\" srcset=\"https:\/\/tucomarca.whitekongsoftware.com\/wp-content\/uploads\/2021\/04\/EcoparqueBunolCVI2-1024x768.jpeg 1024w, https:\/\/tucomarca.whitekongsoftware.com\/wp-content\/uploads\/2021\/04\/EcoparqueBunolCVI2-300x225.jpeg 300w, https:\/\/tucomarca.whitekongsoftware.com\/wp-content\/uploads\/2021\/04\/EcoparqueBunolCVI2-768x576.jpeg 768w, https:\/\/tucomarca.whitekongsoftware.com\/wp-content\/uploads\/2021\/04\/EcoparqueBunolCVI2-1536x1152.jpeg 1536w, https:\/\/tucomarca.whitekongsoftware.com\/wp-content\/uploads\/2021\/04\/EcoparqueBunolCVI2-678x509.jpeg 678w, https:\/\/tucomarca.whitekongsoftware.com\/wp-content\/uploads\/2021\/04\/EcoparqueBunolCVI2-326x245.jpeg 326w, https:\/\/tucomarca.whitekongsoftware.com\/wp-content\/uploads\/2021\/04\/EcoparqueBunolCVI2-80x60.jpeg 80w, https:\/\/tucomarca.whitekongsoftware.com\/wp-content\/uploads\/2021\/04\/EcoparqueBunolCVI2.jpeg 2048w\" sizes=\"auto, (max-width: 1024px) 100vw, 1024px\" \/><\/figure>\n","protected":false},"excerpt":{"rendered":"<div class=\"mh-excerpt\">La instal\u00b7laci\u00f3 se situa en l&#8217;avinguda Blasco Ib\u00e1nyez n\u00famero 84 i en ella depositar\u00e0 els seus residus la ciutadania de Bunyol i les persones residents en els municipis pr\u00f2xims El Consorci Val\u00e8ncia Interior (CVI) ha <a class=\"mh-excerpt-more\" href=\"https:\/\/tucomarca.whitekongsoftware.com\/ca\/el-consorci-valencia-interior-inaugura-el-nou-ecoparc-de-bunyol\/\" title=\"El Consorci Val\u00e8ncia Interior inaugura el nou ecoparc de Bunyol\">[+] <\/a><\/div>\n","protected":false},"author":1,"featured_media":131973,"comment_status":"open","ping_status":"open","sticky":false,"template":"","format":"gallery","meta":{"footnotes":""},"categories":[10911,10898,10948,10894,10904,10912,10903,10947,10896],"tags":[10913,11117,11305,10914,11121],"class_list":["post-131978","post","type-post","status-publish","format-gallery","has-post-thumbnail","category-bunol-ca","category-ventana-ca","category-infraestructuras-ca","category-la-comarca-ca","category-sin-categorizar-ca","category-la-hoya-ca","category-medio-ambiente-la-comarca-ca","category-politica","category-seccion-ca","tag-bunol-ca","tag-consorcio-valencia-interior-ca","tag-cvi-ca","tag-la-hoya-de-bunol-chiva-ca","tag-residuos-ca","post_format-post-format-gallery"],"_links":{"self":[{"href":"https:\/\/tucomarca.whitekongsoftware.com\/ca\/wp-json\/wp\/v2\/posts\/131978","targetHints":{"allow":["GET"]}}],"collection":[{"href":"https:\/\/tucomarca.whitekongsoftware.com\/ca\/wp-json\/wp\/v2\/posts"}],"about":[{"href":"https:\/\/tucomarca.whitekongsoftware.com\/ca\/wp-json\/wp\/v2\/types\/post"}],"author":[{"embeddable":true,"href":"https:\/\/tucomarca.whitekongsoftware.com\/ca\/wp-json\/wp\/v2\/users\/1"}],"replies":[{"embeddable":true,"href":"https:\/\/tucomarca.whitekongsoftware.com\/ca\/wp-json\/wp\/v2\/comments?post=131978"}],"version-history":[{"count":0,"href":"https:\/\/tucomarca.whitekongsoftware.com\/ca\/wp-json\/wp\/v2\/posts\/131978\/revisions"}],"wp:featuredmedia":[{"embeddable":true,"href":"https:\/\/tucomarca.whitekongsoftware.com\/ca\/wp-json\/wp\/v2\/media\/131973"}],"wp:attachment":[{"href":"https:\/\/tucomarca.whitekongsoftware.com\/ca\/wp-json\/wp\/v2\/media?parent=131978"}],"wp:term":[{"taxonomy":"category","embeddable":true,"href":"https:\/\/tucomarca.whitekongsoftware.com\/ca\/wp-json\/wp\/v2\/categories?post=131978"},{"taxonomy":"post_tag","embeddable":true,"href":"https:\/\/tucomarca.whitekongsoftware.com\/ca\/wp-json\/wp\/v2\/tags?post=131978"}],"curies":[{"name":"wp","href":"https:\/\/api.w.org\/{rel}","templated":true}]}}