{"id":131886,"date":"2021-04-28T10:00:00","date_gmt":"2021-04-28T09:00:00","guid":{"rendered":"http:\/\/www.tucomarca.com\/wordpress\/segunda\/?p=131886"},"modified":"2021-04-28T10:35:14","modified_gmt":"2021-04-28T09:35:14","slug":"cortes-de-pallas-obri-el-termini-de-sollicitud-dajudes-del-pla-renhata-per-a-rehabilitacio-dhabitatges","status":"publish","type":"post","link":"https:\/\/tucomarca.whitekongsoftware.com\/ca\/cortes-de-pallas-obri-el-termini-de-sollicitud-dajudes-del-pla-renhata-per-a-rehabilitacio-dhabitatges\/","title":{"rendered":"Cortes de Pall\u00e1s obri el termini de sol\u00b7licitud d&#8217;ajudes del Pla RENHATA per a rehabilitaci\u00f3 d&#8217;habitatges"},"content":{"rendered":"\n<p class=\"wp-block-paragraph\">L&#8217;Ajuntament de Cortes de Pall\u00e1s informa els seus ve\u00efns de l&#8217;obertura del termini de sol\u00b7licitud d&#8217;ajudes del Pla RENHATA, destinat a la reforma, rehabilitaci\u00f3 i actuacions urbanes. Aquest pla \u00e9s impulsat per la Generalitat Valenciana.<\/p>\n\n\n\n<figure class=\"wp-block-image size-large\"><img loading=\"lazy\" decoding=\"async\" width=\"670\" height=\"293\" src=\"http:\/\/www.tucomarca.com\/wordpress\/segunda\/wp-content\/uploads\/2021\/04\/Plan-RENHATA.jpg\" alt=\"\" class=\"wp-image-131880\" srcset=\"https:\/\/tucomarca.whitekongsoftware.com\/wp-content\/uploads\/2021\/04\/Plan-RENHATA.jpg 670w, https:\/\/tucomarca.whitekongsoftware.com\/wp-content\/uploads\/2021\/04\/Plan-RENHATA-300x131.jpg 300w\" sizes=\"auto, (max-width: 670px) 100vw, 670px\" \/><\/figure>\n\n\n\n<p class=\"wp-block-paragraph\"><strong>Interessats\/sol\u00b7licitants<\/strong><\/p>\n\n\n\n<p class=\"wp-block-paragraph\">Qualsevol persona f\u00edsica, propiet\u00e0ria, usufructu\u00e0ria o arrendat\u00e0ria d&#8217;un habitatge situat en la Comunitat Valenciana, a trav\u00e9s d&#8217;un t\u00e8cnic col\u00b7laborador inscrit per a la corresponent convocat\u00f2ria.<\/p>\n\n\n\n<p class=\"wp-block-paragraph\">En l&#8217;apartat \u00abenlla\u00e7os\u00bb es troba el procediment per a l&#8217;alta del t\u00e8cnic col\u00b7laborador i el llistat del personal t\u00e8cnic col\u00b7laborador que s&#8217;haja inscrit.<\/p>\n\n\n\n<p class=\"wp-block-paragraph\">No podran obtindre la condici\u00f3 de benefici\u00e0ries les persones f\u00edsiques en les quals conc\u00f3rrega alguna de les circumst\u00e0ncies que s&#8217;estableixen en l&#8217;article 13 de la Llei 38\/2003, de 17 de novembre, General de Subvencions.<\/p>\n\n\n\n<p class=\"wp-block-paragraph\"><strong>Requisits<\/strong><\/p>\n\n\n\n<p class=\"wp-block-paragraph\">Els habitatges que pretenguen acollir-se a les subvencions hauran de complir els seg\u00fcents requisits:<\/p>\n\n\n\n<ol class=\"wp-block-list\"><li>L&#8217;edifici en el moment de la sol\u00b7licitud ha de tindre una antiguitat superior a 20 anys. No ser\u00e0 necessari complir aquesta condici\u00f3 en el cas d&#8217;actuacions d&#8217;adaptaci\u00f3 de l&#8217;habitatge per a persones empadronades amb diversitat funcional amb un grau de discapacitat superior al 33% o per a persones majors de 70 anys.<\/li><li>Que l&#8217;habitatge es destine a resid\u00e8ncia habitual i permanent del seu propietari, inquil\u00ed o usufructuari. El que es considerar\u00e0 acreditat en estar empadronat amb anterioritat a la sol\u00b7licitud de les ajudes.<\/li><li>Que les obres, que poden estar concloses en el moment de la sol\u00b7licitud, tinguen data d&#8217;inici posterior al dia 1 de gener de 2020 i data de finalitzaci\u00f3 posterior al 22 de juny del 2020 sense depassar el termini m\u00e0xim de 6 mesos comptats a partir de l&#8217;endem\u00e0 de la data de publicaci\u00f3 en el DOGV de la resoluci\u00f3 de concessi\u00f3 de les ajudes.<\/li><\/ol>\n\n\n\n<p class=\"wp-block-paragraph\"><strong>Quantia de l&#8217;ajuda\/Procediment de cobrament<\/strong><\/p>\n\n\n\n<p class=\"wp-block-paragraph\">El pressupost protegible de l&#8217;actuaci\u00f3 de rehabilitaci\u00f3 no ser\u00e0 inferior a 2.000 euros (excepte en actuacions d&#8217;adaptaci\u00f3 d&#8217;habitatges per a persones amb diversitat funcional amb un grau de discapacitat superior al 33% o majors de 70 anys) ni superior a 12.000 euros, amb independ\u00e8ncia del pressupost real de les obres que pot ser major.<\/p>\n\n\n\n<p class=\"wp-block-paragraph\"><strong>Termini de presentaci\u00f3<\/strong><\/p>\n\n\n\n<p class=\"wp-block-paragraph\">El termini per a la presentaci\u00f3 de les sol\u00b7licituds comen\u00e7ar\u00e0 a partir de l&#8217;endem\u00e0 al de la publicaci\u00f3 de la convocat\u00f2ria en el Diari Oficial de la Generalitat Valenciana, i finalitzar\u00e0 el dia 31 de maig de 2021. (Resoluci\u00f3 de 7 d&#8217;abril de 2021.DOGV n\u00fam. 9065, de 20.04.2021.<\/p>\n\n\n\n<p class=\"wp-block-paragraph\">La presentaci\u00f3 de la sol\u00b7licitud fora del termini establit en la convocat\u00f2ria determinar\u00e0 autom\u00e0ticament l&#8217;exclusi\u00f3 de la convocat\u00f2ria.<\/p>\n\n\n\n<p class=\"wp-block-paragraph\">Les obres hauran d&#8217;haver-se iniciat amb posterioritat al dia 1 de gener de 2020 i hauran d&#8217;haver-se finalitzat en data posterioral dia 22 de juny de 2020 i fins al dia 21 d&#8217;octubres, tots dos inclusivament.<\/p>\n","protected":false},"excerpt":{"rendered":"<div class=\"mh-excerpt\">L&#8217;Ajuntament de Cortes de Pall\u00e1s informa els seus ve\u00efns de l&#8217;obertura del termini de sol\u00b7licitud d&#8217;ajudes del Pla RENHATA, destinat a la reforma, rehabilitaci\u00f3 i actuacions urbanes. Aquest pla \u00e9s impulsat per la Generalitat Valenciana. <a class=\"mh-excerpt-more\" href=\"https:\/\/tucomarca.whitekongsoftware.com\/ca\/cortes-de-pallas-obri-el-termini-de-sollicitud-dajudes-del-pla-renhata-per-a-rehabilitacio-dhabitatges\/\" title=\"Cortes de Pall\u00e1s obri el termini de sol\u00b7licitud d&#8217;ajudes del Pla RENHATA per a rehabilitaci\u00f3 d&#8217;habitatges\">[+] <\/a><\/div>\n","protected":false},"author":12,"featured_media":110101,"comment_status":"open","ping_status":"open","sticky":false,"template":"","format":"standard","meta":{"footnotes":""},"categories":[10951,10953,10948,10894,10947,10896],"tags":[11230,11934,14482,14483],"class_list":["post-131886","post","type-post","status-publish","format-standard","has-post-thumbnail","category-ayora-cofrentes-ca","category-cortes-de-pallas-ca","category-infraestructuras-ca","category-la-comarca-ca","category-politica","category-seccion-ca","tag-cortes-de-pallas-ca","tag-el-valle-de-ayora-cofrentes-ca","tag-plan-renhata-ca","tag-rehabilitacion-de-viviendas-ca"],"_links":{"self":[{"href":"https:\/\/tucomarca.whitekongsoftware.com\/ca\/wp-json\/wp\/v2\/posts\/131886","targetHints":{"allow":["GET"]}}],"collection":[{"href":"https:\/\/tucomarca.whitekongsoftware.com\/ca\/wp-json\/wp\/v2\/posts"}],"about":[{"href":"https:\/\/tucomarca.whitekongsoftware.com\/ca\/wp-json\/wp\/v2\/types\/post"}],"author":[{"embeddable":true,"href":"https:\/\/tucomarca.whitekongsoftware.com\/ca\/wp-json\/wp\/v2\/users\/12"}],"replies":[{"embeddable":true,"href":"https:\/\/tucomarca.whitekongsoftware.com\/ca\/wp-json\/wp\/v2\/comments?post=131886"}],"version-history":[{"count":0,"href":"https:\/\/tucomarca.whitekongsoftware.com\/ca\/wp-json\/wp\/v2\/posts\/131886\/revisions"}],"wp:featuredmedia":[{"embeddable":true,"href":"https:\/\/tucomarca.whitekongsoftware.com\/ca\/wp-json\/wp\/v2\/media\/110101"}],"wp:attachment":[{"href":"https:\/\/tucomarca.whitekongsoftware.com\/ca\/wp-json\/wp\/v2\/media?parent=131886"}],"wp:term":[{"taxonomy":"category","embeddable":true,"href":"https:\/\/tucomarca.whitekongsoftware.com\/ca\/wp-json\/wp\/v2\/categories?post=131886"},{"taxonomy":"post_tag","embeddable":true,"href":"https:\/\/tucomarca.whitekongsoftware.com\/ca\/wp-json\/wp\/v2\/tags?post=131886"}],"curies":[{"name":"wp","href":"https:\/\/api.w.org\/{rel}","templated":true}]}}