{"id":131845,"date":"2021-04-27T09:00:00","date_gmt":"2021-04-27T08:00:00","guid":{"rendered":"http:\/\/www.tucomarca.com\/wordpress\/segunda\/?p=131845"},"modified":"2021-04-27T17:40:37","modified_gmt":"2021-04-27T16:40:37","slug":"arranca-el-programa-jove-oportunitat-a-utiel","status":"publish","type":"post","link":"https:\/\/tucomarca.whitekongsoftware.com\/ca\/arranca-el-programa-jove-oportunitat-a-utiel\/","title":{"rendered":"Arranca el programa Jove Oportunitat a Utiel"},"content":{"rendered":"\n<p class=\"wp-block-paragraph\">8 joves d&#8217;entre 16 i 21 anys formen part d&#8217;aquest programa de l&#8217;IVAJ que es desenvolupar\u00e0 a Utiel fins al mes d&#8217;octubre amb classes teoricopr\u00e0ctiques.<\/p>\n\n\n\n<p class=\"wp-block-paragraph\">Ahir 8 joves utielanos iniciaven el programa formatiu Jove Oportunitat de l&#8217;IVAJ (JOOP) a la Casa de Cultura d&#8217;Utiel sota la direcci\u00f3 de la coach In\u00e9s Gim\u00e9nez *Bastidas que els guiar\u00e0 durant tot el proc\u00e9s de reinserci\u00f3 educativa.<\/p>\n\n\n\n<p class=\"wp-block-paragraph\">En aquesta primera presa de contacte els participants s&#8217;han mostrat molt receptius a l&#8217;hora de con\u00e9ixer les activitats que desenvoluparan en els pr\u00f2xims mesos per a orientar-los sobre les diferents opcions de futur en mat\u00e8ria educativa i laboral a les quals poden accedir d&#8217;acord amb les seues prefer\u00e8ncies.<\/p>\n\n\n\n<p class=\"wp-block-paragraph\">El programa, cofinan\u00e7at pel Fons Social Europeu en el marc de la lluita contra l&#8217;aband\u00f3 educatiu prematur, adaptar\u00e0 els seus continguts als perfils dels participants per a aconseguir que tornen al sistema educatiu treballant aspectes com la motivaci\u00f3 i l&#8217;autoestima.<\/p>\n\n\n\n<p class=\"wp-block-paragraph\">Tallers pr\u00e0ctics multidisciplinaris&nbsp;<\/p>\n\n\n\n<p class=\"wp-block-paragraph\">Les classes JOOP Utiel 2021 s&#8217;est\u00e0 impartint a la Casa de Cultura amb sessions di\u00e0ries de dilluns a divendres que s&#8217;estructuren en 4 m\u00f2duls: desenvolupament personal, social, acad\u00e8mic i d&#8217;orientaci\u00f3 professional, amb visites a empreses. En total, 376 hores lectives, en jornades de 4 hores di\u00e0ries, que reuneixen aquest grup de joves utielanos cada mat\u00ed a l&#8217;aula JOOP.<\/p>\n\n\n\n<p class=\"wp-block-paragraph\">La formaci\u00f3 inclou tallers amb diferents departaments de l&#8217;ajuntament. Aix\u00ed els alumnes participaran en sessions espec\u00edfiques impartides per responsables de les unitats d&#8217;igualtat, de la UPCCA, de l&#8217;Oficina de Pangea o la d&#8217;atenci\u00f3 a les v\u00edctimes del delicte, entre altres.&nbsp;<\/p>\n\n\n\n<p class=\"wp-block-paragraph\">L&#8217;eina pedag\u00f2gica utilitzada \u00e9s el&nbsp;coaching actitudinal amb un enfocament pr\u00e0ctic per a mostrar-los el treball real al qual porta cada titulaci\u00f3 i aix\u00ed descobrir la seua vocaci\u00f3.<\/p>\n\n\n\n<p class=\"wp-block-paragraph\">D&#8217;aquesta manera \u201cels joopers\u201d rebran la informaci\u00f3 i orientaci\u00f3 espec\u00edfica que els motivar\u00e0 en la cerca d&#8217;ocupaci\u00f3 a trav\u00e9s d&#8217;eixides a empreses d&#8217;Utiel i de la zona per a con\u00e9ixer in situ la posada en pr\u00e0ctica de la formaci\u00f3 te\u00f2rica.<\/p>\n\n\n\n<p class=\"wp-block-paragraph\">A m\u00e9s, treballaran en jornades d&#8217;oci educatiu i gesti\u00f3 del temps lliure a trav\u00e9s de diferents din\u00e0miques de grup que els ajudaran a refor\u00e7ar l&#8217;autoestima i a projectar perspectives de futur.<\/p>\n\n\n\n<p class=\"wp-block-paragraph\">\u201c\u00c9s una gran oportunitat perqu\u00e8 aquests joves reprenguen la Formaci\u00f3 Professional o el Batxillerat seguint les directrius de l&#8217;orientador, que els guiar\u00e0 d&#8217;acord amb les seues habilitats, coneixements i prefer\u00e8ncies per a trobar eixides en el m\u00f3n laboral \u201capuntava Fernando Arenas, regidor de Joventut de l&#8217;Ajuntament d&#8217;Utiel.<\/p>\n\n\n\n<p class=\"wp-block-paragraph\">El programa Jove Oportunitat, al qual s&#8217;adhereix un any m\u00e9s l&#8217;\u00e0rea de Joventut d&#8217;Utiel es desenvolupar\u00e0 fins al mes octubre.<\/p>\n\n\n\n<p class=\"wp-block-paragraph\"><\/p>\n","protected":false},"excerpt":{"rendered":"<div class=\"mh-excerpt\">8 joves d&#8217;entre 16 i 21 anys formen part d&#8217;aquest programa de l&#8217;IVAJ que es desenvolupar\u00e0 a Utiel fins al mes d&#8217;octubre amb classes teoricopr\u00e0ctiques. Ahir 8 joves utielanos iniciaven el programa formatiu Jove Oportunitat <a class=\"mh-excerpt-more\" href=\"https:\/\/tucomarca.whitekongsoftware.com\/ca\/arranca-el-programa-jove-oportunitat-a-utiel\/\" title=\"Arranca el programa Jove Oportunitat a Utiel\">[+] <\/a><\/div>\n","protected":false},"author":12,"featured_media":131844,"comment_status":"open","ping_status":"open","sticky":false,"template":"","format":"standard","meta":{"footnotes":""},"categories":[10948,10894,10904,10947,10909,10896,11059],"tags":[14477,11174,11459],"class_list":["post-131845","post","type-post","status-publish","format-standard","has-post-thumbnail","category-infraestructuras-ca","category-la-comarca-ca","category-sin-categorizar-ca","category-politica","category-requena-utiel-ca","category-seccion-ca","category-utiel-ca","tag-jove-oportunitat-ca","tag-utiel-ca","tag-utiel-requena-ca"],"_links":{"self":[{"href":"https:\/\/tucomarca.whitekongsoftware.com\/ca\/wp-json\/wp\/v2\/posts\/131845","targetHints":{"allow":["GET"]}}],"collection":[{"href":"https:\/\/tucomarca.whitekongsoftware.com\/ca\/wp-json\/wp\/v2\/posts"}],"about":[{"href":"https:\/\/tucomarca.whitekongsoftware.com\/ca\/wp-json\/wp\/v2\/types\/post"}],"author":[{"embeddable":true,"href":"https:\/\/tucomarca.whitekongsoftware.com\/ca\/wp-json\/wp\/v2\/users\/12"}],"replies":[{"embeddable":true,"href":"https:\/\/tucomarca.whitekongsoftware.com\/ca\/wp-json\/wp\/v2\/comments?post=131845"}],"version-history":[{"count":0,"href":"https:\/\/tucomarca.whitekongsoftware.com\/ca\/wp-json\/wp\/v2\/posts\/131845\/revisions"}],"wp:featuredmedia":[{"embeddable":true,"href":"https:\/\/tucomarca.whitekongsoftware.com\/ca\/wp-json\/wp\/v2\/media\/131844"}],"wp:attachment":[{"href":"https:\/\/tucomarca.whitekongsoftware.com\/ca\/wp-json\/wp\/v2\/media?parent=131845"}],"wp:term":[{"taxonomy":"category","embeddable":true,"href":"https:\/\/tucomarca.whitekongsoftware.com\/ca\/wp-json\/wp\/v2\/categories?post=131845"},{"taxonomy":"post_tag","embeddable":true,"href":"https:\/\/tucomarca.whitekongsoftware.com\/ca\/wp-json\/wp\/v2\/tags?post=131845"}],"curies":[{"name":"wp","href":"https:\/\/api.w.org\/{rel}","templated":true}]}}