{"id":131840,"date":"2021-04-27T13:00:00","date_gmt":"2021-04-27T12:00:00","guid":{"rendered":"http:\/\/www.tucomarca.com\/wordpress\/segunda\/?p=131840"},"modified":"2021-04-27T17:21:28","modified_gmt":"2021-04-27T16:21:28","slug":"la-policia-local-de-bunyol-interve-en-un-local-doci-del-municipi-per-incompliment-dhorari-i-aforament-permes","status":"publish","type":"post","link":"https:\/\/tucomarca.whitekongsoftware.com\/ca\/la-policia-local-de-bunyol-interve-en-un-local-doci-del-municipi-per-incompliment-dhorari-i-aforament-permes\/","title":{"rendered":"La Policia Local de Bunyol interv\u00e9 en un local d&#8217;oci del municipi per incompliment d&#8217;horari i aforament perm\u00e9s"},"content":{"rendered":"\n<p class=\"wp-block-paragraph\">Aquest cap de setmana la Policia Local de Bunyol ha intervingut, novament, en un local d&#8217;oci del municipi, &#8220;perqu\u00e8 hi havia indicis que s&#8217;estava incomplint la normativa Covid-19 en estar en servei fora de l&#8217;horari perm\u00e9s&#8221;, segons han informat fonts municipals.<\/p>\n\n\n\n<p class=\"wp-block-paragraph\">L&#8217;alcaldessa de Bu\u00f1ol, Jonquera Carrascosa, va afirmar en la sessi\u00f3 plen\u00e0ria celebrada en el dia d&#8217;ahir a l&#8217;Ajuntament de Bunyol sobre aquest tema que, &#8220;en aquests moments, s&#8217;est\u00e0 cursant una investigaci\u00f3 policial per a esclarir els fets\u201d.<\/p>\n\n\n\n<p class=\"wp-block-paragraph\">&#8220;Aquest tipus d&#8217;actuacions s\u00f3n les que embruten la imatge de l&#8217;hostaleria en una situaci\u00f3 tan complicada com la que s&#8217;est\u00e0 vivint. Per desgr\u00e0cia, encara que els incompliments de la normativa Covid en la poblaci\u00f3 de Bunyol no han sigut excessius, s\u00ed que n&#8217;hi ha hagut&#8221;, segons fonts del Govern municipal des d&#8217;on &#8220;agraeixen la responsabilitat i col\u00b7laboraci\u00f3 ve\u00efnal, que ha portat a poder controlar diverses situacions per part de Policia Local&#8221;.<\/p>\n\n\n\n<p class=\"wp-block-paragraph\">La regidor de Govern i Interior i Policia de l&#8217;Ajuntament de Bunyol, Mar\u00eda Vall\u00e9s, ha afegit el seu desig que &#8220;aquesta siga l&#8217;\u00faltima vegada que la Policia Local haja d&#8217;intervindre, i l&#8217;\u00faltima que h\u00e0gem de tornar a parlar d&#8217;actuacions inc\u00edviques com les suposadament esdevingudes divendres passat\u201d.<\/p>\n","protected":false},"excerpt":{"rendered":"<div class=\"mh-excerpt\">Aquest cap de setmana la Policia Local de Bunyol ha intervingut, novament, en un local d&#8217;oci del municipi, &#8220;perqu\u00e8 hi havia indicis que s&#8217;estava incomplint la normativa Covid-19 en estar en servei fora de l&#8217;horari <a class=\"mh-excerpt-more\" href=\"https:\/\/tucomarca.whitekongsoftware.com\/ca\/la-policia-local-de-bunyol-interve-en-un-local-doci-del-municipi-per-incompliment-dhorari-i-aforament-permes\/\" title=\"La Policia Local de Bunyol interv\u00e9 en un local d&#8217;oci del municipi per incompliment d&#8217;horari i aforament perm\u00e9s\">[+] <\/a><\/div>\n","protected":false},"author":1,"featured_media":102196,"comment_status":"open","ping_status":"open","sticky":false,"template":"","format":"standard","meta":{"footnotes":""},"categories":[10911,11010,12202,10948,10894,10912,10903,10947,10896,10897],"tags":[10913,11939,11940,10914],"class_list":["post-131840","post","type-post","status-publish","format-standard","has-post-thumbnail","category-bunol-ca","category-canal-salud","category-covid-19-ca","category-infraestructuras-ca","category-la-comarca-ca","category-la-hoya-ca","category-medio-ambiente-la-comarca-ca","category-politica","category-seccion-ca","category-sucesos-la-comarca-ca","tag-bunol-ca","tag-coronavirus-ca","tag-covid-19-ca","tag-la-hoya-de-bunol-chiva-ca"],"_links":{"self":[{"href":"https:\/\/tucomarca.whitekongsoftware.com\/ca\/wp-json\/wp\/v2\/posts\/131840","targetHints":{"allow":["GET"]}}],"collection":[{"href":"https:\/\/tucomarca.whitekongsoftware.com\/ca\/wp-json\/wp\/v2\/posts"}],"about":[{"href":"https:\/\/tucomarca.whitekongsoftware.com\/ca\/wp-json\/wp\/v2\/types\/post"}],"author":[{"embeddable":true,"href":"https:\/\/tucomarca.whitekongsoftware.com\/ca\/wp-json\/wp\/v2\/users\/1"}],"replies":[{"embeddable":true,"href":"https:\/\/tucomarca.whitekongsoftware.com\/ca\/wp-json\/wp\/v2\/comments?post=131840"}],"version-history":[{"count":0,"href":"https:\/\/tucomarca.whitekongsoftware.com\/ca\/wp-json\/wp\/v2\/posts\/131840\/revisions"}],"wp:featuredmedia":[{"embeddable":true,"href":"https:\/\/tucomarca.whitekongsoftware.com\/ca\/wp-json\/wp\/v2\/media\/102196"}],"wp:attachment":[{"href":"https:\/\/tucomarca.whitekongsoftware.com\/ca\/wp-json\/wp\/v2\/media?parent=131840"}],"wp:term":[{"taxonomy":"category","embeddable":true,"href":"https:\/\/tucomarca.whitekongsoftware.com\/ca\/wp-json\/wp\/v2\/categories?post=131840"},{"taxonomy":"post_tag","embeddable":true,"href":"https:\/\/tucomarca.whitekongsoftware.com\/ca\/wp-json\/wp\/v2\/tags?post=131840"}],"curies":[{"name":"wp","href":"https:\/\/api.w.org\/{rel}","templated":true}]}}