{"id":131825,"date":"2021-04-27T08:07:00","date_gmt":"2021-04-27T07:07:00","guid":{"rendered":"http:\/\/www.tucomarca.com\/wordpress\/segunda\/?p=131825"},"modified":"2021-04-27T11:45:37","modified_gmt":"2021-04-27T10:45:37","slug":"lies-la-serrania-de-villar-del-arzobispo-implanta-el-cicle-dfp-dual-de-gm-produccio-agroecologica","status":"publish","type":"post","link":"https:\/\/tucomarca.whitekongsoftware.com\/ca\/lies-la-serrania-de-villar-del-arzobispo-implanta-el-cicle-dfp-dual-de-gm-produccio-agroecologica\/","title":{"rendered":"L&#8217;IES La Serran\u00eda de Villar del Arzobispo implanta el Cicle d&#8217;FP Dual de GM Producci\u00f3 Agroecol\u00f2gica"},"content":{"rendered":"\n<p class=\"wp-block-paragraph\">Mar\u00eda \u00c1ngeles Beaus alcaldessa de Villar del Arzobispo portava temps reclamant la necessitat de potenciar la formaci\u00f3 professional a la comarca i gr\u00e0cies a la implicaci\u00f3 de la DG d&#8217;FP s&#8217;ha aconseguir fer realitat. En reunions mantingudes amb el director general de Formaci\u00f3 Professional Manuel Gomicia, l&#8217;alcaldessa M\u00aa \u00c1ngeles Beaus, la presidenta de la Mancomunitat La Regi\u00f3 muntanyenca Consuelo Alfonso P\u00e9rez, el director de l&#8217;IES La Serran\u00eda Josep Vialcanet, la coordinadora d&#8217;FP de l&#8217;IES M\u00aa Carmen Gonz\u00e1lez , el gerent de la Cooperativa Agr\u00edcola El Villar Luis Cervera L\u00f3pez i els prospectores d&#8217;FP DUAL Manuel Clemente i Juan Durban ha aconseguit el desenvolupament d&#8217;una nova proposta educativa molt interessant per al poble i contra la despoblaci\u00f3 de les zones de l&#8217;interior.<\/p>\n\n\n\n<p class=\"wp-block-paragraph\">&nbsp;En palabras de Manuel Clemente, Prospector de FP DUAL, &#8220;hay que seguir avanzando en la empleabilidad y adaptar la oferta formativa a la realidad de la comarca ofertando titulaciones con grandes posibilidades de ocupabilidad sin abandonar la comarca, lo que permite mantenerla viva y activa y generar puestos de empleo para hacer m\u00e1s atractiva la opci\u00f3n de vivir en las zonas del interior&#8221;.&nbsp;<\/p>\n\n\n\n<p class=\"wp-block-paragraph\">Este curso se ha implantado un nuevo ciclo de Atenci\u00f3n a Personas en Situaci\u00f3n de Dependencia, en el que 24 alumnas realizan su formaci\u00f3n en un sector con un desarrollo y crecimiento muy fuerte en la zona y por lo tanto con alta empleabilidad .<\/p>\n\n\n\n<p class=\"wp-block-paragraph\">&#8220;Destacar que despu\u00e9s de mucho trabajo y reuniones Villar contar\u00e1 con una Residencia de Personas Mayores y Centro de d\u00eda y un Centro de Integraci\u00f3n Social (CRIS) en Plan Convivint&nbsp; se recogen estas dos actuaciones para Villar y que se ejecutar\u00e1n en 2021-2025, que se sumar\u00e1 a los centros ya existentes&#8221;, han informado las mismas fuentes.<\/p>\n\n\n\n<p class=\"wp-block-paragraph\">Esto junto el nuevo reto para el pr\u00f3ximo curso de la implantaci\u00f3n del ciclo de GM de&nbsp; Producci\u00f3n agropecuaria que se impartir\u00e1 en modalidad DUAL (con lo que parte del alumnado acudir\u00e1 tambi\u00e9n a clase en la Cooperativa El Villar, con posibilidad de ampliaci\u00f3n a otras cooperativas y entidades de la comarca para formarse de manera m\u00e1s espec\u00edfica en los aspectos m\u00e1s demandados en estas entidades) hacen que el IES la Serran\u00eda tenga una oferta atractiva y potente en Formaci\u00f3n Profesional.<\/p>\n\n\n\n<p class=\"wp-block-paragraph\">&#8220;La implantaci\u00f3n&nbsp; de los nuevos ciclos ha de adaptarse a las necesidades y a un proyecto de comarca que responda al modelo territorial y que defina las necesidades de empleabilidad de l,os futuros estudiantes de FP&#8221;, han finalizado.<\/p>\n","protected":false},"excerpt":{"rendered":"<div class=\"mh-excerpt\">Mar\u00eda \u00c1ngeles Beaus alcaldessa de Villar del Arzobispo portava temps reclamant la necessitat de potenciar la formaci\u00f3 professional a la comarca i gr\u00e0cies a la implicaci\u00f3 de la DG d&#8217;FP s&#8217;ha aconseguir fer realitat. En <a class=\"mh-excerpt-more\" href=\"https:\/\/tucomarca.whitekongsoftware.com\/ca\/lies-la-serrania-de-villar-del-arzobispo-implanta-el-cicle-dfp-dual-de-gm-produccio-agroecologica\/\" title=\"L&#8217;IES La Serran\u00eda de Villar del Arzobispo implanta el Cicle d&#8217;FP Dual de GM Producci\u00f3 Agroecol\u00f2gica\">[+] <\/a><\/div>\n","protected":false},"author":1,"featured_media":131823,"comment_status":"open","ping_status":"open","sticky":false,"template":"","format":"standard","meta":{"footnotes":""},"categories":[11046,10898,10948,10894,10904,10947,10896,11029],"tags":[11928,11080,11119],"class_list":["post-131825","post","type-post","status-publish","format-standard","has-post-thumbnail","category-los-serranos-ca","category-ventana-ca","category-infraestructuras-ca","category-la-comarca-ca","category-sin-categorizar-ca","category-politica","category-seccion-ca","category-villar-del-arzobispo-ca","tag-la-serrania-ca","tag-los-serranos-ca","tag-villar-del-arzobispo-ca"],"_links":{"self":[{"href":"https:\/\/tucomarca.whitekongsoftware.com\/ca\/wp-json\/wp\/v2\/posts\/131825","targetHints":{"allow":["GET"]}}],"collection":[{"href":"https:\/\/tucomarca.whitekongsoftware.com\/ca\/wp-json\/wp\/v2\/posts"}],"about":[{"href":"https:\/\/tucomarca.whitekongsoftware.com\/ca\/wp-json\/wp\/v2\/types\/post"}],"author":[{"embeddable":true,"href":"https:\/\/tucomarca.whitekongsoftware.com\/ca\/wp-json\/wp\/v2\/users\/1"}],"replies":[{"embeddable":true,"href":"https:\/\/tucomarca.whitekongsoftware.com\/ca\/wp-json\/wp\/v2\/comments?post=131825"}],"version-history":[{"count":0,"href":"https:\/\/tucomarca.whitekongsoftware.com\/ca\/wp-json\/wp\/v2\/posts\/131825\/revisions"}],"wp:featuredmedia":[{"embeddable":true,"href":"https:\/\/tucomarca.whitekongsoftware.com\/ca\/wp-json\/wp\/v2\/media\/131823"}],"wp:attachment":[{"href":"https:\/\/tucomarca.whitekongsoftware.com\/ca\/wp-json\/wp\/v2\/media?parent=131825"}],"wp:term":[{"taxonomy":"category","embeddable":true,"href":"https:\/\/tucomarca.whitekongsoftware.com\/ca\/wp-json\/wp\/v2\/categories?post=131825"},{"taxonomy":"post_tag","embeddable":true,"href":"https:\/\/tucomarca.whitekongsoftware.com\/ca\/wp-json\/wp\/v2\/tags?post=131825"}],"curies":[{"name":"wp","href":"https:\/\/api.w.org\/{rel}","templated":true}]}}