{"id":131809,"date":"2021-04-27T08:14:00","date_gmt":"2021-04-27T07:14:00","guid":{"rendered":"http:\/\/www.tucomarca.com\/wordpress\/segunda\/?p=131809"},"modified":"2021-04-27T11:17:43","modified_gmt":"2021-04-27T10:17:43","slug":"la-unio-de-llauradors-aposta-per-les-energies-renovables-pero-duna-forma-ordenada-i-sostenible-sense-destrossar-terrenys-agricoles-productius-i-el-paisatge-rural","status":"publish","type":"post","link":"https:\/\/tucomarca.whitekongsoftware.com\/ca\/la-unio-de-llauradors-aposta-per-les-energies-renovables-pero-duna-forma-ordenada-i-sostenible-sense-destrossar-terrenys-agricoles-productius-i-el-paisatge-rural\/","title":{"rendered":"La Uni\u00f3 de Llauradors aposta per les energies renovables &#8220;per\u00f2 d&#8217;una forma ordenada i sostenible sense destrossar terrenys agr\u00edcoles productius i el paisatge rural&#8221;"},"content":{"rendered":"\n<h4 class=\"wp-block-heading\"><strong><strong>El debat no \u00e9s renovables s\u00ed o no, sin\u00f3 el model de grans instal\u00b7lacions que ens pretenen imposar sense planificaci\u00f3 i per tots els llocs<\/strong><\/strong>, asseguren<\/h4>\n\n\n\n<p class=\"wp-block-paragraph\">La Uni\u00f3 de Llauradors i Ramaders proposa que el necessari canvi de model energ\u00e8tic cap a fonts renovables en la Comunitat Valenciana es realitze respectant els terrenys agr\u00edcoles productius, l&#8217;activitat agr\u00e0ria, les instal\u00b7lacions de regadiu, les infraestructures agr\u00e0ries i el paisatge rural.<\/p>\n\n\n\n<p class=\"wp-block-paragraph\">L&#8217;organitzaci\u00f3 professional agr\u00e0ria desitja aix\u00ed posicionar-se sobre l&#8217;anunci i la proliferaci\u00f3 de grans instal\u00b7lacions solars, e\u00f2liques o torres d&#8217;alta tensi\u00f3 que pretenen instal\u00b7lar-se en la Comunitat Valenciana i puntualitza que est\u00e0 totalment a favor de les energies renovables, verdes i netes, per\u00f2 d&#8217;una forma sostenible sempre que es respecte el territori, l&#8217;agricultura i ramaderia, el medi ambient, el paisatge de les nostres zones rurals i revertisca en benefici d&#8217;eixes zones on s&#8217;instal\u00b7len.<\/p>\n\n\n\n<p class=\"wp-block-paragraph\">La Uni\u00f3 traslladar\u00e0 aix\u00ed a la Generalitat la necessitat de planificar i ordenar una correcta ubicaci\u00f3 dels parcs fotovoltaics i e\u00f2lics, prioritzant la seua construcci\u00f3 segons el seu volum i en zones on l&#8217;impacte i l&#8217;efecte siga menys agressiu, en lloc de construir de manera massiva i per tots els llocs.<\/p>\n\n\n\n<p class=\"wp-block-paragraph\">Cal assenyalar que el Consell va aprovar l&#8217;any passat el Decret llei 14\/20 amb l&#8217;objectiu d&#8217;accelerar la implantaci\u00f3 d&#8217;instal\u00b7lacions de producci\u00f3 d&#8217;electricitat d&#8217;origen renovable com la fotovoltaica i l&#8217;e\u00f2lica. Una normativa on s&#8217;estableixen molts criteris que al nostre judici, i pel que anem coneixent en la pr\u00e0ctica, no s&#8217;estan complint, com \u00e9s la prioritat d&#8217;instal\u00b7lar-les sobre cobertes, en s\u00f2ls ja urbanitzats, en s\u00f2ls degradats, ja que moltes d&#8217;elles es proposen en terrenys productius i no s&#8217;integren amb el medi agrari, amb instal\u00b7lacions de regadiu en \u00fas, amb projectes de divesificaci\u00f3 econ\u00f2mica, paisatges ancestrals, etc\u00e8tera. Aix\u00ed, per exemple, l&#8217;organitzaci\u00f3 proposa a la Generalitat que la implantaci\u00f3 d&#8217;instal\u00b7lacions per a l&#8217;aprofitament de les energies renovables no suposen una p\u00e8rdua de drets de reg de la superf\u00edcie on estan implantades.<\/p>\n\n\n\n<p class=\"wp-block-paragraph\">En aquest sentit, LA UNI\u00d3 desitja posar en valor el paisatge de les nostres zones rurals amb una agricultura din\u00e0mica, sostenible, moderna i en mans de les persones que viuen i treballen en el territori, enfront dels fons d&#8217;inversions que impulsen moltes d\u2019aquestes energies i que pretenen tamb\u00e9 quedar-se amb bona part de les empreses del sector agrari.<\/p>\n\n\n\n<p class=\"wp-block-paragraph\">Carles Peris, secretari general de LA UNI\u00d3, considera que \u201cel debat no \u00e9s renovables s\u00ed o no, nosaltres el tenim clar i superat i apostem des de fa temps per elles, sin\u00f3 de model que no pot estar basat en el sistema del pelotazo de la construcci\u00f3 de fa anys amb enormes projectes i plantes per tots els llocs, sense cap mena de control, sense analitzar les conseq\u00fc\u00e8ncies per al territori, l&#8217;activitat agr\u00edcola, el paisatge, i sobretot sense pensar en els habitants de les nostres zones rurals, ni revertir els beneficis en les zones on s&#8217;instal\u00b7len\u201d.<\/p>\n","protected":false},"excerpt":{"rendered":"<div class=\"mh-excerpt\">El debat no \u00e9s renovables s\u00ed o no, sin\u00f3 el model de grans instal\u00b7lacions que ens pretenen imposar sense planificaci\u00f3 i per tots els llocs, asseguren La Uni\u00f3 de Llauradors i Ramaders proposa que el <a class=\"mh-excerpt-more\" href=\"https:\/\/tucomarca.whitekongsoftware.com\/ca\/la-unio-de-llauradors-aposta-per-les-energies-renovables-pero-duna-forma-ordenada-i-sostenible-sense-destrossar-terrenys-agricoles-productius-i-el-paisatge-rural\/\" title=\"La Uni\u00f3 de Llauradors aposta per les energies renovables &#8220;per\u00f2 d&#8217;una forma ordenada i sostenible sense destrossar terrenys agr\u00edcoles productius i el paisatge rural&#8221;\">[+] <\/a><\/div>\n","protected":false},"author":1,"featured_media":131807,"comment_status":"open","ping_status":"open","sticky":false,"template":"","format":"standard","meta":{"footnotes":""},"categories":[10905,10898,10948,10894,10904,10912,10903,10947,10896,10897],"tags":[14472,14473,12228],"class_list":["post-131809","post","type-post","status-publish","format-standard","has-post-thumbnail","category-agricultura-la-comarca-ca","category-ventana-ca","category-infraestructuras-ca","category-la-comarca-ca","category-sin-categorizar-ca","category-la-hoya-ca","category-medio-ambiente-la-comarca-ca","category-politica","category-seccion-ca","category-sucesos-la-comarca-ca","tag-campos-ca","tag-solar-ca","tag-unio-de-llauradors-i-ramaders-ca"],"_links":{"self":[{"href":"https:\/\/tucomarca.whitekongsoftware.com\/ca\/wp-json\/wp\/v2\/posts\/131809","targetHints":{"allow":["GET"]}}],"collection":[{"href":"https:\/\/tucomarca.whitekongsoftware.com\/ca\/wp-json\/wp\/v2\/posts"}],"about":[{"href":"https:\/\/tucomarca.whitekongsoftware.com\/ca\/wp-json\/wp\/v2\/types\/post"}],"author":[{"embeddable":true,"href":"https:\/\/tucomarca.whitekongsoftware.com\/ca\/wp-json\/wp\/v2\/users\/1"}],"replies":[{"embeddable":true,"href":"https:\/\/tucomarca.whitekongsoftware.com\/ca\/wp-json\/wp\/v2\/comments?post=131809"}],"version-history":[{"count":0,"href":"https:\/\/tucomarca.whitekongsoftware.com\/ca\/wp-json\/wp\/v2\/posts\/131809\/revisions"}],"wp:featuredmedia":[{"embeddable":true,"href":"https:\/\/tucomarca.whitekongsoftware.com\/ca\/wp-json\/wp\/v2\/media\/131807"}],"wp:attachment":[{"href":"https:\/\/tucomarca.whitekongsoftware.com\/ca\/wp-json\/wp\/v2\/media?parent=131809"}],"wp:term":[{"taxonomy":"category","embeddable":true,"href":"https:\/\/tucomarca.whitekongsoftware.com\/ca\/wp-json\/wp\/v2\/categories?post=131809"},{"taxonomy":"post_tag","embeddable":true,"href":"https:\/\/tucomarca.whitekongsoftware.com\/ca\/wp-json\/wp\/v2\/tags?post=131809"}],"curies":[{"name":"wp","href":"https:\/\/api.w.org\/{rel}","templated":true}]}}