{"id":131788,"date":"2021-04-27T08:00:00","date_gmt":"2021-04-27T07:00:00","guid":{"rendered":"http:\/\/www.tucomarca.com\/wordpress\/segunda\/?p=131788"},"modified":"2021-04-27T10:54:21","modified_gmt":"2021-04-27T09:54:21","slug":"la-revisio-del-cataleg-valencia-despecies-amenacades-rep-un-alluvio-dallegacions","status":"publish","type":"post","link":"https:\/\/tucomarca.whitekongsoftware.com\/ca\/la-revisio-del-cataleg-valencia-despecies-amenacades-rep-un-alluvio-dallegacions\/","title":{"rendered":"La revisi\u00f3 del cat\u00e0leg valenci\u00e0 d&#8217;esp\u00e8cies amena\u00e7ades rep un al\u00b7luvi\u00f3 d&#8217;al\u00b7legacions"},"content":{"rendered":"\n<p class=\"wp-block-paragraph\">La Societat Valenciana d\u2019Ornitologia (SVO) ha participat durant aquest mes de mar\u00e7 en l&#8217;elaboraci\u00f3 i presentaci\u00f3 d&#8217;un complet document d&#8217;al\u00b7legacions a l&#8217;esborrany d&#8217;Ordre per a la reforma del cat\u00e0leg valenci\u00e0 d&#8217;esp\u00e8cies amena\u00e7ades. La proposta plantejada per la Generalitat Valenciana &#8220;no ha sigut ben rebuda entre entitats conservacionistes, ja que, segons argumenten, no considera sota el grau d&#8217;amena\u00e7a adequat a diverses esp\u00e8cies que complirien els criteris per a aix\u00f2&#8221; afirmen des de la societat. <\/p>\n\n\n\n<p class=\"wp-block-paragraph\">El cat\u00e0leg valenci\u00e0 d&#8217;esp\u00e8cies de fauna amena\u00e7ades es va crear l&#8217;any 1994, a fi de exigir l&#8217;adopci\u00f3 de mesures espec\u00edfiques de conservaci\u00f3 per a aquelles esp\u00e8cies incloses en ell. Ha sigut revisat en diverses ocasions, l&#8217;\u00faltima en 2013, i en aquest moment es treballa en una nova modificaci\u00f3 per a incloure, excloure o canviar de categoria les esp\u00e8cies que es considere. <\/p>\n\n\n\n<p class=\"wp-block-paragraph\">Segons exposa el document t\u00e8cnic elaborat pel Servei de Vida Silvestre de la Generalitat, per a efectuar aquesta revisi\u00f3 s&#8217;han emprat i adaptat els criteris orientadors elaborats pel Ministeri de Transici\u00f3 Ecol\u00f2gica per a la catalogaci\u00f3 d&#8217;esp\u00e8cies en la categoria d&#8217;amena\u00e7a adequada. No obstant aix\u00f2, els grups conservacionistes assenyalen que aquesta adaptaci\u00f3 dels criteris &#8220;s&#8217;ha realitzat en diversos casos d&#8217;una manera absolutament subjectiva i injustificat, deixant a determinades esp\u00e8cies en una categoria d&#8217;amena\u00e7a inferior a la que li correspon&#8221;. Informa, <strong>Luis Ib\u00e1\u00f1ez<\/strong>.<\/p>\n","protected":false},"excerpt":{"rendered":"<div class=\"mh-excerpt\">La Societat Valenciana d\u2019Ornitologia (SVO) ha participat durant aquest mes de mar\u00e7 en l&#8217;elaboraci\u00f3 i presentaci\u00f3 d&#8217;un complet document d&#8217;al\u00b7legacions a l&#8217;esborrany d&#8217;Ordre per a la reforma del cat\u00e0leg valenci\u00e0 d&#8217;esp\u00e8cies amena\u00e7ades. La proposta plantejada <a class=\"mh-excerpt-more\" href=\"https:\/\/tucomarca.whitekongsoftware.com\/ca\/la-revisio-del-cataleg-valencia-despecies-amenacades-rep-un-alluvio-dallegacions\/\" title=\"La revisi\u00f3 del cat\u00e0leg valenci\u00e0 d&#8217;esp\u00e8cies amena\u00e7ades rep un al\u00b7luvi\u00f3 d&#8217;al\u00b7legacions\">[+] <\/a><\/div>\n","protected":false},"author":1,"featured_media":131784,"comment_status":"open","ping_status":"open","sticky":false,"template":"","format":"standard","meta":{"footnotes":""},"categories":[10890,10951,11046,10898,10948,10894,10904,10903,10947,10909,10896,10897],"tags":[14470,14471],"class_list":["post-131788","post","type-post","status-publish","format-standard","has-post-thumbnail","category-ademus","category-ayora-cofrentes-ca","category-los-serranos-ca","category-ventana-ca","category-infraestructuras-ca","category-la-comarca-ca","category-sin-categorizar-ca","category-medio-ambiente-la-comarca-ca","category-politica","category-requena-utiel-ca","category-seccion-ca","category-sucesos-la-comarca-ca","tag-sociedad-valenciana-ornitologia-ca","tag-svo-ca"],"_links":{"self":[{"href":"https:\/\/tucomarca.whitekongsoftware.com\/ca\/wp-json\/wp\/v2\/posts\/131788","targetHints":{"allow":["GET"]}}],"collection":[{"href":"https:\/\/tucomarca.whitekongsoftware.com\/ca\/wp-json\/wp\/v2\/posts"}],"about":[{"href":"https:\/\/tucomarca.whitekongsoftware.com\/ca\/wp-json\/wp\/v2\/types\/post"}],"author":[{"embeddable":true,"href":"https:\/\/tucomarca.whitekongsoftware.com\/ca\/wp-json\/wp\/v2\/users\/1"}],"replies":[{"embeddable":true,"href":"https:\/\/tucomarca.whitekongsoftware.com\/ca\/wp-json\/wp\/v2\/comments?post=131788"}],"version-history":[{"count":0,"href":"https:\/\/tucomarca.whitekongsoftware.com\/ca\/wp-json\/wp\/v2\/posts\/131788\/revisions"}],"wp:featuredmedia":[{"embeddable":true,"href":"https:\/\/tucomarca.whitekongsoftware.com\/ca\/wp-json\/wp\/v2\/media\/131784"}],"wp:attachment":[{"href":"https:\/\/tucomarca.whitekongsoftware.com\/ca\/wp-json\/wp\/v2\/media?parent=131788"}],"wp:term":[{"taxonomy":"category","embeddable":true,"href":"https:\/\/tucomarca.whitekongsoftware.com\/ca\/wp-json\/wp\/v2\/categories?post=131788"},{"taxonomy":"post_tag","embeddable":true,"href":"https:\/\/tucomarca.whitekongsoftware.com\/ca\/wp-json\/wp\/v2\/tags?post=131788"}],"curies":[{"name":"wp","href":"https:\/\/api.w.org\/{rel}","templated":true}]}}