{"id":131680,"date":"2021-04-26T09:08:00","date_gmt":"2021-04-26T08:08:00","guid":{"rendered":"http:\/\/www.tucomarca.com\/wordpress\/segunda\/?p=131680"},"modified":"2021-04-26T13:40:41","modified_gmt":"2021-04-26T12:40:41","slug":"aquesta-setmana-finalitzen-els-actes-pel-dia-del-llibre-a-bunyol-despres-dun-mes-dedicat-a-la-literatura-per-a-tots-els-gustos-i-edats","status":"publish","type":"post","link":"https:\/\/tucomarca.whitekongsoftware.com\/ca\/aquesta-setmana-finalitzen-els-actes-pel-dia-del-llibre-a-bunyol-despres-dun-mes-dedicat-a-la-literatura-per-a-tots-els-gustos-i-edats\/","title":{"rendered":"Aquesta setmana finalitzen els actes pel Dia del llibre a Bunyol despr\u00e9s d&#8217;un mes dedicat a la literatura per a tots els gustos i edats"},"content":{"rendered":"\n<h4 class=\"wp-block-heading\">Projecci\u00f3 d&#8217;un film, xarrada sobre el Comtat de Bunyol, un club de lectura d&#8217;una obra de l&#8217;escriptora Elvira Lindo, i presentaci\u00f3 d&#8217;un llibre sobre la hist\u00f2ria de Bunyol formen part dels actes amb els quals aquesta setmana finalitza l&#8217;homenatge al llibre que des de la regidoria de Cultura i la Biblioteca han rendit tot aquest mes d&#8217;abril.&nbsp;<\/h4>\n\n\n\n<p class=\"wp-block-paragraph\">Juan Luis Pall\u00e1s, regidor de Cultura de l&#8217;Ajuntament de Bunyol, informa de l&#8217;\u00faltima setmana d&#8217;actes amb motiu del Dia del Llibre, que van arrancar el passat 9 d&#8217;abril. Aquests actes han estat organitzats conjuntament per la Biblioteca Municipal de Bunyol. Xarrada, projecci\u00f3 de pel\u00b7l\u00edcula, club de lectura i presentaci\u00f3 de llibre centren l&#8217;atenci\u00f3 aquesta setmana.&nbsp;<\/p>\n\n\n\n<p class=\"wp-block-paragraph\">Dem\u00e0 dimarts 27 a les 19h a la biblioteca es projectar\u00e0 el film \u201cL&#8217;odissea de Vasi\u201d, amb la pres\u00e8ncia del director, Vasileios Papatheocharis. La conviv\u00e8ncia entre dos desconeguts durant un llarg viatge d&#8217;Alacant a Gr\u00e8cia i la cerca de la felicitat des dels secrets, les difer\u00e8ncies, els somnis i l&#8217;esperan\u00e7a.&nbsp;<\/p>\n\n\n\n<p class=\"wp-block-paragraph\">El dimecres a la mateixa hora, i en el mateix enclavament, xarrada i presentaci\u00f3 de documents a c\u00e0rrec de Daniel Hern\u00e1ndez sobre \u201cEl comtat de Bunyol. Proc\u00e9s d&#8217;incorporaci\u00f3 a la corona\u201d. El dijous hi haur\u00e0 club de lectura sobre l&#8217;obra \u201cA cor obert\u201d d&#8217;Elvira Lindo. I el divendres es presentar\u00e0 el llibre de M\u00aa Luisa Mu\u00f1oz, \u201cEls Mercader, senyors de Bunyol i Xest. Un llinatge, dues fam\u00edlies (S.XVI-XVII)\u201d amb la pres\u00e8ncia de l&#8217;autora i de Federico Verdet, president de l&#8217;IEC.<\/p>\n\n\n\n<p class=\"wp-block-paragraph\">Pall\u00e1s ha qualificat d&#8217;\u00e8xit cadascun dels actes que s&#8217;han dut a terme durant tot aquest mes d&#8217;abril: \u201cara que finalitzem aquest mes i que arranquem maig amb el Festival Viure de Cinema, el balan\u00e7 no podria ser m\u00e9s positiu. Tots els esdeveniments programats han completat aforament malgrat la pand\u00e8mia. Bunyol demostra novament que \u00e9s cultura, \u00e9s m\u00fasica, \u00e9s art, \u00e9s literatura, \u00e9s poesia, \u00e9s hist\u00f2ria\u2026\u201d, va finalitzar l&#8217;edil.<\/p>\n\n\n\n<p class=\"wp-block-paragraph\"><\/p>\n","protected":false},"excerpt":{"rendered":"<div class=\"mh-excerpt\">Projecci\u00f3 d&#8217;un film, xarrada sobre el Comtat de Bunyol, un club de lectura d&#8217;una obra de l&#8217;escriptora Elvira Lindo, i presentaci\u00f3 d&#8217;un llibre sobre la hist\u00f2ria de Bunyol formen part dels actes amb els quals <a class=\"mh-excerpt-more\" href=\"https:\/\/tucomarca.whitekongsoftware.com\/ca\/aquesta-setmana-finalitzen-els-actes-pel-dia-del-llibre-a-bunyol-despres-dun-mes-dedicat-a-la-literatura-per-a-tots-els-gustos-i-edats\/\" title=\"Aquesta setmana finalitzen els actes pel Dia del llibre a Bunyol despr\u00e9s d&#8217;un mes dedicat a la literatura per a tots els gustos i edats\">[+] <\/a><\/div>\n","protected":false},"author":12,"featured_media":131679,"comment_status":"open","ping_status":"open","sticky":false,"template":"","format":"standard","meta":{"footnotes":""},"categories":[11019,10911,10894,10912,11007,10896],"tags":[10913,12194,12007,10914],"class_list":["post-131680","post","type-post","status-publish","format-standard","has-post-thumbnail","category-agenda-ca","category-bunol-ca","category-la-comarca-ca","category-la-hoya-ca","category-ocio-y-cultura-ca","category-seccion-ca","tag-bunol-ca","tag-cultura-ca","tag-dia-del-libro-ca","tag-la-hoya-de-bunol-chiva-ca"],"_links":{"self":[{"href":"https:\/\/tucomarca.whitekongsoftware.com\/ca\/wp-json\/wp\/v2\/posts\/131680","targetHints":{"allow":["GET"]}}],"collection":[{"href":"https:\/\/tucomarca.whitekongsoftware.com\/ca\/wp-json\/wp\/v2\/posts"}],"about":[{"href":"https:\/\/tucomarca.whitekongsoftware.com\/ca\/wp-json\/wp\/v2\/types\/post"}],"author":[{"embeddable":true,"href":"https:\/\/tucomarca.whitekongsoftware.com\/ca\/wp-json\/wp\/v2\/users\/12"}],"replies":[{"embeddable":true,"href":"https:\/\/tucomarca.whitekongsoftware.com\/ca\/wp-json\/wp\/v2\/comments?post=131680"}],"version-history":[{"count":0,"href":"https:\/\/tucomarca.whitekongsoftware.com\/ca\/wp-json\/wp\/v2\/posts\/131680\/revisions"}],"wp:featuredmedia":[{"embeddable":true,"href":"https:\/\/tucomarca.whitekongsoftware.com\/ca\/wp-json\/wp\/v2\/media\/131679"}],"wp:attachment":[{"href":"https:\/\/tucomarca.whitekongsoftware.com\/ca\/wp-json\/wp\/v2\/media?parent=131680"}],"wp:term":[{"taxonomy":"category","embeddable":true,"href":"https:\/\/tucomarca.whitekongsoftware.com\/ca\/wp-json\/wp\/v2\/categories?post=131680"},{"taxonomy":"post_tag","embeddable":true,"href":"https:\/\/tucomarca.whitekongsoftware.com\/ca\/wp-json\/wp\/v2\/tags?post=131680"}],"curies":[{"name":"wp","href":"https:\/\/api.w.org\/{rel}","templated":true}]}}