{"id":131667,"date":"2021-04-26T11:56:00","date_gmt":"2021-04-26T10:56:00","guid":{"rendered":"http:\/\/www.tucomarca.com\/wordpress\/segunda\/?p=131667"},"modified":"2021-04-26T13:35:29","modified_gmt":"2021-04-26T12:35:29","slug":"lajuntament-de-sant-antoni-de-benaixeve-reparteix-mes-de-4-000-quilos-daliments-a-families-desfavorides","status":"publish","type":"post","link":"https:\/\/tucomarca.whitekongsoftware.com\/ca\/lajuntament-de-sant-antoni-de-benaixeve-reparteix-mes-de-4-000-quilos-daliments-a-families-desfavorides\/","title":{"rendered":"L\u2019Ajuntament de Sant Antoni de Benaixeve reparteix m\u00e9s de 4.000 quilos d&#8217;aliments a fam\u00edlies desfavorides"},"content":{"rendered":"\n<h4 class=\"wp-block-heading\"><strong>El consistori col\u00b7labora amb Creu Roja actuant com a punt de distribuci\u00f3<\/strong><\/h4>\n\n\n\n<figure class=\"wp-block-gallery columns-2 is-cropped wp-block-gallery-1 is-layout-flex wp-block-gallery-is-layout-flex\"><ul class=\"blocks-gallery-grid\"><li class=\"blocks-gallery-item\"><figure><img loading=\"lazy\" decoding=\"async\" width=\"787\" height=\"443\" src=\"http:\/\/www.tucomarca.com\/wordpress\/segunda\/wp-content\/uploads\/2021\/04\/SABCruzRoja3.jpg\" alt=\"\" data-id=\"131662\" data-full-url=\"http:\/\/www.tucomarca.com\/wordpress\/segunda\/wp-content\/uploads\/2021\/04\/SABCruzRoja3.jpg\" data-link=\"https:\/\/www.tucomarca.com\/wordpress\/segunda\/?attachment_id=131662\" class=\"wp-image-131662\" srcset=\"https:\/\/tucomarca.whitekongsoftware.com\/wp-content\/uploads\/2021\/04\/SABCruzRoja3.jpg 787w, https:\/\/tucomarca.whitekongsoftware.com\/wp-content\/uploads\/2021\/04\/SABCruzRoja3-300x169.jpg 300w, https:\/\/tucomarca.whitekongsoftware.com\/wp-content\/uploads\/2021\/04\/SABCruzRoja3-768x432.jpg 768w, https:\/\/tucomarca.whitekongsoftware.com\/wp-content\/uploads\/2021\/04\/SABCruzRoja3-678x381.jpg 678w\" sizes=\"auto, (max-width: 787px) 100vw, 787px\" \/><\/figure><\/li><li class=\"blocks-gallery-item\"><figure><img loading=\"lazy\" decoding=\"async\" width=\"787\" height=\"443\" src=\"http:\/\/www.tucomarca.com\/wordpress\/segunda\/wp-content\/uploads\/2021\/04\/SABCruzRoja2.jpg\" alt=\"\" data-id=\"131664\" data-full-url=\"http:\/\/www.tucomarca.com\/wordpress\/segunda\/wp-content\/uploads\/2021\/04\/SABCruzRoja2.jpg\" data-link=\"https:\/\/www.tucomarca.com\/wordpress\/segunda\/?attachment_id=131664\" class=\"wp-image-131664\" srcset=\"https:\/\/tucomarca.whitekongsoftware.com\/wp-content\/uploads\/2021\/04\/SABCruzRoja2.jpg 787w, https:\/\/tucomarca.whitekongsoftware.com\/wp-content\/uploads\/2021\/04\/SABCruzRoja2-300x169.jpg 300w, https:\/\/tucomarca.whitekongsoftware.com\/wp-content\/uploads\/2021\/04\/SABCruzRoja2-768x432.jpg 768w, https:\/\/tucomarca.whitekongsoftware.com\/wp-content\/uploads\/2021\/04\/SABCruzRoja2-678x381.jpg 678w\" sizes=\"auto, (max-width: 787px) 100vw, 787px\" \/><\/figure><\/li><\/ul><\/figure>\n\n\n\n<p class=\"wp-block-paragraph\">La Regidoria d&#8217;Igualtat i Pol\u00edtiques Inclusives de l&#8217;Ajuntament de Sant Antoni de Benaixeve ha dut a terme, al llarg d&#8217;estes \u00faltimes setmanes, una&nbsp; campanya de repartiment de lots d&#8217;aliments a fam\u00edlies desfavorides del municipi. El Consistori est\u00e0 adherit al programa Fons d&#8217;Ajudes Europees a les Persones m\u00e9s Desfavorides (FEAD) de Creu Roja, i actua per tant com a punt de distribuci\u00f3 d&#8217;aliments no peribles, seleccionats segons criteris b\u00e0sics, en termes nutritius de qualitat i varietat. Aix\u00ed, esta campanya es duu a terme al municipi diverses vegades a l&#8217;any.<\/p>\n\n\n\n<p class=\"wp-block-paragraph\">Aix\u00ed, en aquesta ocasi\u00f3 s&#8217;han at\u00e9s 55 unitats de conviv\u00e8ncia, sent el nombre total de beneficiaris de 179. Per part seua, l&#8217;equip de l&#8217;\u00e0rea d&#8217;Igualtat i Pol\u00edtiques Inclusives, com sempre, ha realitzat el repartiment de lots respectant al m\u00e0xim la privacitat de les persones usu\u00e0ries, citant-los de manera individual en diferents franges de temps. En total, els productes alimentaris entregats han ascendit als 4.117 kg.<\/p>\n\n\n\n<p class=\"wp-block-paragraph\">M\u00aa \u00c1ngeles Irles, regidora de l&#8217;\u00e0rea, ha assenyalat que \u201cen el moment en qu\u00e8 vam ser coneixedors d&#8217;aquest recurs no dubtarem ni un segon a sol\u00b7licitar ser Unitat de Repartiment d&#8217;Aliments.\u201d \u201cEns vam acollir a aquest programa el 2019 i en este temps s&#8217;ha fet lliurament aproximadament d\u2019uns 22.725 quilos d&#8217;aliments no peribles\u201d ha afegit.<\/p>\n\n\n\n<p class=\"wp-block-paragraph\">A trav\u00e9s d&#8217;aquest programa de Creu Roja, finan\u00e7at per la Comunitat Europea i l&#8217;Estat, es contribueix a satisfer les necessitats nutricionals de les persones destinat\u00e0ries, amb una remesa d&#8217;aliments elaborats espec\u00edficament per a aquest programa, i que mantenen la mateixa exig\u00e8ncia de qualitat que els fabricats per a la seua comercialitzaci\u00f3. \u201cD&#8217;aquesta manera, podem ampliar l&#8217;ajuda a les persones socialment vulnerables del nostre municipi\u201d ha concl\u00f2s Irles.<\/p>\n","protected":false},"excerpt":{"rendered":"<div class=\"mh-excerpt\">El consistori col\u00b7labora amb Creu Roja actuant com a punt de distribuci\u00f3 La Regidoria d&#8217;Igualtat i Pol\u00edtiques Inclusives de l&#8217;Ajuntament de Sant Antoni de Benaixeve ha dut a terme, al llarg d&#8217;estes \u00faltimes setmanes, una&nbsp; <a class=\"mh-excerpt-more\" href=\"https:\/\/tucomarca.whitekongsoftware.com\/ca\/lajuntament-de-sant-antoni-de-benaixeve-reparteix-mes-de-4-000-quilos-daliments-a-families-desfavorides\/\" title=\"L\u2019Ajuntament de Sant Antoni de Benaixeve reparteix m\u00e9s de 4.000 quilos d&#8217;aliments a fam\u00edlies desfavorides\">[+] <\/a><\/div>\n","protected":false},"author":12,"featured_media":131661,"comment_status":"open","ping_status":"open","sticky":false,"template":"","format":"standard","meta":{"footnotes":""},"categories":[10892,10948,10894,10947,10934,10896,10897],"tags":[10899,12468,14448,11147],"class_list":["post-131667","post","type-post","status-publish","format-standard","has-post-thumbnail","category-camp-de-turia-ca","category-infraestructuras-ca","category-la-comarca-ca","category-politica","category-san-antonio-de-benageber-ca","category-seccion-ca","category-sucesos-la-comarca-ca","tag-camp-de-turia-ca","tag-cruz-roja-ca","tag-igualdad-y-politicas-inclusivas-ca","tag-san-antoni-de-benageber"],"_links":{"self":[{"href":"https:\/\/tucomarca.whitekongsoftware.com\/ca\/wp-json\/wp\/v2\/posts\/131667","targetHints":{"allow":["GET"]}}],"collection":[{"href":"https:\/\/tucomarca.whitekongsoftware.com\/ca\/wp-json\/wp\/v2\/posts"}],"about":[{"href":"https:\/\/tucomarca.whitekongsoftware.com\/ca\/wp-json\/wp\/v2\/types\/post"}],"author":[{"embeddable":true,"href":"https:\/\/tucomarca.whitekongsoftware.com\/ca\/wp-json\/wp\/v2\/users\/12"}],"replies":[{"embeddable":true,"href":"https:\/\/tucomarca.whitekongsoftware.com\/ca\/wp-json\/wp\/v2\/comments?post=131667"}],"version-history":[{"count":0,"href":"https:\/\/tucomarca.whitekongsoftware.com\/ca\/wp-json\/wp\/v2\/posts\/131667\/revisions"}],"wp:featuredmedia":[{"embeddable":true,"href":"https:\/\/tucomarca.whitekongsoftware.com\/ca\/wp-json\/wp\/v2\/media\/131661"}],"wp:attachment":[{"href":"https:\/\/tucomarca.whitekongsoftware.com\/ca\/wp-json\/wp\/v2\/media?parent=131667"}],"wp:term":[{"taxonomy":"category","embeddable":true,"href":"https:\/\/tucomarca.whitekongsoftware.com\/ca\/wp-json\/wp\/v2\/categories?post=131667"},{"taxonomy":"post_tag","embeddable":true,"href":"https:\/\/tucomarca.whitekongsoftware.com\/ca\/wp-json\/wp\/v2\/tags?post=131667"}],"curies":[{"name":"wp","href":"https:\/\/api.w.org\/{rel}","templated":true}]}}