{"id":131596,"date":"2021-04-23T14:15:00","date_gmt":"2021-04-23T13:15:00","guid":{"rendered":"http:\/\/www.tucomarca.com\/wordpress\/segunda\/?p=131596"},"modified":"2021-04-23T18:17:28","modified_gmt":"2021-04-23T17:17:28","slug":"lajuntament-de-xest-ofereix-les-seues-pistes-cobertes-de-frontenis-perque-el-campionat-despanya-de-federacions-juvenil-continue-malgrat-les-pluges","status":"publish","type":"post","link":"https:\/\/tucomarca.whitekongsoftware.com\/ca\/lajuntament-de-xest-ofereix-les-seues-pistes-cobertes-de-frontenis-perque-el-campionat-despanya-de-federacions-juvenil-continue-malgrat-les-pluges\/","title":{"rendered":"L&#8217;Ajuntament de Xest ofereix les seues pistes cobertes de frontenis perqu\u00e8 el Campionat d&#8217;Espanya de Federacions Juvenil continue malgrat les pluges"},"content":{"rendered":"\n<p class=\"wp-block-paragraph\">El campionat d&#8217;Espanya Juvenil de Federacions de front\u00f3 30 metres celebrar\u00e0 la seua fase final aquest cap de setmana, per\u00f2 a causa de la previsi\u00f3 meteorol\u00f2gica no es podr\u00e0 dur a terme en les pistes a l&#8217;aire lliure de N\u00e0quera, com estava previst. Davant aquesta situaci\u00f3, la Federaci\u00f3 Espanyola de Pilota ha sol\u00b7licitat a l&#8217;Ajuntament de Cheste poder celebrar les semifinals de frontenis del dissabte en les seues instal\u00b7lacions cobertes del poliesportiu Mat\u00edas Morell. En cas que la pluja persistira el diumenge, les finals, tant de la modalitat de frontenis com de paleta de goma, es traslladarien a Cheste tamb\u00e9.<br>\u201cL&#8217;organitzaci\u00f3 del campionat ja ens ha transm\u00e9s la seua gratitud per oferir les nostres pistes per a celebrar el campionat, ja que el Club de Frontenis de Cheste no ha dubtat ni un moment a ajornar els seus partits del cap de setmana per a fer-lo possible, tot un gest de companyonia\u201d, ha declarat el regidor d&#8217;Esports, Francisco Llorens.<br>Aix\u00ed, dissabte que ve 24 d&#8217;abril les semifinals de frontenis comen\u00e7aran a partir de les 16 hores en les pistes xestanas i el diumenge, en funci\u00f3 de la pluja, se celebraran les finals a N\u00e0quera o Cheste, a partir de les 10 hores. Totes dues jornades seran retransmeses pel canal de Facebook Live de la Federaci\u00f3 Espanyola de Pilota i per la Lliga Sports TV.<\/p>\n","protected":false},"excerpt":{"rendered":"<div class=\"mh-excerpt\">El campionat d&#8217;Espanya Juvenil de Federacions de front\u00f3 30 metres celebrar\u00e0 la seua fase final aquest cap de setmana, per\u00f2 a causa de la previsi\u00f3 meteorol\u00f2gica no es podr\u00e0 dur a terme en les pistes <a class=\"mh-excerpt-more\" href=\"https:\/\/tucomarca.whitekongsoftware.com\/ca\/lajuntament-de-xest-ofereix-les-seues-pistes-cobertes-de-frontenis-perque-el-campionat-despanya-de-federacions-juvenil-continue-malgrat-les-pluges\/\" title=\"L&#8217;Ajuntament de Xest ofereix les seues pistes cobertes de frontenis perqu\u00e8 el Campionat d&#8217;Espanya de Federacions Juvenil continue malgrat les pluges\">[+] <\/a><\/div>\n","protected":false},"author":1,"featured_media":131594,"comment_status":"open","ping_status":"open","sticky":false,"template":"","format":"standard","meta":{"footnotes":""},"categories":[11003,10948,10894,10904,10912,11009,10896,10974],"tags":[11071,11074,14442,10914],"class_list":["post-131596","post","type-post","status-publish","format-standard","has-post-thumbnail","category-sports","category-infraestructuras-ca","category-la-comarca-ca","category-sin-categorizar-ca","category-la-hoya-ca","category-polideportivo-ca","category-seccion-ca","category-cheste-ca","tag-cheste","tag-deportes-ca","tag-frontenis-ca","tag-la-hoya-de-bunol-chiva-ca"],"_links":{"self":[{"href":"https:\/\/tucomarca.whitekongsoftware.com\/ca\/wp-json\/wp\/v2\/posts\/131596","targetHints":{"allow":["GET"]}}],"collection":[{"href":"https:\/\/tucomarca.whitekongsoftware.com\/ca\/wp-json\/wp\/v2\/posts"}],"about":[{"href":"https:\/\/tucomarca.whitekongsoftware.com\/ca\/wp-json\/wp\/v2\/types\/post"}],"author":[{"embeddable":true,"href":"https:\/\/tucomarca.whitekongsoftware.com\/ca\/wp-json\/wp\/v2\/users\/1"}],"replies":[{"embeddable":true,"href":"https:\/\/tucomarca.whitekongsoftware.com\/ca\/wp-json\/wp\/v2\/comments?post=131596"}],"version-history":[{"count":0,"href":"https:\/\/tucomarca.whitekongsoftware.com\/ca\/wp-json\/wp\/v2\/posts\/131596\/revisions"}],"wp:featuredmedia":[{"embeddable":true,"href":"https:\/\/tucomarca.whitekongsoftware.com\/ca\/wp-json\/wp\/v2\/media\/131594"}],"wp:attachment":[{"href":"https:\/\/tucomarca.whitekongsoftware.com\/ca\/wp-json\/wp\/v2\/media?parent=131596"}],"wp:term":[{"taxonomy":"category","embeddable":true,"href":"https:\/\/tucomarca.whitekongsoftware.com\/ca\/wp-json\/wp\/v2\/categories?post=131596"},{"taxonomy":"post_tag","embeddable":true,"href":"https:\/\/tucomarca.whitekongsoftware.com\/ca\/wp-json\/wp\/v2\/tags?post=131596"}],"curies":[{"name":"wp","href":"https:\/\/api.w.org\/{rel}","templated":true}]}}