{"id":131544,"date":"2021-04-23T11:41:00","date_gmt":"2021-04-23T10:41:00","guid":{"rendered":"http:\/\/www.tucomarca.com\/wordpress\/segunda\/?p=131544"},"modified":"2021-04-23T18:22:55","modified_gmt":"2021-04-23T17:22:55","slug":"anecoop-tanca-un-exercici-historic-amb-una-facturacio-record-de-7705-milions-deuros","status":"publish","type":"post","link":"https:\/\/tucomarca.whitekongsoftware.com\/ca\/anecoop-tanca-un-exercici-historic-amb-una-facturacio-record-de-7705-milions-deuros\/","title":{"rendered":"ANECOOP tanca un exercici hist\u00f2ric amb una facturaci\u00f3 r\u00e8cord de 770,5 milions d&#8217;euros"},"content":{"rendered":"\n<h4 class=\"wp-block-heading\">El consolidat de totes les empreses del Grup, que confirma el seu lideratge a Espanya, aconsegueix els 966 milions en la seua xifra de negoci, un 6,6% m\u00e9s que en 2019<\/h4>\n\n\n\n<p class=\"wp-block-paragraph\">Anecoop ha presentat en la seua Assemblea General de socis els principals resultats de la campanya 2019-2020 davant representants de les seues 72 cooperatives i empreses agr\u00e0ries associades en tota Espanya. Enguany, per motius evidents de seguretat, tant la trobada pr\u00e8via amb els mitjans de comunicaci\u00f3 com la reuni\u00f3 amb els seus socis de dotze prov\u00edncies, s&#8217;han celebrat a trav\u00e9s de videoconfer\u00e8ncia.&nbsp;<br>Respecte a l&#8217;exercici, el president de Anecoop, Alejandro Monts\u00f3, ha destacat que \u201chem tancat un exercici hist\u00f2ric en molts sentits, la qual cosa inclou els resultats econ\u00f2mics, amb una facturaci\u00f3 r\u00e8cord de 770,5 milions d&#8217;euros\u201d. Ha aprofitat aix\u00ed mateix per a posar en valor el rol de l&#8217;agricultura i el treball dels seus socis: \u201cLa unitat i l&#8217;efici\u00e8ncia amb la qual vam saber afrontar les primeres setmanes de la pand\u00e8mia, van situar al sector, i a Anecoop com a part d&#8217;aquest, en primera l\u00ednia, i van fer visible davant la societat el seu rol \u201cessencial\u201d en situacions d&#8217;emerg\u00e8ncia\u201d.<br>En la seua intervenci\u00f3 ha animat als seus socis a continuar fent passos per la integraci\u00f3, ja que \u201cla dimensi\u00f3 de les organitzacions ha demostrat ser un factor fonamental per a escometre amb \u00e8xit els nous reptes que se li plantegen al sector agroalimentari i guanyar competitivitat. I ac\u00ed \u00e9s on posar\u00e0 el focus Anecoop. Perqu\u00e8 com a empresa cooperativa ja reuneix les condicions adequades per a aconseguir l&#8217;\u00e8xit: la sostenibilitat entesa com el suport a l&#8217;entorn rural, el sentiment d&#8217;identitat i el vincle emocional existent el converteixen en una f\u00f3rmula empresarial d&#8217;\u00e8xit \u00fanica\u201d.<br>Per part seua, el Director General, Joan Mir, ha incidit en les particularitats que han convertit a l&#8217;any 2020 en un any que ser\u00e0 dif\u00edcil d&#8217;oblidar, per\u00f2 en el qual \u201cla nostra missi\u00f3 s&#8217;ha fet m\u00e9s palesa que mai: proporcionar productes saludables al consumidor final. I aix\u00f2 ha sigut possible gr\u00e0cies al comprom\u00eds, implicaci\u00f3 i responsabilitat de tots els agents que formen part de la cadena de valor, des de l&#8217;agricultor fins a les persones que treballen en el punt de venda\u201d. Ha ponderat a m\u00e9s el valor estrat\u00e8gic del sector agroalimentari en l&#8217;economia nacional, en afirmar que \u201cha hagut d&#8217;arribar aquesta pand\u00e8mia per a adonar-nos que necessitem un sector primari potent, diversificat i independent. I que aix\u00f2 \u00e9s una cosa estrat\u00e8gica per a un pa\u00eds. Espanya ho t\u00e9 i no podem permetre&#8217;ns el luxe de perdre&#8217;l\u201d.&nbsp;<br>Mir ha agra\u00eft al conjunt de socis i professionals de Anecoop l&#8217;esfor\u00e7 realitzat, que s&#8217;ha vist reflectit en un creixement en la facturaci\u00f3 del 8%, aconseguint els 770,5 milions d&#8217;euros. Els resultats de consolidat de totes les empreses del Grup se situen en els 966 milions d&#8217;euros, un 6,6% m\u00e9s que en 2019.&nbsp;<br>Tamb\u00e9 ha nomenat importants esdeveniments societaris, tots ells orientats a una major consolidaci\u00f3 i integraci\u00f3 dels seus socis: la constituci\u00f3 de la cooperativa de segon grau Ribercamp, formada per les cooperatives Sant Bernat de Carlet i Guadacoop, l&#8217;acord de intercooperaci\u00f3n entre les cooperatives CANSE i Alzicoop, l&#8217;acord de comercialitzaci\u00f3 entre Greenfruits i la cooperativa de Pedralba, la creaci\u00f3 de Vall Blanca, una iniciativa impulsada per les cooperatives de Llutxent-Otos, La Pobla del Duc i B\u00e8lgida per a la gesti\u00f3 i comercialitzaci\u00f3 conjunta de fruita d&#8217;os i la posada en marxa de prohorta, de la m\u00e0 de les entitats andaluses Sant Sebasti\u00e0 de Lora del Rio, Alcafruit i FOASAT.&nbsp;<br>A aix\u00f2 se suma la recent incorporaci\u00f3 com a soci de l&#8217;Hortofruct\u00edcola Costa d&#8217;Almeria, que ha refor\u00e7at fins i tot m\u00e9s la seua posici\u00f3 hort\u00edcola.&nbsp;<br>A m\u00e9s, ha anunciat la posada en marxa, durant el present exercici, de diverses iniciatives internes com la Mesa d&#8217;Innovaci\u00f3 o el Comit\u00e9 de Sostenibilitat, aix\u00ed com la implementaci\u00f3 del Pla d&#8217;Igualtat.&nbsp;<br>Anecoop disposa d&#8217;una extensa gamma de productes que inclou c\u00edtrics, fruites no c\u00edtriques, fruites ex\u00f2tiques i hortalisses fresques, aix\u00ed com fruites i hortalisses d&#8217;IV i V Gamma i vins. A m\u00e9s de ser un dels principals operadors de c\u00edtrics del m\u00f3n, amb una quota d&#8217;exportaci\u00f3 del 8%, \u00e9s l\u00edder en l&#8217;exportaci\u00f3 de melons d&#8217;Alger i kaki, amb quotes del 15% i el 45%, respectivament.&nbsp;<\/p>\n\n\n\n<p class=\"wp-block-paragraph\">La campanya per productes<br>C\u00edtrics.- La facturaci\u00f3 d&#8217;aquest grup ha augmentat un 11,3% malgrat haver comercialitzat un 13% de tones menys que l&#8217;exercici anterior, amb preus de liquidaci\u00f3 molt per damunt d&#8217;anys anteriors. En aquest sentit, la pand\u00e8mia ha refor\u00e7at el posicionament d&#8217;un producte essencial que ha pogut ser distribu\u00eft amb \u00e8xit gr\u00e0cies al treball conjunt dels socis i al bon funcionament de les plataformes de producte per les quals Anecoop ha apostat en els \u00faltims anys.&nbsp;<br>Fruites.- Amb un increment en facturaci\u00f3 del 12% i un 10,3% m\u00e9s de tones comercialitzades, aquest grup se situa com el de major creixement en volum dins de la seua oferta. A aix\u00f2 han contribu\u00eft notablement el mel\u00f3 d&#8217;Alger sense llavors Bouquet i el Kaki Persimon que, malgrat viure una campanya dif\u00edcil, continua sent un cultiu potent i amb futur.&nbsp;<br>En hortalisses, amb un descens del 2,6% en volum i un augment del 1,7% en facturaci\u00f3, els preus mitjans es van situar per damunt de l&#8217;exercici anterior per a la major part dels productes. Amb l&#8217;objectiu d&#8217;impulsar el creixement d&#8217;aquest grup, Anecoop continua treballant en la programaci\u00f3 de cultius junts als seus socis.<br>Respecte als productes d&#8217;IV i V Gamma, no ha sigut un bon any degut fonamentalment al tancament del canal HORECA i a la substituci\u00f3 d&#8217;algunes refer\u00e8ncies per produccions locals, la qual cosa obliga els elaborats a resituar-se davant aquesta nova realitat.<br>Aquesta prefer\u00e8ncia pel producte nacional tamb\u00e9 ha influ\u00eft en el segment Bio, que ha vist frenada la seua alta progressi\u00f3 d&#8217;anys anteriors. En aquest sentit, la cooperativa continua apostant fermament per l&#8217;ecol\u00f2gic, aix\u00ed com pel Residu zero, en resposta a una demanda creixent de fruites i verdures cultivades de forma m\u00e9s sostenible.&nbsp;<br>Vins.- 2019-2020 ha sigut un bon exercici per als cellers del grup, que han impulsat les vendes a trav\u00e9s de la gran distribuci\u00f3 i internet, amb creixements hist\u00f2rics en volum, amb 24,4 milions de litres embotellats (+12,5%) i en facturaci\u00f3, aconseguint els 32,7 milions d&#8217;euros (+7,8%). El posicionament previ en els mercats de dest\u00ed i la destacada gesti\u00f3 de la pand\u00e8mia duta a terme pels cellers han sigut clau per a obtindre aquests resultats.&nbsp;<br>Cal destacar que el concurs Berliner Wein Trophy ha triat per tercera vegada a Anecoop com a Millor Coorperativa Espanyola. Aix\u00ed mateix, ha sigut reconeguda com a Millor Productor Espanyol al seu pas pel concurs internacional Mundus Vini.<br>Principals mercats&nbsp;<br>Anecoop exporta actualment a 81 pa\u00efsos. Europa \u00e9s la principal destinaci\u00f3 de les seues exportacions amb Fran\u00e7a al capdavant, amb m\u00e9s de 181.000 tones comercialitzades. En segon lloc se situa destaca el mercat nacional amb 172.500 tones i en tercer lloc, Alemanya, amb m\u00e9s de 161.000 tones. Altres destins representatius s\u00f3n: It\u00e0lia, Eslov\u00e0quia, Pol\u00f2nia, el Regne Unit, Rep\u00fablica Txeca, Hongria i Su\u00e8cia.<\/p>\n","protected":false},"excerpt":{"rendered":"<div class=\"mh-excerpt\">El consolidat de totes les empreses del Grup, que confirma el seu lideratge a Espanya, aconsegueix els 966 milions en la seua xifra de negoci, un 6,6% m\u00e9s que en 2019 Anecoop ha presentat en <a class=\"mh-excerpt-more\" href=\"https:\/\/tucomarca.whitekongsoftware.com\/ca\/anecoop-tanca-un-exercici-historic-amb-una-facturacio-record-de-7705-milions-deuros\/\" title=\"ANECOOP tanca un exercici hist\u00f2ric amb una facturaci\u00f3 r\u00e8cord de 770,5 milions d&#8217;euros\">[+] <\/a><\/div>\n","protected":false},"author":12,"featured_media":131543,"comment_status":"open","ping_status":"open","sticky":false,"template":"","format":"standard","meta":{"footnotes":""},"categories":[10905,10892,11006,11046,10898,10948,10963,10904,10912,10902,11007,10909,10896],"tags":[14433,12852,14434,14435,14436],"class_list":["post-131544","post","type-post","status-publish","format-standard","has-post-thumbnail","category-agricultura-la-comarca-ca","category-camp-de-turia-ca","category-canal-vinos","category-los-serranos-ca","category-ventana-ca","category-infraestructuras-ca","category-la-canal-de-navarres-ca","category-sin-categorizar-ca","category-la-hoya-ca","category-la-ribera-ca","category-ocio-y-cultura-ca","category-requena-utiel-ca","category-seccion-ca","tag-alejandro-monzon-ca","tag-anecoop-ca","tag-asamblea-general-ca","tag-facturacion-record-ca","tag-grupo-anecoop-ca"],"_links":{"self":[{"href":"https:\/\/tucomarca.whitekongsoftware.com\/ca\/wp-json\/wp\/v2\/posts\/131544","targetHints":{"allow":["GET"]}}],"collection":[{"href":"https:\/\/tucomarca.whitekongsoftware.com\/ca\/wp-json\/wp\/v2\/posts"}],"about":[{"href":"https:\/\/tucomarca.whitekongsoftware.com\/ca\/wp-json\/wp\/v2\/types\/post"}],"author":[{"embeddable":true,"href":"https:\/\/tucomarca.whitekongsoftware.com\/ca\/wp-json\/wp\/v2\/users\/12"}],"replies":[{"embeddable":true,"href":"https:\/\/tucomarca.whitekongsoftware.com\/ca\/wp-json\/wp\/v2\/comments?post=131544"}],"version-history":[{"count":0,"href":"https:\/\/tucomarca.whitekongsoftware.com\/ca\/wp-json\/wp\/v2\/posts\/131544\/revisions"}],"wp:featuredmedia":[{"embeddable":true,"href":"https:\/\/tucomarca.whitekongsoftware.com\/ca\/wp-json\/wp\/v2\/media\/131543"}],"wp:attachment":[{"href":"https:\/\/tucomarca.whitekongsoftware.com\/ca\/wp-json\/wp\/v2\/media?parent=131544"}],"wp:term":[{"taxonomy":"category","embeddable":true,"href":"https:\/\/tucomarca.whitekongsoftware.com\/ca\/wp-json\/wp\/v2\/categories?post=131544"},{"taxonomy":"post_tag","embeddable":true,"href":"https:\/\/tucomarca.whitekongsoftware.com\/ca\/wp-json\/wp\/v2\/tags?post=131544"}],"curies":[{"name":"wp","href":"https:\/\/api.w.org\/{rel}","templated":true}]}}