{"id":131520,"date":"2021-04-20T11:18:00","date_gmt":"2021-04-20T10:18:00","guid":{"rendered":"http:\/\/www.tucomarca.com\/wordpress\/segunda\/?p=131520"},"modified":"2021-04-23T11:20:33","modified_gmt":"2021-04-23T10:20:33","slug":"els-agricultors-ja-poden-sollicitar-la-devolucio-de-limpost-sobre-hidrocarburs","status":"publish","type":"post","link":"https:\/\/tucomarca.whitekongsoftware.com\/ca\/els-agricultors-ja-poden-sollicitar-la-devolucio-de-limpost-sobre-hidrocarburs\/","title":{"rendered":"Els agricultors ja poden sol\u00b7licitar la devoluci\u00f3 de l&#8217;impost sobre hidrocarburs"},"content":{"rendered":"\n<p class=\"wp-block-paragraph\">Segons la Coordinadora Llauradora del Pa\u00eds Valenci\u00e0 (COAG), s&#8217;ha obert el termini perqu\u00e8 els agricultors puguen sol\u00b7licitar la devoluci\u00f3 de l&#8217;impost sobre hidrocarburs, concretament del gasoil agr\u00edcola consumit en 2020. Inclou el gasoil gastat en tractors, motors i grups electr\u00f2gens entre altres. Informa, <strong>Luis Ib\u00e1\u00f1ez<\/strong>.<\/p>\n","protected":false},"excerpt":{"rendered":"<div class=\"mh-excerpt\">Segons la Coordinadora Llauradora del Pa\u00eds Valenci\u00e0 (COAG), s&#8217;ha obert el termini perqu\u00e8 els agricultors puguen sol\u00b7licitar la devoluci\u00f3 de l&#8217;impost sobre hidrocarburs, concretament del gasoil agr\u00edcola consumit en 2020. Inclou el gasoil gastat en <a class=\"mh-excerpt-more\" href=\"https:\/\/tucomarca.whitekongsoftware.com\/ca\/els-agricultors-ja-poden-sollicitar-la-devolucio-de-limpost-sobre-hidrocarburs\/\" title=\"Els agricultors ja poden sol\u00b7licitar la devoluci\u00f3 de l&#8217;impost sobre hidrocarburs\">[+] <\/a><\/div>\n","protected":false},"author":1,"featured_media":88250,"comment_status":"open","ping_status":"open","sticky":false,"template":"","format":"standard","meta":{"footnotes":""},"categories":[10890,10905,10951,10892,11046,10898,10948,10963,10894,10904,10912,10902,10903,10947,10909,10896],"tags":[11309],"class_list":["post-131520","post","type-post","status-publish","format-standard","has-post-thumbnail","category-ademus","category-agricultura-la-comarca-ca","category-ayora-cofrentes-ca","category-camp-de-turia-ca","category-los-serranos-ca","category-ventana-ca","category-infraestructuras-ca","category-la-canal-de-navarres-ca","category-la-comarca-ca","category-sin-categorizar-ca","category-la-hoya-ca","category-la-ribera-ca","category-medio-ambiente-la-comarca-ca","category-politica","category-requena-utiel-ca","category-seccion-ca","tag-agricultura-ca"],"_links":{"self":[{"href":"https:\/\/tucomarca.whitekongsoftware.com\/ca\/wp-json\/wp\/v2\/posts\/131520","targetHints":{"allow":["GET"]}}],"collection":[{"href":"https:\/\/tucomarca.whitekongsoftware.com\/ca\/wp-json\/wp\/v2\/posts"}],"about":[{"href":"https:\/\/tucomarca.whitekongsoftware.com\/ca\/wp-json\/wp\/v2\/types\/post"}],"author":[{"embeddable":true,"href":"https:\/\/tucomarca.whitekongsoftware.com\/ca\/wp-json\/wp\/v2\/users\/1"}],"replies":[{"embeddable":true,"href":"https:\/\/tucomarca.whitekongsoftware.com\/ca\/wp-json\/wp\/v2\/comments?post=131520"}],"version-history":[{"count":0,"href":"https:\/\/tucomarca.whitekongsoftware.com\/ca\/wp-json\/wp\/v2\/posts\/131520\/revisions"}],"wp:featuredmedia":[{"embeddable":true,"href":"https:\/\/tucomarca.whitekongsoftware.com\/ca\/wp-json\/wp\/v2\/media\/88250"}],"wp:attachment":[{"href":"https:\/\/tucomarca.whitekongsoftware.com\/ca\/wp-json\/wp\/v2\/media?parent=131520"}],"wp:term":[{"taxonomy":"category","embeddable":true,"href":"https:\/\/tucomarca.whitekongsoftware.com\/ca\/wp-json\/wp\/v2\/categories?post=131520"},{"taxonomy":"post_tag","embeddable":true,"href":"https:\/\/tucomarca.whitekongsoftware.com\/ca\/wp-json\/wp\/v2\/tags?post=131520"}],"curies":[{"name":"wp","href":"https:\/\/api.w.org\/{rel}","templated":true}]}}