{"id":131510,"date":"2021-04-23T08:13:00","date_gmt":"2021-04-23T07:13:00","guid":{"rendered":"http:\/\/www.tucomarca.com\/wordpress\/segunda\/?p=131510"},"modified":"2021-04-23T11:46:02","modified_gmt":"2021-04-23T10:46:02","slug":"benaguasil-aconsegueix-que-shabilite-el-centre-de-dia-per-a-persones-majors","status":"publish","type":"post","link":"https:\/\/tucomarca.whitekongsoftware.com\/ca\/benaguasil-aconsegueix-que-shabilite-el-centre-de-dia-per-a-persones-majors\/","title":{"rendered":"Benaguasil aconsegueix que s&#8217;habilite el Centre de Dia per a persones majors"},"content":{"rendered":"\n<p class=\"wp-block-paragraph\">L&#8217;Ajuntament de Benaguasil ha aconseguit la posada en funcionament del Centre de Dia per a persones majors que t\u00e9 constru\u00eft el municipi, i amb el qual es pret\u00e9n donar servei a les persones majors en situaci\u00f3 de depend\u00e8ncia de Benaguasil, i descongestionar aix\u00ed el servei de Centre de Dia que actualment presta la Resid\u00e8ncia de Benaguasil.<\/p>\n\n\n\n<p class=\"wp-block-paragraph\">La infraestructura s&#8217;inclou dins del pla \u2018Convivint\u2019 d&#8217;Infraestructures de Serveis Socials 2021-2025, finan\u00e7at amb fons propis de la Generalitat, aix\u00ed com amb els procedents de les ajudes europees.<\/p>\n\n\n\n<p class=\"wp-block-paragraph\">L&#8217;alcalde, Ximo Segarra, ha valorat positivament que s&#8217;habilite el Centre de Dia, perqu\u00e8 era una reclamaci\u00f3 que des de l&#8217;Ajuntament s&#8217;havia fet al govern valenci\u00e0 conscients de la necessitat de comptar amb serveis p\u00fablics de qualitat que fomenten i milloren la qualitat de vida de les persones, i especialment la d&#8217;aquelles que necessiten d&#8217;una atenci\u00f3 especialitzada.<\/p>\n","protected":false},"excerpt":{"rendered":"<div class=\"mh-excerpt\">L&#8217;Ajuntament de Benaguasil ha aconseguit la posada en funcionament del Centre de Dia per a persones majors que t\u00e9 constru\u00eft el municipi, i amb el qual es pret\u00e9n donar servei a les persones majors en <a class=\"mh-excerpt-more\" href=\"https:\/\/tucomarca.whitekongsoftware.com\/ca\/benaguasil-aconsegueix-que-shabilite-el-centre-de-dia-per-a-persones-majors\/\" title=\"Benaguasil aconsegueix que s&#8217;habilite el Centre de Dia per a persones majors\">[+] <\/a><\/div>\n","protected":false},"author":12,"featured_media":131509,"comment_status":"open","ping_status":"open","sticky":false,"template":"","format":"standard","meta":{"footnotes":""},"categories":[10952,10892,11010,10948,10894,10947,10896],"tags":[11136,10899,14429,13605],"class_list":["post-131510","post","type-post","status-publish","format-standard","has-post-thumbnail","category-benaguasil-ca","category-camp-de-turia-ca","category-canal-salud","category-infraestructuras-ca","category-la-comarca-ca","category-politica","category-seccion-ca","tag-benaguasil-ca","tag-camp-de-turia-ca","tag-centro-de-dia-ca","tag-residencia-ca"],"_links":{"self":[{"href":"https:\/\/tucomarca.whitekongsoftware.com\/ca\/wp-json\/wp\/v2\/posts\/131510","targetHints":{"allow":["GET"]}}],"collection":[{"href":"https:\/\/tucomarca.whitekongsoftware.com\/ca\/wp-json\/wp\/v2\/posts"}],"about":[{"href":"https:\/\/tucomarca.whitekongsoftware.com\/ca\/wp-json\/wp\/v2\/types\/post"}],"author":[{"embeddable":true,"href":"https:\/\/tucomarca.whitekongsoftware.com\/ca\/wp-json\/wp\/v2\/users\/12"}],"replies":[{"embeddable":true,"href":"https:\/\/tucomarca.whitekongsoftware.com\/ca\/wp-json\/wp\/v2\/comments?post=131510"}],"version-history":[{"count":0,"href":"https:\/\/tucomarca.whitekongsoftware.com\/ca\/wp-json\/wp\/v2\/posts\/131510\/revisions"}],"wp:featuredmedia":[{"embeddable":true,"href":"https:\/\/tucomarca.whitekongsoftware.com\/ca\/wp-json\/wp\/v2\/media\/131509"}],"wp:attachment":[{"href":"https:\/\/tucomarca.whitekongsoftware.com\/ca\/wp-json\/wp\/v2\/media?parent=131510"}],"wp:term":[{"taxonomy":"category","embeddable":true,"href":"https:\/\/tucomarca.whitekongsoftware.com\/ca\/wp-json\/wp\/v2\/categories?post=131510"},{"taxonomy":"post_tag","embeddable":true,"href":"https:\/\/tucomarca.whitekongsoftware.com\/ca\/wp-json\/wp\/v2\/tags?post=131510"}],"curies":[{"name":"wp","href":"https:\/\/api.w.org\/{rel}","templated":true}]}}