{"id":131476,"date":"2021-04-22T20:38:00","date_gmt":"2021-04-22T19:38:00","guid":{"rendered":"http:\/\/www.tucomarca.com\/wordpress\/segunda\/?p=131476"},"modified":"2021-04-23T10:39:56","modified_gmt":"2021-04-23T09:39:56","slug":"el-partit-de-requena-i-llogarets-denuncia-que-el-pla-convivint-dinfraestructures-de-serveis-socials-discrimina-el-municipi-requenense","status":"publish","type":"post","link":"https:\/\/tucomarca.whitekongsoftware.com\/ca\/el-partit-de-requena-i-llogarets-denuncia-que-el-pla-convivint-dinfraestructures-de-serveis-socials-discrimina-el-municipi-requenense\/","title":{"rendered":"El Partit de Requena i Llogarets denuncia que el Pla Convivint d&#8217;Infraestructures de Serveis  Socials &#8220;discrimina el municipi requenense&#8221;"},"content":{"rendered":"\n<p class=\"wp-block-paragraph\"><strong>La formaci\u00f3 pol\u00edtica d&#8217;\u00e0mbit municipal demana la construcci\u00f3 d&#8217;una resid\u00e8ncia d&#8217;ancians p\u00fablica en el municipi requenense<\/strong><\/p>\n\n\n\n<p class=\"wp-block-paragraph\">&nbsp;Ninguna infraestructura del Plan Conviviendo se construir\u00e1&nbsp; en Requena,&nbsp; \u201cdebido &nbsp; a &nbsp; la &nbsp; discriminaci\u00f3n hacia el municipio, &nbsp; del &nbsp; gobierno &nbsp; valenciano &nbsp; de &nbsp; PSOE ,Podemos y Compromis\u201d afirman desde el Partido de Requena y Aldeas. \u201cRequena -a\u00f1aden las fuentes-&nbsp; entre &nbsp; otras &nbsp; cosas, &nbsp; carece &nbsp; de &nbsp; una &nbsp; residencia &nbsp; de &nbsp; ancianos p\u00fablica, pues las dos que hay son de titularidad privada, por lo que desde el PRyA consideramos que, debido a tener poblaci\u00f3n m\u00e1s abundante, se deber\u00eda haber construido una en nuestro municipio\u201d. Solo tiene un centro de d\u00eda que permanece sin ser abierto y sin fecha &nbsp; de apertura, por&nbsp; parte&nbsp; del gobierno socialista, despu\u00e9s de haber pasado 14 a\u00f1os desde que empez\u00f3 su construcci\u00f3n\u201d recuerdan desde la formaci\u00f3n pol\u00edtica .<\/p>\n\n\n\n<p class=\"wp-block-paragraph\">Esta &nbsp; semana &nbsp; conoc\u00edamos &nbsp; la &nbsp; aprobaci\u00f3n &nbsp; del&nbsp; Plan &nbsp; Conviviendo &nbsp; de Infraestructuras &nbsp; de &nbsp; Servicios &nbsp; Sociales &nbsp; 2021-2025,&nbsp; el &nbsp; cual &nbsp; supondr\u00e1 &nbsp; una inversi\u00f3n de 561 millones de euros para la reforma o puesta en marcha de 247 instalaciones. Este plan permitir\u00e1 la creaci\u00f3n de 6.600 nuevas plazas p\u00fablicas en residencias&nbsp; y&nbsp; centros de d\u00eda para&nbsp; los&nbsp; colectivos&nbsp; m\u00e1s&nbsp; vulnerables,&nbsp; como&nbsp; las personas &nbsp; mayores, &nbsp; con &nbsp; diversidad &nbsp; funcional &nbsp; o &nbsp; usuarias &nbsp; de &nbsp; prestaciones relacionadas con la salud mental.<\/p>\n\n\n\n<p class=\"wp-block-paragraph\">El plan va a suponer la construcci\u00f3n de residencias de ancianos, centros de d\u00eda,&nbsp; infraestructuras&nbsp; para personas&nbsp; que&nbsp; sufren&nbsp; enfermedades&nbsp; mentales,&nbsp; con diversidad &nbsp; funcional, &nbsp; para &nbsp; infancia, &nbsp; adolescencia &nbsp; o &nbsp; para &nbsp; la &nbsp; lucha &nbsp; contra &nbsp; la violencia &nbsp; de &nbsp; g\u00e9nero &nbsp; por &nbsp; toda &nbsp; la &nbsp; Comunidad &nbsp; Valenciana. Informa, <strong>Luis Ib\u00e1\u00f1ez<\/strong>.<\/p>\n","protected":false},"excerpt":{"rendered":"<div class=\"mh-excerpt\">La formaci\u00f3 pol\u00edtica d&#8217;\u00e0mbit municipal demana la construcci\u00f3 d&#8217;una resid\u00e8ncia d&#8217;ancians p\u00fablica en el municipi requenense &nbsp;Ninguna infraestructura del Plan Conviviendo se construir\u00e1&nbsp; en Requena,&nbsp; \u201cdebido &nbsp; a &nbsp; la &nbsp; discriminaci\u00f3n hacia el municipio, <a class=\"mh-excerpt-more\" href=\"https:\/\/tucomarca.whitekongsoftware.com\/ca\/el-partit-de-requena-i-llogarets-denuncia-que-el-pla-convivint-dinfraestructures-de-serveis-socials-discrimina-el-municipi-requenense\/\" title=\"El Partit de Requena i Llogarets denuncia que el Pla Convivint d&#8217;Infraestructures de Serveis  Socials &#8220;discrimina el municipi requenense&#8221;\">[+] <\/a><\/div>\n","protected":false},"author":1,"featured_media":131474,"comment_status":"open","ping_status":"open","sticky":false,"template":"","format":"standard","meta":{"footnotes":""},"categories":[10948,10894,10947,10908,10909,10896],"tags":[12796,10910],"class_list":["post-131476","post","type-post","status-publish","format-standard","has-post-thumbnail","category-infraestructuras-ca","category-la-comarca-ca","category-politica","category-requena-ca","category-requena-utiel-ca","category-seccion-ca","tag-prya-ca","tag-requena-utiel-ca"],"_links":{"self":[{"href":"https:\/\/tucomarca.whitekongsoftware.com\/ca\/wp-json\/wp\/v2\/posts\/131476","targetHints":{"allow":["GET"]}}],"collection":[{"href":"https:\/\/tucomarca.whitekongsoftware.com\/ca\/wp-json\/wp\/v2\/posts"}],"about":[{"href":"https:\/\/tucomarca.whitekongsoftware.com\/ca\/wp-json\/wp\/v2\/types\/post"}],"author":[{"embeddable":true,"href":"https:\/\/tucomarca.whitekongsoftware.com\/ca\/wp-json\/wp\/v2\/users\/1"}],"replies":[{"embeddable":true,"href":"https:\/\/tucomarca.whitekongsoftware.com\/ca\/wp-json\/wp\/v2\/comments?post=131476"}],"version-history":[{"count":0,"href":"https:\/\/tucomarca.whitekongsoftware.com\/ca\/wp-json\/wp\/v2\/posts\/131476\/revisions"}],"wp:featuredmedia":[{"embeddable":true,"href":"https:\/\/tucomarca.whitekongsoftware.com\/ca\/wp-json\/wp\/v2\/media\/131474"}],"wp:attachment":[{"href":"https:\/\/tucomarca.whitekongsoftware.com\/ca\/wp-json\/wp\/v2\/media?parent=131476"}],"wp:term":[{"taxonomy":"category","embeddable":true,"href":"https:\/\/tucomarca.whitekongsoftware.com\/ca\/wp-json\/wp\/v2\/categories?post=131476"},{"taxonomy":"post_tag","embeddable":true,"href":"https:\/\/tucomarca.whitekongsoftware.com\/ca\/wp-json\/wp\/v2\/tags?post=131476"}],"curies":[{"name":"wp","href":"https:\/\/api.w.org\/{rel}","templated":true}]}}