{"id":131443,"date":"2021-04-22T18:00:00","date_gmt":"2021-04-22T17:00:00","guid":{"rendered":"http:\/\/www.tucomarca.com\/wordpress\/segunda\/?p=131443"},"modified":"2021-04-22T21:23:58","modified_gmt":"2021-04-22T20:23:58","slug":"sanitat-registra-222-casos-nous-de-coronavirus-192-altes-i-6-defuncions-en-la-comunitat-valenciana","status":"publish","type":"post","link":"https:\/\/tucomarca.whitekongsoftware.com\/ca\/sanitat-registra-222-casos-nous-de-coronavirus-192-altes-i-6-defuncions-en-la-comunitat-valenciana\/","title":{"rendered":"Sanitat registra 222 casos nous de coronavirus, 192 altes i 6 defuncions en la Comunitat Valenciana"},"content":{"rendered":"\n<h4 class=\"wp-block-heading\">Nous casos per prov\u00edncies: 65 a Castell\u00f3; 54 a Alacant i 103 a Val\u00e8ncia<\/h4>\n\n\n\n<p class=\"wp-block-paragraph\">La Comunitat Valenciana ha administrat un total d&#8217;1.397.474 dosi de la vacuna contra el coronavirus. Per prov\u00edncies, 163.714 a Castell\u00f3, 507.675 a Alacant i 726.085 a Val\u00e8ncia. Han rebut les dues dosis 358.527 persones.<\/p>\n\n\n\n<p class=\"wp-block-paragraph\">A m\u00e9s, s&#8217;han notificat 222 casos nous de coronavirus confirmats per prova PCR o a trav\u00e9s de test d&#8217;ant\u00edgens des de l&#8217;\u00faltima actualitzaci\u00f3, que situen la xifra total de positius en 388.992 persones. Per prov\u00edncies, 65 a Castell\u00f3 (39.981 en total); 54 a Alacant (145.956 en total); i 103 a la prov\u00edncia de Val\u00e8ncia (203.054 en total). Continua havent-hi un cas sense assignar.<\/p>\n\n\n\n<p class=\"wp-block-paragraph\">Des de l&#8217;\u00faltima actualitzaci\u00f3 s&#8217;han registrat 192 altes a pacients amb coronavirus. D&#8217;aquesta manera, ja s\u00f3n 389.457 persones en la Comunitat Valenciana les que han superat la malaltia des que va comen\u00e7ar la pand\u00e8mia. Per prov\u00edncies, les altes es distribueixen de la seg\u00fcent manera: 40.188 a Castell\u00f3, 145.729 a Alacant i 203.485 a Val\u00e8ncia, a m\u00e9s de 55 no assignades.<\/p>\n\n\n\n<p class=\"wp-block-paragraph\">Els hospitals valencians tenen, actualment, 275 persones ingressades: 37 a la prov\u00edncia de Castell\u00f3, amb 11 pacients en UCI; 83 a la prov\u00edncia d&#8217;Alacant, 23 d&#8217;ells en l&#8217;UCI; i 155 a la prov\u00edncia de Val\u00e8ncia, 32 d&#8217;ells en UCI.<\/p>\n\n\n\n<p class=\"wp-block-paragraph\">A m\u00e9s, s&#8217;han registrat 6 defuncions per coronavirus des de l&#8217;\u00faltima actualitzaci\u00f3, per la qual cosa el total de defuncions des de l&#8217;inici de la pand\u00e8mia \u00e9s de 7.276: 789 a la prov\u00edncia de Castell\u00f3, 2.771 en la d&#8217;Alacant i 3.716 en la de Val\u00e8ncia.<\/p>\n\n\n\n<p class=\"wp-block-paragraph\">D&#8217;acord amb les dades registrades, en aquests moments hi ha 3.727 casos actius, la qual cosa suposa un 0,93% del total de positius.<\/p>\n\n\n\n<p class=\"wp-block-paragraph\">Actualitzaci\u00f3 de la situaci\u00f3 en resid\u00e8ncies<\/p>\n\n\n\n<p class=\"wp-block-paragraph\">En aquests moments hi ha casos positius en 5 resid\u00e8ncies de majors (1 a la prov\u00edncia de Castell\u00f3, 1 a la prov\u00edncia d&#8217;Alacant i 3 a la prov\u00edncia de Val\u00e8ncia).<\/p>\n\n\n\n<ul class=\"wp-block-list\"><li>\u00b7 Residents nous positius: 0<\/li><li>\u00b7 Treballadors i treballadores nous positius: 0<\/li><li>\u00b7 Residents que han mort: 0<\/li><\/ul>\n\n\n\n<p class=\"wp-block-paragraph\"><strong>Actualitzaci\u00f3 brolles de coronavirus<\/strong><\/p>\n\n\n\n<p class=\"wp-block-paragraph\">S&#8217;han notificat 11 brots des de l&#8217;\u00faltima actualitzaci\u00f3:<\/p>\n\n\n\n<ul class=\"wp-block-list\"><li>\u00b7 Val\u00e8ncia: 3 casos. Origen social<\/li><li>\u00b7 Manises: 4 casos. Origen social<\/li><li>\u00b7 la Vila Joiosa: 4 casos. Origen social<\/li><li>\u00b7 Orihuela: 5 casos. Origen laboral<\/li><li>\u00b7 Alcoi: 4 casos. Origen social<\/li><li>\u00b7 X\u00e0bia: 3 casos. Origen social<\/li><li>\u00b7 Calp: 3 casos. Origen social<\/li><li>\u00b7 Castell\u00f3 de la Plana: 5 casos. \u00c0mbit educatiu<\/li><li>\u00b7 B\u00e9tera: 4 casos. Origen social<\/li><li>\u00b7 Elx: 3 casos. Origen social<\/li><li>\u00b7 L&#8217;Alf\u00e0s del Pi: 8 casos. Origen laboral<\/li><\/ul>\n\n\n\n<p class=\"wp-block-paragraph\"><\/p>\n","protected":false},"excerpt":{"rendered":"<div class=\"mh-excerpt\">Nous casos per prov\u00edncies: 65 a Castell\u00f3; 54 a Alacant i 103 a Val\u00e8ncia La Comunitat Valenciana ha administrat un total d&#8217;1.397.474 dosi de la vacuna contra el coronavirus. Per prov\u00edncies, 163.714 a Castell\u00f3, 507.675 <a class=\"mh-excerpt-more\" href=\"https:\/\/tucomarca.whitekongsoftware.com\/ca\/sanitat-registra-222-casos-nous-de-coronavirus-192-altes-i-6-defuncions-en-la-comunitat-valenciana\/\" title=\"Sanitat registra 222 casos nous de coronavirus, 192 altes i 6 defuncions en la Comunitat Valenciana\">[+] <\/a><\/div>\n","protected":false},"author":12,"featured_media":130332,"comment_status":"open","ping_status":"open","sticky":false,"template":"","format":"standard","meta":{"footnotes":""},"categories":[11031,11010,12202,10898,10948,10894,10904,10947,10896,10897],"tags":[12165,11939,11940,13963],"class_list":["post-131443","post","type-post","status-publish","format-standard","has-post-thumbnail","category-camporrobles-ca","category-canal-salud","category-covid-19-ca","category-ventana-ca","category-infraestructuras-ca","category-la-comarca-ca","category-sin-categorizar-ca","category-politica","category-seccion-ca","category-sucesos-la-comarca-ca","tag-conselleria-de-sanitat-ca","tag-coronavirus-ca","tag-covid-19-ca","tag-vacunacion-ca"],"_links":{"self":[{"href":"https:\/\/tucomarca.whitekongsoftware.com\/ca\/wp-json\/wp\/v2\/posts\/131443","targetHints":{"allow":["GET"]}}],"collection":[{"href":"https:\/\/tucomarca.whitekongsoftware.com\/ca\/wp-json\/wp\/v2\/posts"}],"about":[{"href":"https:\/\/tucomarca.whitekongsoftware.com\/ca\/wp-json\/wp\/v2\/types\/post"}],"author":[{"embeddable":true,"href":"https:\/\/tucomarca.whitekongsoftware.com\/ca\/wp-json\/wp\/v2\/users\/12"}],"replies":[{"embeddable":true,"href":"https:\/\/tucomarca.whitekongsoftware.com\/ca\/wp-json\/wp\/v2\/comments?post=131443"}],"version-history":[{"count":0,"href":"https:\/\/tucomarca.whitekongsoftware.com\/ca\/wp-json\/wp\/v2\/posts\/131443\/revisions"}],"wp:featuredmedia":[{"embeddable":true,"href":"https:\/\/tucomarca.whitekongsoftware.com\/ca\/wp-json\/wp\/v2\/media\/130332"}],"wp:attachment":[{"href":"https:\/\/tucomarca.whitekongsoftware.com\/ca\/wp-json\/wp\/v2\/media?parent=131443"}],"wp:term":[{"taxonomy":"category","embeddable":true,"href":"https:\/\/tucomarca.whitekongsoftware.com\/ca\/wp-json\/wp\/v2\/categories?post=131443"},{"taxonomy":"post_tag","embeddable":true,"href":"https:\/\/tucomarca.whitekongsoftware.com\/ca\/wp-json\/wp\/v2\/tags?post=131443"}],"curies":[{"name":"wp","href":"https:\/\/api.w.org\/{rel}","templated":true}]}}