{"id":131426,"date":"2021-04-22T12:00:00","date_gmt":"2021-04-22T11:00:00","guid":{"rendered":"http:\/\/www.tucomarca.com\/wordpress\/segunda\/?p=131426"},"modified":"2021-04-22T12:17:18","modified_gmt":"2021-04-22T11:17:18","slug":"silvia-lopez-el-psoe-porta-amenacant-amb-una-mocio-de-censura-a-godelleta-des-del-principi-de-la-legislatura-i-aci-seguim","status":"publish","type":"post","link":"https:\/\/tucomarca.whitekongsoftware.com\/ca\/silvia-lopez-el-psoe-porta-amenacant-amb-una-mocio-de-censura-a-godelleta-des-del-principi-de-la-legislatura-i-aci-seguim\/","title":{"rendered":"Silvia L\u00f3pez: &#8220;El PSOE porta amena\u00e7ant amb una moci\u00f3 de censura a Godelleta des del principi de la legislatura; i ac\u00ed seguim&#8221;"},"content":{"rendered":"\n<p class=\"wp-block-paragraph\">L&#8217;alcaldessa de Godelleta, Silvia L\u00f3pez, ha respost a les acusacions realitzades en la jornada d&#8217;ahir des del PSPV-PSOE de la localitat de &#8220;ruptura&#8221; en l&#8217;equip de govern municipal \u2014compost per 4 regidors del Partit Popular, un de la Plataforma d&#8217;Urbanitzacions (PUG) i un altre de Ciutadans\u2014 aix\u00ed com a l&#8217;anunci d&#8217;una probable moci\u00f3 de censura, realitzat pel portaveu del Partit Socialista local, Rafael Fora, que aquest lideraria amb els seus 3 edils; al costat d&#8217;Esquerra Unida-Comprom\u00eds (que compta amb 2 regidors) i l&#8217;edil de Ciutadans.<\/p>\n\n\n\n<p class=\"wp-block-paragraph\">La alcaldesa ha recordado que son afirmaciones &#8220;nada nuevas, ya que el PSOE lleva desde pr\u00e1cticamente el principio de la legislatura con una moci\u00f3n de censura sobrevolando y amenazando; que no se ha producido y a la que tampoco tenemos miedo. Por lo que aqu\u00ed seguimos&#8221;.<\/p>\n\n\n\n<p class=\"wp-block-paragraph\">Silvia L\u00f3pez ha remarcado que el equipo de gobierno municipal &#8220;sigue trabajando, como desde el primer d\u00eda. Y m\u00e1s all\u00e1 de los l\u00f3gicas puntos de vista distintos en algunas cosas o los criterios propios en cada uno de los temas de los que se llevan adelante, seguimos trabajando juntos por el pueblo de Godelleta y por todos sus convecinos&#8221;.<\/p>\n\n\n\n<p class=\"wp-block-paragraph\">Silvia L\u00f3pez ha querido adem\u00e1s &#8220;desmontar la acusaciones del PSOE de que el pueblo est\u00e1 paralizado y de que no se hace nada desde el equipo de gobierno local: nada m\u00e1s lejos de la realidad. Lo que pasa es que hay cosas que en la situaci\u00f3n que nos encontramos actualmente de pandemia cuestan mucho. Y es que parece que haya algunos que a\u00fan no se han enterado de que estamos padeciendo la peor pandemia de los \u00faltimos siglos y que eso afecta de enorme manera a cualquier iniciativa o proyecto que se quiera sacar adelante. Pero no aqu\u00ed, en todos los Ayuntamientos y en todo el mundo. Y esto afecta tambi\u00e9n a la burocracia que hay en la Administraci\u00f3n p\u00fablica. Aunque no hay m\u00e1s ciego del que no quiere ver&#8221;.<\/p>\n\n\n\n<p class=\"wp-block-paragraph\">&#8220;Nuestra intenci\u00f3n es continuar trabajando en la misma l\u00ednea, los mismos socios de gobierno para llevar a cabo nuestro acuerdo&#8221;, ha finalizado la alcaldesa.<\/p>\n","protected":false},"excerpt":{"rendered":"<div class=\"mh-excerpt\">L&#8217;alcaldessa de Godelleta, Silvia L\u00f3pez, ha respost a les acusacions realitzades en la jornada d&#8217;ahir des del PSPV-PSOE de la localitat de &#8220;ruptura&#8221; en l&#8217;equip de govern municipal \u2014compost per 4 regidors del Partit Popular, <a class=\"mh-excerpt-more\" href=\"https:\/\/tucomarca.whitekongsoftware.com\/ca\/silvia-lopez-el-psoe-porta-amenacant-amb-una-mocio-de-censura-a-godelleta-des-del-principi-de-la-legislatura-i-aci-seguim\/\" title=\"Silvia L\u00f3pez: &#8220;El PSOE porta amena\u00e7ant amb una moci\u00f3 de censura a Godelleta des del principi de la legislatura; i ac\u00ed seguim&#8221;\">[+] <\/a><\/div>\n","protected":false},"author":1,"featured_media":87757,"comment_status":"open","ping_status":"open","sticky":false,"template":"","format":"standard","meta":{"footnotes":""},"categories":[10977,10948,10894,10904,10912,10947,10896],"tags":[11087,10914,11978,11344],"class_list":["post-131426","post","type-post","status-publish","format-standard","has-post-thumbnail","category-godelleta-ca","category-infraestructuras-ca","category-la-comarca-ca","category-sin-categorizar-ca","category-la-hoya-ca","category-politica","category-seccion-ca","tag-godelleta-ca","tag-la-hoya-de-bunol-chiva-ca","tag-partido-popular-ca","tag-pp-ca"],"_links":{"self":[{"href":"https:\/\/tucomarca.whitekongsoftware.com\/ca\/wp-json\/wp\/v2\/posts\/131426","targetHints":{"allow":["GET"]}}],"collection":[{"href":"https:\/\/tucomarca.whitekongsoftware.com\/ca\/wp-json\/wp\/v2\/posts"}],"about":[{"href":"https:\/\/tucomarca.whitekongsoftware.com\/ca\/wp-json\/wp\/v2\/types\/post"}],"author":[{"embeddable":true,"href":"https:\/\/tucomarca.whitekongsoftware.com\/ca\/wp-json\/wp\/v2\/users\/1"}],"replies":[{"embeddable":true,"href":"https:\/\/tucomarca.whitekongsoftware.com\/ca\/wp-json\/wp\/v2\/comments?post=131426"}],"version-history":[{"count":0,"href":"https:\/\/tucomarca.whitekongsoftware.com\/ca\/wp-json\/wp\/v2\/posts\/131426\/revisions"}],"wp:featuredmedia":[{"embeddable":true,"href":"https:\/\/tucomarca.whitekongsoftware.com\/ca\/wp-json\/wp\/v2\/media\/87757"}],"wp:attachment":[{"href":"https:\/\/tucomarca.whitekongsoftware.com\/ca\/wp-json\/wp\/v2\/media?parent=131426"}],"wp:term":[{"taxonomy":"category","embeddable":true,"href":"https:\/\/tucomarca.whitekongsoftware.com\/ca\/wp-json\/wp\/v2\/categories?post=131426"},{"taxonomy":"post_tag","embeddable":true,"href":"https:\/\/tucomarca.whitekongsoftware.com\/ca\/wp-json\/wp\/v2\/tags?post=131426"}],"curies":[{"name":"wp","href":"https:\/\/api.w.org\/{rel}","templated":true}]}}