{"id":131417,"date":"2021-04-21T19:00:00","date_gmt":"2021-04-21T18:00:00","guid":{"rendered":"http:\/\/www.tucomarca.com\/wordpress\/segunda\/?p=131417"},"modified":"2021-04-22T12:21:26","modified_gmt":"2021-04-22T11:21:26","slug":"riba-roja-convoca-25-beques-talent-per-a-joves-llicenciats-i-diplomats-que-treballaran-en-els-projectes-europeus-de-recuperacio-economica-i-sostenibilitat","status":"publish","type":"post","link":"https:\/\/tucomarca.whitekongsoftware.com\/ca\/riba-roja-convoca-25-beques-talent-per-a-joves-llicenciats-i-diplomats-que-treballaran-en-els-projectes-europeus-de-recuperacio-economica-i-sostenibilitat\/","title":{"rendered":"Riba-roja convoca 25 Beques Talent per a joves llicenciats i diplomats que treballaran en els projectes europeus de recuperaci\u00f3 econ\u00f2mica i sostenibilitat"},"content":{"rendered":"\n<h4 class=\"wp-block-heading\">El ple municipal confirma una modificaci\u00f3 del pressupost actual vigent<\/h4>\n\n\n\n<p class=\"wp-block-paragraph\">L&#8217;Ajuntament de Riba-roja de T\u00faria convocar\u00e0 25 \u201cbeques *Talent\u201d destinades a joves de la localitat llicenciats i diplomats d&#8217;entre 25 i 30 anys d&#8217;edat afectats, especialment, per les conseq\u00fc\u00e8ncies derivades del coronavirus. Aquesta iniciativa del consistori est\u00e0 dotada amb una partida total de fins a 84.000 euros que aportaran, \u00edntegrament, les arques municipals.&nbsp;<\/p>\n\n\n\n<p class=\"wp-block-paragraph\">Aquestes beques tindran una duraci\u00f3 de 6 mesos per a cadascun dels joves participants que s&#8217;hagen vist afectats per la crisi i que podran desenvolupar una activitat relacionada amb els seus estudis a l&#8217;Ajuntament de Riba-roja de T\u00faria, inclosa una remuneraci\u00f3 mensual. Les jornades laborals dels joves participants s&#8217;han fixat en un total de 10 hores setmanals.&nbsp;<\/p>\n\n\n\n<p class=\"wp-block-paragraph\">La principal funci\u00f3 dels joves becats ser\u00e0 treballar en els projectes europeus que ha presentat l&#8217;Ajuntament de Riba-roja de T\u00faria per al seu possible finan\u00e7ament per part de la Comissi\u00f3 Europea i que t\u00e9 com a eix fonamental la conversi\u00f3 tecnol\u00f2gica, mediambiental i laboral a trav\u00e9s dels Next Generation i l&#8217;Oficina Municipal de Projectes Europeus.&nbsp;<\/p>\n\n\n\n<p class=\"wp-block-paragraph\">Actualment, l&#8217;atur afecta a un 50% dels joves de Riba-roja de T\u00faria per causes relatives a la crisi sanit\u00e0ria i econ\u00f2mica derivada de la pand\u00e8mia. D&#8217;aquesta manera, els futurs joves beneficiaris tindran l&#8217;oportunitat d&#8217;adquirir experi\u00e8ncia en el mercat laboral amb l&#8217;objectiu de perfeccionar i millorar els seus coneixements i poder competir en aquest.&nbsp;<\/p>\n\n\n\n<p class=\"wp-block-paragraph\">Els projectes naixen arran de l&#8217;impuls que l&#8217;Ajuntament de Riba-roja de T\u00faria va realitzar al febrer passat amb l&#8217;objectiu de canalitzar els fons econ\u00f2mics que la Comissi\u00f3 Europea concedeix a cada pa\u00eds per a ajudar en la recuperaci\u00f3 de l&#8217;activitat financera llastrada per les conseq\u00fc\u00e8ncies derivades de la crisi provocada per la pand\u00e8mia del Covid-19.&nbsp;<\/p>\n\n\n\n<p class=\"wp-block-paragraph\">Les propostes es fixen com a idea primordial el complimiento dels Objectius de Desenvolupament Sostenible (ODS), especialment la transici\u00f3 ecol\u00f2gica i digital i la creaci\u00f3 d&#8217;ocupaci\u00f3. Els projectes de l&#8217;Ajuntament de Riba-roja de T\u00faria s&#8217;assenten sobre la base de dissenyar una modernitzaci\u00f3 de la localitat, com a sistemes intel\u00b7ligents que permeten reduir el tr\u00e0nsit, una interactivitat en l&#8217;arribada a la localitat, la localitzaci\u00f3 de places lliures d&#8217;aparcament o la creaci\u00f3 d&#8217;un centre de capacitaci\u00f3 professional, entre altres.&nbsp;<\/p>\n\n\n\n<p class=\"wp-block-paragraph\">Per a canalitzar aquest volum de treball i el seu posterior desenvolupament, l&#8217;Ajuntament de Riba-roja de T\u00faria ha creat la nova Oficina Municipal de Projectes Europeus que realitzar\u00e0 les funcions de relacions internacionals amb altres entitats o municipis d&#8217;altres pa\u00efsos, a m\u00e9s de la promoci\u00f3 i el foment de la cultura, els valors i el patrimoni existent en l&#8217;\u00e0mbit de la Uni\u00f3 Europea.&nbsp;<\/p>\n\n\n\n<p class=\"wp-block-paragraph\">Alguns dels projectes presentats que opten al finan\u00e7ament europeu se centren, per exemple, en la recuperaci\u00f3 dels paisatges a trav\u00e9s del projecte G\u00e8nesi T\u00faria per a l&#8217;eliminaci\u00f3 de la canya invasora, un impuls de la marca del Parc Natural del T\u00faria com a dinamitzador tur\u00edstic mitjan\u00e7ant el patrimoni arqueol\u00f2gic o la conversi\u00f3 energ\u00e8tica dels edificis p\u00fablics, entre altres.&nbsp;<\/p>\n\n\n\n<p class=\"wp-block-paragraph\">La partida pressupost\u00e0ria per al finan\u00e7ament de les \u201cBeques Talent\u201d aconsegueix els 84.000 euros en total i forma part de la modificaci\u00f3 de cr\u00e8dits aprovada pel ple municipal de Riba-roja de T\u00faria per un muntant total de 1\u20197 milions d&#8217;euros que es destinaran al llarg del present exercici 2021. Aquesta quantitat, al seu torn, forma part del romanent econ\u00f2mic existent i fixat en 4\u20194 milions d&#8217;euros.&nbsp;<\/p>\n\n\n\n<p class=\"wp-block-paragraph\">L&#8217;alcalde de Riba-roja de T\u00faria, Robert Raga, ha qualificat de \u201cessencials\u201d i \u201cmolt importants\u201d els projectes presentats per al finan\u00e7ament europeu \u201cperqu\u00e8 permetran avan\u00e7ar en el disseny, construcci\u00f3 i desenvolupament d&#8217;una localitat basada en els principis de modernitat, tecnologia, efici\u00e8ncia i sostenibilitat ambiental, com a eix fonamental per a la recuperaci\u00f3 econ\u00f2mica actual\u201d.<\/p>\n","protected":false},"excerpt":{"rendered":"<div class=\"mh-excerpt\">El ple municipal confirma una modificaci\u00f3 del pressupost actual vigent L&#8217;Ajuntament de Riba-roja de T\u00faria convocar\u00e0 25 \u201cbeques *Talent\u201d destinades a joves de la localitat llicenciats i diplomats d&#8217;entre 25 i 30 anys d&#8217;edat afectats, <a class=\"mh-excerpt-more\" href=\"https:\/\/tucomarca.whitekongsoftware.com\/ca\/riba-roja-convoca-25-beques-talent-per-a-joves-llicenciats-i-diplomats-que-treballaran-en-els-projectes-europeus-de-recuperacio-economica-i-sostenibilitat\/\" title=\"Riba-roja convoca 25 Beques Talent per a joves llicenciats i diplomats que treballaran en els projectes europeus de recuperaci\u00f3 econ\u00f2mica i sostenibilitat\">[+] <\/a><\/div>\n","protected":false},"author":12,"featured_media":126424,"comment_status":"open","ping_status":"open","sticky":false,"template":"","format":"standard","meta":{"footnotes":""},"categories":[10892,10948,10894,10947,10906,10896],"tags":[14418,10899,14419,10907],"class_list":["post-131417","post","type-post","status-publish","format-standard","has-post-thumbnail","category-camp-de-turia-ca","category-infraestructuras-ca","category-la-comarca-ca","category-politica","category-riba-roja-ca","category-seccion-ca","tag-becas-talent-ca","tag-camp-de-turia-ca","tag-recuperacion-economica-y-sostenibilidad-ca","tag-riba-roja-del-turia-ca"],"_links":{"self":[{"href":"https:\/\/tucomarca.whitekongsoftware.com\/ca\/wp-json\/wp\/v2\/posts\/131417","targetHints":{"allow":["GET"]}}],"collection":[{"href":"https:\/\/tucomarca.whitekongsoftware.com\/ca\/wp-json\/wp\/v2\/posts"}],"about":[{"href":"https:\/\/tucomarca.whitekongsoftware.com\/ca\/wp-json\/wp\/v2\/types\/post"}],"author":[{"embeddable":true,"href":"https:\/\/tucomarca.whitekongsoftware.com\/ca\/wp-json\/wp\/v2\/users\/12"}],"replies":[{"embeddable":true,"href":"https:\/\/tucomarca.whitekongsoftware.com\/ca\/wp-json\/wp\/v2\/comments?post=131417"}],"version-history":[{"count":0,"href":"https:\/\/tucomarca.whitekongsoftware.com\/ca\/wp-json\/wp\/v2\/posts\/131417\/revisions"}],"wp:featuredmedia":[{"embeddable":true,"href":"https:\/\/tucomarca.whitekongsoftware.com\/ca\/wp-json\/wp\/v2\/media\/126424"}],"wp:attachment":[{"href":"https:\/\/tucomarca.whitekongsoftware.com\/ca\/wp-json\/wp\/v2\/media?parent=131417"}],"wp:term":[{"taxonomy":"category","embeddable":true,"href":"https:\/\/tucomarca.whitekongsoftware.com\/ca\/wp-json\/wp\/v2\/categories?post=131417"},{"taxonomy":"post_tag","embeddable":true,"href":"https:\/\/tucomarca.whitekongsoftware.com\/ca\/wp-json\/wp\/v2\/tags?post=131417"}],"curies":[{"name":"wp","href":"https:\/\/api.w.org\/{rel}","templated":true}]}}