{"id":131416,"date":"2021-04-22T08:01:00","date_gmt":"2021-04-22T07:01:00","guid":{"rendered":"http:\/\/www.tucomarca.com\/wordpress\/segunda\/la-unio-de-llauradors-y-la-union-de-extremadura-presentan-conjuntamente-un-recurso-contra-la-normativa-del-mapa-que-limita-la-autorizacion-de-nuevas-hectareas-de-uva-para-cava\/"},"modified":"2021-04-22T11:53:06","modified_gmt":"2021-04-22T10:53:06","slug":"la-unio-de-llauradors-y-la-union-de-extremadura-presentan-conjuntamente-un-recurso-contra-la-normativa-del-mapa-que-limita-la-autorizacion-de-nuevas-hectareas-de-uva-para-cava","status":"publish","type":"post","link":"https:\/\/tucomarca.whitekongsoftware.com\/ca\/la-unio-de-llauradors-y-la-union-de-extremadura-presentan-conjuntamente-un-recurso-contra-la-normativa-del-mapa-que-limita-la-autorizacion-de-nuevas-hectareas-de-uva-para-cava\/","title":{"rendered":"La Uni\u00f3 de Llauradors i la Uni\u00f3 d&#8217;Extremadura presenten conjuntament un recurs contra la normativa del MAPA que limita l&#8217;autoritzaci\u00f3 de noves hect\u00e0rees de ra\u00efm per a cava"},"content":{"rendered":"\n<p class=\"wp-block-paragraph\">La Uni\u00f3 de Llauradors de la Comunitat Valenciana i la Uni\u00f3 d&#8217;Extremadura, totes dues integrades en l&#8217;organitzaci\u00f3 estatal Uni\u00f3 d&#8217;Unions, han presentat conjuntament un recurs contra la limitaci\u00f3 del Ministeri d&#8217;Agricultura (MAPA) per a autoritzar noves plantacions de ra\u00efm per a la Denominaci\u00f3 d&#8217;Origen Protegida (DOP) Cava i demanen que s&#8217;anul\u00b7le la normativa, ja que perjudica les zones productores de Requena i Almendralejo.<br>La Resoluci\u00f3 de 26 de mar\u00e7 de 2021, de la Direcci\u00f3 General de Produccions i Mercats Agraris del MAPA, estableix que la superf\u00edcie disponible per a autoritzacions de nova plantaci\u00f3 en la zona geogr\u00e0fica delimitada per la DOP Cava ser\u00e0, com a m\u00e0xim, de 0,1 hect\u00e0rees per als anys 2020, 2021 i 2022; alguna cosa que segons les dues organitzacions recurrents vulnera la normativa estatal i comunit\u00e0ria.<br>Les esmentades organitzacions consideren que les limitacions establides en la normativa no s&#8217;atenen als criteris de l&#8217;article 63.3 del reglament europeu, ja que no es motiva que les mateixes contribu\u00efsquen a una expansi\u00f3 ordenada de les plantacions, ni es justifica que existisca risc &#8220;clarament demostrat&#8221; d&#8217;oferta excessiva ni que es produ\u00efsca una &#8220;devaluaci\u00f3 significativa&#8221; de la Denominaci\u00f3 d&#8217;Origen, com s&#8217;argumenta en la resoluci\u00f3 ministerial. Informa, <strong>Luis Ib\u00e1\u00f1ez<\/strong>.<\/p>\n","protected":false},"excerpt":{"rendered":"<div class=\"mh-excerpt\">La Uni\u00f3 de Llauradors de la Comunitat Valenciana i la Uni\u00f3 d&#8217;Extremadura, totes dues integrades en l&#8217;organitzaci\u00f3 estatal Uni\u00f3 d&#8217;Unions, han presentat conjuntament un recurs contra la limitaci\u00f3 del Ministeri d&#8217;Agricultura (MAPA) per a autoritzar <a class=\"mh-excerpt-more\" href=\"https:\/\/tucomarca.whitekongsoftware.com\/ca\/la-unio-de-llauradors-y-la-union-de-extremadura-presentan-conjuntamente-un-recurso-contra-la-normativa-del-mapa-que-limita-la-autorizacion-de-nuevas-hectareas-de-uva-para-cava\/\" title=\"La Uni\u00f3 de Llauradors i la Uni\u00f3 d&#8217;Extremadura presenten conjuntament un recurs contra la normativa del MAPA que limita l&#8217;autoritzaci\u00f3 de noves hect\u00e0rees de ra\u00efm per a cava\">[+] <\/a><\/div>\n","protected":false},"author":1,"featured_media":131413,"comment_status":"open","ping_status":"open","sticky":false,"template":"","format":"standard","meta":{"footnotes":""},"categories":[10905,11046,10898,10948,10894,10904,10912,10902,10947,10909,10896],"tags":[10910,14379],"class_list":["post-131416","post","type-post","status-publish","format-standard","has-post-thumbnail","category-agricultura-la-comarca-ca","category-los-serranos-ca","category-ventana-ca","category-infraestructuras-ca","category-la-comarca-ca","category-sin-categorizar-ca","category-la-hoya-ca","category-la-ribera-ca","category-politica","category-requena-utiel-ca","category-seccion-ca","tag-requena-utiel-ca","tag-vides-ca"],"_links":{"self":[{"href":"https:\/\/tucomarca.whitekongsoftware.com\/ca\/wp-json\/wp\/v2\/posts\/131416","targetHints":{"allow":["GET"]}}],"collection":[{"href":"https:\/\/tucomarca.whitekongsoftware.com\/ca\/wp-json\/wp\/v2\/posts"}],"about":[{"href":"https:\/\/tucomarca.whitekongsoftware.com\/ca\/wp-json\/wp\/v2\/types\/post"}],"author":[{"embeddable":true,"href":"https:\/\/tucomarca.whitekongsoftware.com\/ca\/wp-json\/wp\/v2\/users\/1"}],"replies":[{"embeddable":true,"href":"https:\/\/tucomarca.whitekongsoftware.com\/ca\/wp-json\/wp\/v2\/comments?post=131416"}],"version-history":[{"count":0,"href":"https:\/\/tucomarca.whitekongsoftware.com\/ca\/wp-json\/wp\/v2\/posts\/131416\/revisions"}],"wp:featuredmedia":[{"embeddable":true,"href":"https:\/\/tucomarca.whitekongsoftware.com\/ca\/wp-json\/wp\/v2\/media\/131413"}],"wp:attachment":[{"href":"https:\/\/tucomarca.whitekongsoftware.com\/ca\/wp-json\/wp\/v2\/media?parent=131416"}],"wp:term":[{"taxonomy":"category","embeddable":true,"href":"https:\/\/tucomarca.whitekongsoftware.com\/ca\/wp-json\/wp\/v2\/categories?post=131416"},{"taxonomy":"post_tag","embeddable":true,"href":"https:\/\/tucomarca.whitekongsoftware.com\/ca\/wp-json\/wp\/v2\/tags?post=131416"}],"curies":[{"name":"wp","href":"https:\/\/api.w.org\/{rel}","templated":true}]}}