{"id":131394,"date":"2021-04-22T04:08:34","date_gmt":"2021-04-22T03:08:34","guid":{"rendered":"http:\/\/www.tucomarca.com\/wordpress\/segunda\/?p=131394"},"modified":"2021-04-22T04:08:39","modified_gmt":"2021-04-22T03:08:39","slug":"video-resumeixen-i-postpartit-repartiment-de-punts-sense-gols-en-el-cd-bunol-cd-utiel","status":"publish","type":"post","link":"https:\/\/tucomarca.whitekongsoftware.com\/ca\/video-resumeixen-i-postpartit-repartiment-de-punts-sense-gols-en-el-cd-bunol-cd-utiel\/","title":{"rendered":"V\u00eddeo resumeixen i postpartit: repartiment de punts sense gols en el CD Bu\u00f1ol &#8211; CD Utiel"},"content":{"rendered":"\n<figure class=\"wp-block-embed is-type-video is-provider-youtube wp-block-embed-youtube wp-embed-aspect-16-9 wp-has-aspect-ratio\"><div class=\"wp-block-embed__wrapper\">\n<iframe loading=\"lazy\" title=\"V\u00eddeo resumen y postpartido: tablas y reparto de puntos sin goles en el CD Bu\u00f1ol - CD Utiel\" width=\"500\" height=\"281\" src=\"https:\/\/www.youtube.com\/embed\/wZ0D2u9ypZ0?feature=oembed\" frameborder=\"0\" allow=\"accelerometer; autoplay; clipboard-write; encrypted-media; gyroscope; picture-in-picture; web-share\" referrerpolicy=\"strict-origin-when-cross-origin\" allowfullscreen><\/iframe>\n<\/div><\/figure>\n\n\n\n<p class=\"wp-block-paragraph\">Primer i segon classificat en el grup tercer de la Regional Preferent, el Club Esportiu Bu\u00f1ol i el Club Esportiu Utiel, han signat unes taules sense gols aquest dimecres a la nit en el Beltr\u00e1n B\u00e1guena en una desapacible i plujosa nit. Despr\u00e9s d&#8217;aquest empat, el CD Bu\u00f1ol es mant\u00e9 al cap de la classificaci\u00f3 del grup amb 40 punts, a 7 de l&#8217;Utiel; els mateixos punts que els separen del Sant Marcelino, que no obstant aix\u00f2 no ha aconseguit sumar aquest dimecres en caure davant la UD Aldaia CF per 1-2.<\/p>\n","protected":false},"excerpt":{"rendered":"<div class=\"mh-excerpt\">Primer i segon classificat en el grup tercer de la Regional Preferent, el Club Esportiu Bu\u00f1ol i el Club Esportiu Utiel, han signat unes taules sense gols aquest dimecres a la nit en el Beltr\u00e1n <a class=\"mh-excerpt-more\" href=\"https:\/\/tucomarca.whitekongsoftware.com\/ca\/video-resumeixen-i-postpartit-repartiment-de-punts-sense-gols-en-el-cd-bunol-cd-utiel\/\" title=\"V\u00eddeo resumeixen i postpartit: repartiment de punts sense gols en el CD Bu\u00f1ol &#8211; CD Utiel\">[+] <\/a><\/div>\n","protected":false},"author":1,"featured_media":131390,"comment_status":"open","ping_status":"open","sticky":false,"template":"","format":"video","meta":{"footnotes":""},"categories":[10911,11015,11003,10894,10912,10909,10896,11059,11062],"tags":[11074,11264,11075,10914,10910],"class_list":["post-131394","post","type-post","status-publish","format-video","has-post-thumbnail","category-bunol-ca","category-canal-futbol","category-sports","category-la-comarca-ca","category-la-hoya-ca","category-requena-utiel-ca","category-seccion-ca","category-utiel-ca","category-videos","tag-deportes-ca","tag-esports-ca","tag-futbol-ca","tag-la-hoya-de-bunol-chiva-ca","tag-requena-utiel-ca","post_format-post-format-video"],"_links":{"self":[{"href":"https:\/\/tucomarca.whitekongsoftware.com\/ca\/wp-json\/wp\/v2\/posts\/131394","targetHints":{"allow":["GET"]}}],"collection":[{"href":"https:\/\/tucomarca.whitekongsoftware.com\/ca\/wp-json\/wp\/v2\/posts"}],"about":[{"href":"https:\/\/tucomarca.whitekongsoftware.com\/ca\/wp-json\/wp\/v2\/types\/post"}],"author":[{"embeddable":true,"href":"https:\/\/tucomarca.whitekongsoftware.com\/ca\/wp-json\/wp\/v2\/users\/1"}],"replies":[{"embeddable":true,"href":"https:\/\/tucomarca.whitekongsoftware.com\/ca\/wp-json\/wp\/v2\/comments?post=131394"}],"version-history":[{"count":0,"href":"https:\/\/tucomarca.whitekongsoftware.com\/ca\/wp-json\/wp\/v2\/posts\/131394\/revisions"}],"wp:featuredmedia":[{"embeddable":true,"href":"https:\/\/tucomarca.whitekongsoftware.com\/ca\/wp-json\/wp\/v2\/media\/131390"}],"wp:attachment":[{"href":"https:\/\/tucomarca.whitekongsoftware.com\/ca\/wp-json\/wp\/v2\/media?parent=131394"}],"wp:term":[{"taxonomy":"category","embeddable":true,"href":"https:\/\/tucomarca.whitekongsoftware.com\/ca\/wp-json\/wp\/v2\/categories?post=131394"},{"taxonomy":"post_tag","embeddable":true,"href":"https:\/\/tucomarca.whitekongsoftware.com\/ca\/wp-json\/wp\/v2\/tags?post=131394"}],"curies":[{"name":"wp","href":"https:\/\/api.w.org\/{rel}","templated":true}]}}