{"id":131343,"date":"2021-04-21T12:30:00","date_gmt":"2021-04-21T11:30:00","guid":{"rendered":"http:\/\/www.tucomarca.com\/wordpress\/segunda\/?p=131343"},"modified":"2021-04-21T13:36:25","modified_gmt":"2021-04-21T12:36:25","slug":"la-diputacio-incrementa-en-250-000-euros-les-ajudes-per-als-plans-de-mobilitat-urbana-sostenible","status":"publish","type":"post","link":"https:\/\/tucomarca.whitekongsoftware.com\/ca\/la-diputacio-incrementa-en-250-000-euros-les-ajudes-per-als-plans-de-mobilitat-urbana-sostenible\/","title":{"rendered":"La Diputaci\u00f3 incrementa en 250.000 euros les ajudes per als Plans de Mobilitat Urbana Sostenible"},"content":{"rendered":"\n<h4 class=\"wp-block-heading\"><strong><strong>La quantitat total de les subvencions \u00e9s de 650.000 euros, amb una iniciativa que ajudar\u00e0 a &#8220;mitigar el canvi clim\u00e0tic, millorar la qualitat de l&#8217;aire i reduir el soroll generat pel tr\u00e0nsit&#8221;, segons explica la diputada de Mobilitat Sostenible, Dolors Gimeno<\/strong><\/strong><\/h4>\n\n\n\n<p class=\"wp-block-paragraph\">L&#8217;\u00e0rea de Mobilitat Sostenible de la Diputaci\u00f3 de Val\u00e8ncia ha convocat una nova edici\u00f3 de les ajudes per a la redacci\u00f3 de Plans de Mobilitat Urbana Sostenible, \u201cuns instruments de participaci\u00f3 ciutadana per a impulsar els canvis necessaris en la mobilitat urbana, situant en el centre de la planificaci\u00f3 a les persones per garantir espais saludables i amables on es puga caminar i pedalar, i on els despla\u00e7aments m\u00e9s llargs es puguen efectuar amb transport p\u00fablic&#8221;, explica la diputada de Mobilitat Sostenible, Dolors Gimeno.<\/p>\n\n\n\n<p class=\"wp-block-paragraph\">Els Plans de Mobilitat Urbana Sostenible (PMUS) permeten ordenar les diferents xarxes de mobilitat: vianants, ciclistes, transport p\u00fablic, el vehicle privat, l&#8217;aparcament i la distribuci\u00f3 de mercaderies, tenint en compte la seguretat vi\u00e0ria, la salut i la integraci\u00f3 social.<\/p>\n\n\n\n<p class=\"wp-block-paragraph\">Els PMUS tenen un \u00e0mbit d&#8217;actuaci\u00f3 local, no obstant, aix\u00f2 per esta convocat\u00f2ria poden desenvolupar-se en col\u00b7laboraci\u00f3 amb diversos municipis, ja siga per pert\u00e0nyer a una \u00e0rea metropolitana, a una mancomunitat o a una agrupaci\u00f3.&nbsp;<\/p>\n\n\n\n<p class=\"wp-block-paragraph\">El cr\u00e8dit total consignat per a les subvencions que es concedisquen a l&#8217;empara de la present convocat\u00f2ria \u00e9s de 650.000 euros, amb unes subvencions per concurr\u00e8ncia competitiva de 6.000 euros per a municipis de 3.000 a 10.000 habitants, i 7.000 euros per a municipis de 10.001 a 20.000 habitants. Les entitats locals d&#8217;\u00e0mbit territorial inferior al municipal i municipis de menys de 3.000 habitants, a trav\u00e9s de mancomunitats o d&#8217;agrupacions d&#8217;almenys 2 integrants, podran optar a 2.500 euros per a cadascun dels seus components. En esta modalitat, la quantia total resultant ser\u00e0 com a m\u00e0xim de 25.000 euros per a sol\u00b7licituds presentades per cada Mancomunitat i de 15.000 euros per a cada Agrupaci\u00f3 de Municipis.<\/p>\n","protected":false},"excerpt":{"rendered":"<div class=\"mh-excerpt\">La quantitat total de les subvencions \u00e9s de 650.000 euros, amb una iniciativa que ajudar\u00e0 a &#8220;mitigar el canvi clim\u00e0tic, millorar la qualitat de l&#8217;aire i reduir el soroll generat pel tr\u00e0nsit&#8221;, segons explica la <a class=\"mh-excerpt-more\" href=\"https:\/\/tucomarca.whitekongsoftware.com\/ca\/la-diputacio-incrementa-en-250-000-euros-les-ajudes-per-als-plans-de-mobilitat-urbana-sostenible\/\" title=\"La Diputaci\u00f3 incrementa en 250.000 euros les ajudes per als Plans de Mobilitat Urbana Sostenible\">[+] <\/a><\/div>\n","protected":false},"author":1,"featured_media":120281,"comment_status":"open","ping_status":"open","sticky":false,"template":"","format":"standard","meta":{"footnotes":""},"categories":[10898,10948,10894,10904,10903,10947,10896],"tags":[14181],"class_list":["post-131343","post","type-post","status-publish","format-standard","has-post-thumbnail","category-ventana-ca","category-infraestructuras-ca","category-la-comarca-ca","category-sin-categorizar-ca","category-medio-ambiente-la-comarca-ca","category-politica","category-seccion-ca","tag-diputacio-de-valencia-2-ca"],"_links":{"self":[{"href":"https:\/\/tucomarca.whitekongsoftware.com\/ca\/wp-json\/wp\/v2\/posts\/131343","targetHints":{"allow":["GET"]}}],"collection":[{"href":"https:\/\/tucomarca.whitekongsoftware.com\/ca\/wp-json\/wp\/v2\/posts"}],"about":[{"href":"https:\/\/tucomarca.whitekongsoftware.com\/ca\/wp-json\/wp\/v2\/types\/post"}],"author":[{"embeddable":true,"href":"https:\/\/tucomarca.whitekongsoftware.com\/ca\/wp-json\/wp\/v2\/users\/1"}],"replies":[{"embeddable":true,"href":"https:\/\/tucomarca.whitekongsoftware.com\/ca\/wp-json\/wp\/v2\/comments?post=131343"}],"version-history":[{"count":0,"href":"https:\/\/tucomarca.whitekongsoftware.com\/ca\/wp-json\/wp\/v2\/posts\/131343\/revisions"}],"wp:featuredmedia":[{"embeddable":true,"href":"https:\/\/tucomarca.whitekongsoftware.com\/ca\/wp-json\/wp\/v2\/media\/120281"}],"wp:attachment":[{"href":"https:\/\/tucomarca.whitekongsoftware.com\/ca\/wp-json\/wp\/v2\/media?parent=131343"}],"wp:term":[{"taxonomy":"category","embeddable":true,"href":"https:\/\/tucomarca.whitekongsoftware.com\/ca\/wp-json\/wp\/v2\/categories?post=131343"},{"taxonomy":"post_tag","embeddable":true,"href":"https:\/\/tucomarca.whitekongsoftware.com\/ca\/wp-json\/wp\/v2\/tags?post=131343"}],"curies":[{"name":"wp","href":"https:\/\/api.w.org\/{rel}","templated":true}]}}