{"id":131335,"date":"2021-04-21T17:00:00","date_gmt":"2021-04-21T16:00:00","guid":{"rendered":"http:\/\/www.tucomarca.com\/wordpress\/segunda\/?p=131335"},"modified":"2021-04-22T02:18:53","modified_gmt":"2021-04-22T01:18:53","slug":"la-universitat-de-primavera-dalzira-debat-aquest-divendres-sobre-la-biodiversitat-valenciana-davant-el-repte-del-canvi-global","status":"publish","type":"post","link":"https:\/\/tucomarca.whitekongsoftware.com\/ca\/la-universitat-de-primavera-dalzira-debat-aquest-divendres-sobre-la-biodiversitat-valenciana-davant-el-repte-del-canvi-global\/","title":{"rendered":"La Universitat de Primavera d&#8217;Alzira debat aquest divendres sobre \u2018la biodiversitat valenciana davant el repte del canvi global\u2019"},"content":{"rendered":"\n<h4 class=\"wp-block-heading\"><strong>La Universitat de Primavera d&#8217;Alzira analitzar\u00e0 aquest divendres \u2018La biodiversitat valenciana davant el repte del canvi global\u2019. Amb la jornada d&#8217;Alzira s&#8217;inicia l&#8217;etapa d&#8217;Universitats de Primavera, que s&#8217;emmarquen en la iniciativa d&#8217;Universitats Estacionals, impulsada per la UV per a generar debats gratu\u00efts i oberts als ciutadans sobre els aspectes m\u00e9s singulars de cada territori.<\/strong><\/h4>\n\n\n\n<p class=\"wp-block-paragraph\">La Universitat de Primavera d&#8217;Alzira sotmetr\u00e0 a debat al llarg d&#8217;aquest divendres, 23 d&#8217;abril, el tema \u2018La biodiversitat valenciana davant el repte del canvi global\u2019, en la qual ja ser\u00e0 la seua sisena edici\u00f3. Amb aquesta jornada es d\u00f3na inici a l&#8217;etapa d&#8217;Universitats de Primavera, despr\u00e9s de la celebraci\u00f3 de les Universitats d&#8217;Hivern de Requena i Cofrentes.<\/p>\n\n\n\n<p class=\"wp-block-paragraph\">Les Universitats Estacionals s\u00f3n una iniciativa de la Universitat de Val\u00e8ncia (UV), organitzada a trav\u00e9s del Vicerectorat de Projecci\u00f3 Territorial i Societat amb els ajuntaments de cada localitat i en col\u00b7laboraci\u00f3 amb la Diputaci\u00f3 de Val\u00e8ncia i Caixa Popular. El seu objectiu \u00e9s promoure el debat entorn d&#8217;un tema monogr\u00e0fic lligat a la singularitat de cada \u00e0mbit geogr\u00e0fic, tenint en compte la seua particular idiosincr\u00e0sia, hist\u00f2ria i cultura, sota la coordinaci\u00f3 d&#8217;un especialista en la mat\u00e8ria. Aquesta acci\u00f3 acad\u00e8mica ja \u00e9s en totes les comarques de la prov\u00edncia, amb 20 edicions en altres tantes localitats, garantint la seua pres\u00e8ncia en tot el territori.<\/p>\n\n\n\n<p class=\"wp-block-paragraph\">En 2021, aquestes jornades, gratu\u00eftes i obertes a ciutadans de totes les edats, han recuperat el vincle amb l&#8217;estaci\u00f3 de l&#8217;any que els d\u00f3na nom, despr\u00e9s d&#8217;un any an\u00f2mal per les restriccions degudes a la pand\u00e8mia. I mantenen, a m\u00e9s, la distribuci\u00f3 per \u00e0rees tem\u00e0tiques -que reflecteixen la transversalitat de coneixement de la UV i la pluralitat de temes estudiats pels seus especialistes- i el car\u00e0cter semipresencial, que es va impulsar en 2020 amb la incorporaci\u00f3 de l&#8217;enlla\u00e7 en l\u00ednia, que permet el seguiment de les sessions per <em>streaming<\/em>, facilitant l&#8217;assist\u00e8ncia a les persones interessades. Com en 2020, la UV facilitar\u00e0 les inscripcions a trav\u00e9s de la web (http:\/\/projeccio.uv.es) i proporcionar\u00e0 el corresponent certificat d&#8217;assist\u00e8ncia, tant si \u00e9s presencial com a en l\u00ednia.<\/p>\n\n\n\n<p class=\"wp-block-paragraph\"><strong>Universitat de Primavera d&#8217;Alzira<\/strong><\/p>\n\n\n\n<p class=\"wp-block-paragraph\">La Universitat de Primavera d&#8217;Alzira celebra enguany la seua sisena edici\u00f3 en el MUMA- Museu Municipal d&#8217;Alzira (C\/ Sant Roc, 16) sota el t\u00edtol \u2018La biodiversitat valenciana davant el repte del canvi global\u2019, amb la col\u00b7laboraci\u00f3 de l&#8217;Ajuntament d&#8217;Alzira, la Diputaci\u00f3 de Val\u00e8ncia i Caixa Popular.<\/p>\n\n\n\n<p class=\"wp-block-paragraph\">La jornada -que s&#8217;emmarca en l&#8217;\u00e0rea tem\u00e0tica \u2018Biodiversitat, Desenvolupament i Innovaci\u00f3 Territorial\u2019-, est\u00e0 dedicada a abordar el canvi global i el seu impacte sobre la biodiversitat a la Comunitat Valenciana, analitzant aspectes com la fragmentaci\u00f3 i destrucci\u00f3 d&#8217;h\u00e0bitats; la contaminaci\u00f3 de l&#8217;aire, el s\u00f2l i l&#8217;aigua; la sobreexplotaci\u00f3 d&#8217;esp\u00e8cies; i la introducci\u00f3 d&#8217;esp\u00e8cies ex\u00f2tiques. Per a explicar aquests factors de manera general i posar de manifest el seu impacte en la flora, fauna i ecosistemes del nostre territori, es comptar\u00e0 amb la participaci\u00f3 d&#8217;experts de la UV i personal t\u00e8cnic de la Generalitat Valenciana. El programa inclou sis confer\u00e8ncies, dirigides a docents, professionals, estudiants i ciutadania en general, per la qual cosa, sense perdre el seu rigor, tindran un enfocament divulgatiu. En elles es tractaran moltes de les amenaces per als espais protegits valencians en general, i per a alguns exemples representatius d&#8217;organismes en particular: mam\u00edfers marins, rapa\u00e7os, papallones, l\u00edquenes i flora rara, end\u00e8mica i en perill.<\/p>\n\n\n\n<p class=\"wp-block-paragraph\">L&#8217;acte inaugural ser\u00e0 a les 09:00 h, amb la intervenci\u00f3 de Diego E. G\u00f3mez Garc\u00eda, alcalde d&#8217;Alzira; Jorge Hermosilla Pla, vicerector de Projecci\u00f3 Territorial i Societat de la UV; Emilio Barba Campos, coordinador de la Universitat de Primavera d&#8217;Alzira; Inmaculada Miravalles Alberola, directora de l&#8217;oficina de Caixa Popular d&#8217;Alzira; i un representant de la Diputaci\u00f3 de Val\u00e8ncia.<\/p>\n\n\n\n<p class=\"wp-block-paragraph\">A continuaci\u00f3 tindran lloc les confer\u00e8ncies programades. Felicitat Cuesta Peir\u00f3, del Servei de Gesti\u00f3 d&#8217;Espais Naturals Protegits de la Generalitat Valenciana, parlar\u00e0 sobre \u2018Impactes del canvi global sobre els espais protegits de la Comunitat Valenciana\u2019.<\/p>\n\n\n\n<p class=\"wp-block-paragraph\">Emilio Laguna Lumbreras, del Servei de Vida Silvestre del Centre per a la Investigaci\u00f3 i l\u2019Experimentaci\u00f3 Forestal (CIEF) de la Generalitat Valenciana, tractar\u00e0 sobre \u2018Estatus i conservaci\u00f3 de la flora valenciana rara, end\u00e8mica o amena\u00e7ada\u2019.<\/p>\n\n\n\n<p class=\"wp-block-paragraph\">Les confer\u00e8ncies sobre \u2018La conservaci\u00f3 dels mam\u00edfers marins del Mediterrani\u2019 i \u2018Conservaci\u00f3 de grans \u00e0guiles en territori valenci\u00e0: el gran germ\u00e0 animal\u2019, a c\u00e0rrec de Juan Antonio Raga Esteve i Pascual L\u00f3pez L\u00f3pez, respectivament -tots dos de l&#8217;Institut Cavanilles de Biodiversitat i Biologia Evolutiva de la UV-, tancaran la sessi\u00f3 del mat\u00ed.<\/p>\n\n\n\n<p class=\"wp-block-paragraph\">La jornada es reprendr\u00e0 a les 15:30 h, amb una confer\u00e8ncia de Joaqu\u00edn Baixeras Almela, de l&#8217;Institut Cavanilles de Biodiversitat i Biologia Evolutiva de la UV, sobre \u2018La papallona apol\u00b7lo a la Comunitat Valenciana: experi\u00e8ncies al l\u00edmit de l&#8217;extinci\u00f3\u2019. A continuaci\u00f3, Eva Barreno Rodr\u00edguez, de l&#8217;Institut Cavanilles de Biodiversitat i Biologia Evolutiva de la UV, parlar\u00e0 sobre \u2018Els l\u00edquenes, grans conqueridors de mitjans extrems que sucumbeixen als canvis ambientals\u2019.<\/p>\n\n\n\n<p class=\"wp-block-paragraph\">L&#8217;acte de clausura de la sisena edici\u00f3 de la Universitat de Primavera d&#8217;Alzira ser\u00e0 a les 17:30 h, a c\u00e0rrec del seu coordinador, Emilio Barba Campos.<\/p>\n\n\n\n<p class=\"wp-block-paragraph\"><strong>20 Universitats Estacionals, 4 estacions i 3 \u00e0rees tem\u00e0tiques<\/strong><\/p>\n\n\n\n<p class=\"wp-block-paragraph\">La programaci\u00f3 d&#8217;Universitats Estacionals integra dues Universitats d&#8217;Hivern, que ja han celebrat les seues corresponents sessions: Cofrentes i Requena.<\/p>\n\n\n\n<p class=\"wp-block-paragraph\">Les Universitats Estacionals de Primavera, despr\u00e9s de la celebraci\u00f3 aquesta setmana de l&#8217;edici\u00f3 d&#8217;Alzira, prosseguiran la seua programaci\u00f3 amb la Universitat Estacional de Cullera, que tindr\u00e0 com a tema de debat, el 29 d&#8217;abril, \u2018Una mirada al patrimoni i al turisme sota la mar\u2019. La Universitat Estacional de X\u00e0tiva, el 13 de maig, analitzar\u00e0 \u2018La governan\u00e7a i gesti\u00f3 del turisme cultural\u2019; la Universitat Estacional de Sagunt, el 20 de maig, \u2018Conseq\u00fc\u00e8ncies de la pand\u00e8mia Covid-19 en dones i xiquetes\u2019; la Universitat Estacional de la Canal de Navarr\u00e9s, el 28 de maig, \u2018Desenvolupament rural enfront del despoblament en municipis d&#8217;interior\u2019; la Universitat Estacional d&#8217;Alt T\u00faria, l&#8217;11 de juny, \u2018Del recurs territorial al producte tur\u00edstic en una reserva de la biosfera\u2019; i la Universitat Estacional del Rinc\u00f3n de Ademuz, el 21 de juny, \u2018Paisatges rurals: productes tur\u00edstics sostenibles\u2019.<\/p>\n\n\n\n<p class=\"wp-block-paragraph\">Les Universitats Estacionals d&#8217;Estiu comen\u00e7aran el 7 de juliol amb l&#8217;edici\u00f3 de la Universitat Estacional d&#8217;Aras de los Olmos, que tindr\u00e0 com a tema principal \u2018Bot\u00e0nica i desenvolupament rural\u2019. La Universitat Estacional de Gandia debatr\u00e0, a partir del 12 de juliol, sobre \u2018Canvis. Una mirada calidosc\u00f2pica\u2019; i la Universitat Estacional de Sagunt, el 15 de setembre, sobre \u2018Sagunt: Patrimoni de la Humanitat. Entre el mite i el llegat cultural\u2019.<\/p>\n\n\n\n<p class=\"wp-block-paragraph\">Les Universitats Estacionals de Tardor tancaran la programaci\u00f3 de 2021. La Universitat Estacional d&#8217;Alaqu\u00e0s obrir\u00e0 el cicle el 7 d&#8217;octubre, amb el tema \u2018L&#8217;Horta en la cru\u00eflla: algunes decisions hist\u00f2riques crucials\u2019. La Universitat Estacional de Bu\u00f1ol, el 15 d&#8217;octubre, tindr\u00e0 com a t\u00edtol \u2018Bu\u00f1ol. El patrimoni cultural. La m\u00fasica com a motor de canvi social\u00b4; la Universitat Estacional de l&#8217;Eliana, el 21 d&#8217;octubre, \u2018<em>Smart cities<\/em>: tecnologia i ciutadania\u2019; la Universitat Estacional d&#8217;Oliva, el 27 d&#8217;octubre, \u2018Educaci\u00f3: iguals i diversos\u2019; la Universitat Estacional de Ll\u00edria, el 29 d&#8217;octubre, \u2018La m\u00fasica com a eina educativa de transformaci\u00f3 social\u2019; la Universitat Estacional d&#8217;Ayora, el 4 de novembre, \u2018Reptes i amenaces de l&#8217;apicultura en el segle XXI\u2019; la Universitat Estacional d&#8217;Enguera, a partir de l&#8217;11 de novembre, \u2018Professions de futur i vida saludable en un m\u00f3n global i sostenible\u2019; i la Universitat Estacional d&#8217;Ontinyent, a partir del 23 de novembre, \u2018Temps de transformacions\u2019.<\/p>\n\n\n\n<p class=\"wp-block-paragraph\">Les Universitats Estacionals debatran aquest any 2021 sobre m\u00faltiples aspectes vinculats a cada territori entorn de tres \u00e0rees tem\u00e0tiques: \u2018Patrimoni Hist\u00f2ric i Cultural\u2019 (Cullera, X\u00e0tiva, Sagunt, Alaqu\u00e0s, Bunyol i Ayora); \u2018Educaci\u00f3 i Benestar Social\u2019 (Cofrentes, Sagunt, Ll\u00edria, Oliva, Enguera i Ontinyent); i \u2018Biodiversitat, Desenvolupament i Innovaci\u00f3 Territorial\u2019 (Requena, Alzira, la Canal de Navarr\u00e9s, Alt T\u00faria, Rinc\u00f3n de Ademuz, Aras de los Olmos, Gandia i l&#8217;Eliana).<\/p>\n","protected":false},"excerpt":{"rendered":"<div class=\"mh-excerpt\">La Universitat de Primavera d&#8217;Alzira analitzar\u00e0 aquest divendres \u2018La biodiversitat valenciana davant el repte del canvi global\u2019. Amb la jornada d&#8217;Alzira s&#8217;inicia l&#8217;etapa d&#8217;Universitats de Primavera, que s&#8217;emmarquen en la iniciativa d&#8217;Universitats Estacionals, impulsada per <a class=\"mh-excerpt-more\" href=\"https:\/\/tucomarca.whitekongsoftware.com\/ca\/la-universitat-de-primavera-dalzira-debat-aquest-divendres-sobre-la-biodiversitat-valenciana-davant-el-repte-del-canvi-global\/\" title=\"La Universitat de Primavera d&#8217;Alzira debat aquest divendres sobre \u2018la biodiversitat valenciana davant el repte del canvi global\u2019\">[+] <\/a><\/div>\n","protected":false},"author":12,"featured_media":131334,"comment_status":"open","ping_status":"open","sticky":false,"template":"","format":"standard","meta":{"footnotes":""},"categories":[11019,10889,10948,10894,10902,10903,11007,10896],"tags":[11192,11356,14166,12457],"class_list":["post-131335","post","type-post","status-publish","format-standard","has-post-thumbnail","category-agenda-ca","category-alzira-cat","category-infraestructuras-ca","category-la-comarca-ca","category-la-ribera-ca","category-medio-ambiente-la-comarca-ca","category-ocio-y-cultura-ca","category-seccion-ca","tag-alzira-ca","tag-ribera-alta-ca","tag-universidades-estacionales-ca","tag-universitat-de-valencia-ca"],"_links":{"self":[{"href":"https:\/\/tucomarca.whitekongsoftware.com\/ca\/wp-json\/wp\/v2\/posts\/131335","targetHints":{"allow":["GET"]}}],"collection":[{"href":"https:\/\/tucomarca.whitekongsoftware.com\/ca\/wp-json\/wp\/v2\/posts"}],"about":[{"href":"https:\/\/tucomarca.whitekongsoftware.com\/ca\/wp-json\/wp\/v2\/types\/post"}],"author":[{"embeddable":true,"href":"https:\/\/tucomarca.whitekongsoftware.com\/ca\/wp-json\/wp\/v2\/users\/12"}],"replies":[{"embeddable":true,"href":"https:\/\/tucomarca.whitekongsoftware.com\/ca\/wp-json\/wp\/v2\/comments?post=131335"}],"version-history":[{"count":0,"href":"https:\/\/tucomarca.whitekongsoftware.com\/ca\/wp-json\/wp\/v2\/posts\/131335\/revisions"}],"wp:featuredmedia":[{"embeddable":true,"href":"https:\/\/tucomarca.whitekongsoftware.com\/ca\/wp-json\/wp\/v2\/media\/131334"}],"wp:attachment":[{"href":"https:\/\/tucomarca.whitekongsoftware.com\/ca\/wp-json\/wp\/v2\/media?parent=131335"}],"wp:term":[{"taxonomy":"category","embeddable":true,"href":"https:\/\/tucomarca.whitekongsoftware.com\/ca\/wp-json\/wp\/v2\/categories?post=131335"},{"taxonomy":"post_tag","embeddable":true,"href":"https:\/\/tucomarca.whitekongsoftware.com\/ca\/wp-json\/wp\/v2\/tags?post=131335"}],"curies":[{"name":"wp","href":"https:\/\/api.w.org\/{rel}","templated":true}]}}