{"id":131303,"date":"2021-04-20T12:11:00","date_gmt":"2021-04-20T11:11:00","guid":{"rendered":"http:\/\/www.tucomarca.com\/wordpress\/segunda\/?p=131303"},"modified":"2021-04-20T22:23:25","modified_gmt":"2021-04-20T21:23:25","slug":"xest-commemora-la-proclamacio-de-la-ii-republica-amb-tres-activitats-culturals","status":"publish","type":"post","link":"https:\/\/tucomarca.whitekongsoftware.com\/ca\/xest-commemora-la-proclamacio-de-la-ii-republica-amb-tres-activitats-culturals\/","title":{"rendered":"Xest commemora la proclamaci\u00f3 de la II Rep\u00fablica amb tres activitats culturals"},"content":{"rendered":"\n<p class=\"wp-block-paragraph\">El passat cap de setmana va tindre lloc un programa cultural dedicat a la commemoraci\u00f3 de la proclamaci\u00f3 de la II Rep\u00fablica espanyola. Les activitats es van obrir amb la posada en escena d&#8217;Enceses, a c\u00e0rrec de la companyia Hongaresa, el divendres 16 d&#8217;abril en el teatre Liceu.<\/p>\n\n\n\n<p class=\"wp-block-paragraph\"><strong>Encendidas<\/strong><\/p>\n\n\n\n<p class=\"wp-block-paragraph\">La poeta Francisca Aguirre, Premio Nacional de Poes\u00eda en 2011 y Premio Nacional de las Letras Espa\u00f1olas en 2019, y la dramaturga Lola L\u00f3pez inician en el a\u00f1o 2005 una relaci\u00f3n de amistad que pronto se transforma en una poderosa complicidad creadora que da lugar al espect\u00e1culo&nbsp;<em>Encendidas<\/em>.<br>La obra cont\u00f3 con la interpretaci\u00f3n de L\u00f3pez y con la voz flamenca de Paco del Pozo y la guitarra de Jos\u00e9 Mar\u00eda Gallardo del Rey y se desarroll\u00f3 en los tres actos cl\u00e1sicos, protagonizados por \u201cLola, la comedianta\u201d y \u201cFrancisca, la poeta\u201d, aunque solo una de ellas est\u00e1 realmente en escena. En el primer acto se evocaba la infancia de Francisca Aguirre, as\u00ed como las canciones y los personajes que le influyeron. A continuaci\u00f3n se planteaban las grandes preguntas: qui\u00e9nes somos, qu\u00e9 es la vida, qu\u00e9 es el amor y el por qu\u00e9 del dolor. Y finalmente la obra conclu\u00eda con un tercer acto m\u00e1s reflexivo y nost\u00e1lgico, recordando a todos los grandes creadores que tanto Paca Aguirre como su marido F\u00e9lix Grande trataron en su larga vida: desde Julio Cort\u00e1zar o Ernesto S\u00e1bato a Antonio L\u00f3pez o Jos\u00e9 Hierro.<br><\/p>\n\n\n\n<p class=\"wp-block-paragraph\"><strong>Documental y pel\u00edcula<\/strong><\/p>\n\n\n\n<p class=\"wp-block-paragraph\">El s\u00e1bado y el domingo los actos conmemorativos continuaron con la proyecci\u00f3n del documental&nbsp;<em>Las cajas espa\u00f1olas,&nbsp;<\/em>sobre el traslado de las obras de arte del Museo del Prado durante la Guerra Civil espa\u00f1ola para evitar su destrucci\u00f3n durante la contienda; y con la pel\u00edcula&nbsp;<em>Las ni\u00f1as<\/em>, ganadora del Premio Goya 2021 a Mejor Pel\u00edcula.<\/p>\n\n\n\n<figure class=\"wp-block-image size-large\"><img loading=\"lazy\" decoding=\"async\" width=\"1024\" height=\"683\" src=\"http:\/\/www.tucomarca.com\/wordpress\/segunda\/wp-content\/uploads\/2021\/04\/ChesteRepublica2-1024x683.jpg\" alt=\"\" class=\"wp-image-131296\" srcset=\"https:\/\/tucomarca.whitekongsoftware.com\/wp-content\/uploads\/2021\/04\/ChesteRepublica2-1024x683.jpg 1024w, https:\/\/tucomarca.whitekongsoftware.com\/wp-content\/uploads\/2021\/04\/ChesteRepublica2-300x200.jpg 300w, https:\/\/tucomarca.whitekongsoftware.com\/wp-content\/uploads\/2021\/04\/ChesteRepublica2-768x512.jpg 768w, https:\/\/tucomarca.whitekongsoftware.com\/wp-content\/uploads\/2021\/04\/ChesteRepublica2-1536x1024.jpg 1536w, https:\/\/tucomarca.whitekongsoftware.com\/wp-content\/uploads\/2021\/04\/ChesteRepublica2-2048x1365.jpg 2048w\" sizes=\"auto, (max-width: 1024px) 100vw, 1024px\" \/><\/figure>\n\n\n\n<figure class=\"wp-block-image size-large\"><img loading=\"lazy\" decoding=\"async\" width=\"1024\" height=\"683\" src=\"http:\/\/www.tucomarca.com\/wordpress\/segunda\/wp-content\/uploads\/2021\/04\/ChesteRepublica4-1024x683.jpg\" alt=\"\" class=\"wp-image-131300\" srcset=\"https:\/\/tucomarca.whitekongsoftware.com\/wp-content\/uploads\/2021\/04\/ChesteRepublica4-1024x683.jpg 1024w, https:\/\/tucomarca.whitekongsoftware.com\/wp-content\/uploads\/2021\/04\/ChesteRepublica4-300x200.jpg 300w, https:\/\/tucomarca.whitekongsoftware.com\/wp-content\/uploads\/2021\/04\/ChesteRepublica4-768x512.jpg 768w, https:\/\/tucomarca.whitekongsoftware.com\/wp-content\/uploads\/2021\/04\/ChesteRepublica4-1536x1024.jpg 1536w, https:\/\/tucomarca.whitekongsoftware.com\/wp-content\/uploads\/2021\/04\/ChesteRepublica4-2048x1365.jpg 2048w\" sizes=\"auto, (max-width: 1024px) 100vw, 1024px\" \/><\/figure>\n\n\n\n<figure class=\"wp-block-image size-large\"><img loading=\"lazy\" decoding=\"async\" width=\"1024\" height=\"683\" src=\"http:\/\/www.tucomarca.com\/wordpress\/segunda\/wp-content\/uploads\/2021\/04\/ChesteRepublica3-1024x683.jpg\" alt=\"\" class=\"wp-image-131298\" srcset=\"https:\/\/tucomarca.whitekongsoftware.com\/wp-content\/uploads\/2021\/04\/ChesteRepublica3-1024x683.jpg 1024w, https:\/\/tucomarca.whitekongsoftware.com\/wp-content\/uploads\/2021\/04\/ChesteRepublica3-300x200.jpg 300w, https:\/\/tucomarca.whitekongsoftware.com\/wp-content\/uploads\/2021\/04\/ChesteRepublica3-768x512.jpg 768w, https:\/\/tucomarca.whitekongsoftware.com\/wp-content\/uploads\/2021\/04\/ChesteRepublica3-1536x1024.jpg 1536w, https:\/\/tucomarca.whitekongsoftware.com\/wp-content\/uploads\/2021\/04\/ChesteRepublica3-2048x1365.jpg 2048w\" sizes=\"auto, (max-width: 1024px) 100vw, 1024px\" \/><\/figure>\n\n\n\n<figure class=\"wp-block-image size-large\"><img loading=\"lazy\" decoding=\"async\" width=\"1024\" height=\"683\" src=\"http:\/\/www.tucomarca.com\/wordpress\/segunda\/wp-content\/uploads\/2021\/04\/ChesteRepublica1-1024x683.jpg\" alt=\"\" class=\"wp-image-131294\" srcset=\"https:\/\/tucomarca.whitekongsoftware.com\/wp-content\/uploads\/2021\/04\/ChesteRepublica1-1024x683.jpg 1024w, https:\/\/tucomarca.whitekongsoftware.com\/wp-content\/uploads\/2021\/04\/ChesteRepublica1-300x200.jpg 300w, https:\/\/tucomarca.whitekongsoftware.com\/wp-content\/uploads\/2021\/04\/ChesteRepublica1-768x512.jpg 768w, https:\/\/tucomarca.whitekongsoftware.com\/wp-content\/uploads\/2021\/04\/ChesteRepublica1-1536x1024.jpg 1536w, https:\/\/tucomarca.whitekongsoftware.com\/wp-content\/uploads\/2021\/04\/ChesteRepublica1-2048x1365.jpg 2048w\" sizes=\"auto, (max-width: 1024px) 100vw, 1024px\" \/><\/figure>\n","protected":false},"excerpt":{"rendered":"<div class=\"mh-excerpt\">El passat cap de setmana va tindre lloc un programa cultural dedicat a la commemoraci\u00f3 de la proclamaci\u00f3 de la II Rep\u00fablica espanyola. Les activitats es van obrir amb la posada en escena d&#8217;Enceses, a <a class=\"mh-excerpt-more\" href=\"https:\/\/tucomarca.whitekongsoftware.com\/ca\/xest-commemora-la-proclamacio-de-la-ii-republica-amb-tres-activitats-culturals\/\" title=\"Xest commemora la proclamaci\u00f3 de la II Rep\u00fablica amb tres activitats culturals\">[+] <\/a><\/div>\n","protected":false},"author":1,"featured_media":131295,"comment_status":"open","ping_status":"open","sticky":false,"template":"","format":"gallery","meta":{"footnotes":""},"categories":[10948,10894,10912,10947,10896,10974],"tags":[11071,13214,10914],"class_list":["post-131303","post","type-post","status-publish","format-gallery","has-post-thumbnail","category-infraestructuras-ca","category-la-comarca-ca","category-la-hoya-ca","category-politica","category-seccion-ca","category-cheste-ca","tag-cheste","tag-ii-republica-ca","tag-la-hoya-de-bunol-chiva-ca","post_format-post-format-gallery"],"_links":{"self":[{"href":"https:\/\/tucomarca.whitekongsoftware.com\/ca\/wp-json\/wp\/v2\/posts\/131303","targetHints":{"allow":["GET"]}}],"collection":[{"href":"https:\/\/tucomarca.whitekongsoftware.com\/ca\/wp-json\/wp\/v2\/posts"}],"about":[{"href":"https:\/\/tucomarca.whitekongsoftware.com\/ca\/wp-json\/wp\/v2\/types\/post"}],"author":[{"embeddable":true,"href":"https:\/\/tucomarca.whitekongsoftware.com\/ca\/wp-json\/wp\/v2\/users\/1"}],"replies":[{"embeddable":true,"href":"https:\/\/tucomarca.whitekongsoftware.com\/ca\/wp-json\/wp\/v2\/comments?post=131303"}],"version-history":[{"count":0,"href":"https:\/\/tucomarca.whitekongsoftware.com\/ca\/wp-json\/wp\/v2\/posts\/131303\/revisions"}],"wp:featuredmedia":[{"embeddable":true,"href":"https:\/\/tucomarca.whitekongsoftware.com\/ca\/wp-json\/wp\/v2\/media\/131295"}],"wp:attachment":[{"href":"https:\/\/tucomarca.whitekongsoftware.com\/ca\/wp-json\/wp\/v2\/media?parent=131303"}],"wp:term":[{"taxonomy":"category","embeddable":true,"href":"https:\/\/tucomarca.whitekongsoftware.com\/ca\/wp-json\/wp\/v2\/categories?post=131303"},{"taxonomy":"post_tag","embeddable":true,"href":"https:\/\/tucomarca.whitekongsoftware.com\/ca\/wp-json\/wp\/v2\/tags?post=131303"}],"curies":[{"name":"wp","href":"https:\/\/api.w.org\/{rel}","templated":true}]}}