{"id":131211,"date":"2021-04-20T10:08:00","date_gmt":"2021-04-20T09:08:00","guid":{"rendered":"http:\/\/www.tucomarca.com\/wordpress\/segunda\/?p=131211"},"modified":"2021-04-20T12:09:54","modified_gmt":"2021-04-20T11:09:54","slug":"la-campanya-valenciana-de-fruita-dos-comenca-amb-perspectives-favorables-a-causa-de-la-menor-oferta-per-les-gelades-a-europa","status":"publish","type":"post","link":"https:\/\/tucomarca.whitekongsoftware.com\/ca\/la-campanya-valenciana-de-fruita-dos-comenca-amb-perspectives-favorables-a-causa-de-la-menor-oferta-per-les-gelades-a-europa\/","title":{"rendered":"La campanya valenciana de fruita d&#8217;os comen\u00e7a amb perspectives favorables a causa de la menor oferta per les gelades a Europa"},"content":{"rendered":"\n<p class=\"wp-block-paragraph\">Aquests dies comen\u00e7a en el camp valenci\u00e0 la recol\u00b7lecci\u00f3 de les varietats m\u00e9s primerenques de fruiteres d&#8217;os i ho fa, segons l&#8217;Associaci\u00f3 Valenciana d&#8217;Agricultors (<em>AVA-<\/em>Asaja), amb unes perspectives favorables tant des del punt de vista productiu com comercial.<\/p>\n\n\n\n<p class=\"wp-block-paragraph\">La organizaci\u00f3n agraria prev\u00e9 una cosecha valenciana de melocot\u00f3n, nectarina, ciruelo y n\u00edspero de excelente calidad, con suficiente calibre y sin mermas generalizadas de producci\u00f3n, a diferencia de lo ocurrido en la \u00faltima campa\u00f1a cuando las adversidades clim\u00e1ticas descendieron en un 30% el volumen comercial. Entre las comarcas que tienen un buen comportamiento vegetativo destacan La Ribera, Los Serranos, Alto Palancia y La Marina Baixa. El albaricoque, sobre todo en la Vall d\u2019Albaida, y la cereza, en La Marina Alta y El Comptat, presentan, por el contrario, campos con importantes mermas de cosecha a causa de la excesiva humedad. En el c\u00f3mputo general, el arranque continuado de campos debido a la crisis de rentabilidad evita que el aforo aumente en la Comunitat Valenciana respecto a la media de los \u00faltimos a\u00f1os.<\/p>\n\n\n\n<p class=\"wp-block-paragraph\">El presidente de AVA-Asaja, Crist\u00f3bal Aguado, pide \u201ccalma a productores y comercializadores que operan en la Comunitat Valenciana porque las condiciones objetivas de mercado, especialmente la menor oferta nacional y europea, favorecen la obtenci\u00f3n de precios justos para todos los eslabones de la cadena, sin necesidad de sacrificar al productor como viene sucediendo. El tal\u00f3n de Aquiles de este y otros cultivos es el ruinoso precio en origen. Los agricultores lo tenemos muy claro: si no obtenemos una remuneraci\u00f3n digna, seguiremos dejando m\u00e1s y m\u00e1s campos sin cultivar; si en cambio recibimos un precio razonable que permita cubrir los costes de producci\u00f3n, entonces la agricultura tendr\u00e1 futuro y ayudar\u00e1 a rodar al resto de la econom\u00eda\u201d. Informa, <strong>Luis Ib\u00e1\u00f1ez<\/strong>.<\/p>\n","protected":false},"excerpt":{"rendered":"<div class=\"mh-excerpt\">Aquests dies comen\u00e7a en el camp valenci\u00e0 la recol\u00b7lecci\u00f3 de les varietats m\u00e9s primerenques de fruiteres d&#8217;os i ho fa, segons l&#8217;Associaci\u00f3 Valenciana d&#8217;Agricultors (AVA-Asaja), amb unes perspectives favorables tant des del punt de vista <a class=\"mh-excerpt-more\" href=\"https:\/\/tucomarca.whitekongsoftware.com\/ca\/la-campanya-valenciana-de-fruita-dos-comenca-amb-perspectives-favorables-a-causa-de-la-menor-oferta-per-les-gelades-a-europa\/\" title=\"La campanya valenciana de fruita d&#8217;os comen\u00e7a amb perspectives favorables a causa de la menor oferta per les gelades a Europa\">[+] <\/a><\/div>\n","protected":false},"author":1,"featured_media":131209,"comment_status":"open","ping_status":"open","sticky":false,"template":"","format":"standard","meta":{"footnotes":""},"categories":[10905,11046,10898,10948,10894,10904,10902,10896],"tags":[11924,14400],"class_list":["post-131211","post","type-post","status-publish","format-standard","has-post-thumbnail","category-agricultura-la-comarca-ca","category-los-serranos-ca","category-ventana-ca","category-infraestructuras-ca","category-la-comarca-ca","category-sin-categorizar-ca","category-la-ribera-ca","category-seccion-ca","tag-ava-asaja-ca","tag-fruta-ca"],"_links":{"self":[{"href":"https:\/\/tucomarca.whitekongsoftware.com\/ca\/wp-json\/wp\/v2\/posts\/131211","targetHints":{"allow":["GET"]}}],"collection":[{"href":"https:\/\/tucomarca.whitekongsoftware.com\/ca\/wp-json\/wp\/v2\/posts"}],"about":[{"href":"https:\/\/tucomarca.whitekongsoftware.com\/ca\/wp-json\/wp\/v2\/types\/post"}],"author":[{"embeddable":true,"href":"https:\/\/tucomarca.whitekongsoftware.com\/ca\/wp-json\/wp\/v2\/users\/1"}],"replies":[{"embeddable":true,"href":"https:\/\/tucomarca.whitekongsoftware.com\/ca\/wp-json\/wp\/v2\/comments?post=131211"}],"version-history":[{"count":0,"href":"https:\/\/tucomarca.whitekongsoftware.com\/ca\/wp-json\/wp\/v2\/posts\/131211\/revisions"}],"wp:featuredmedia":[{"embeddable":true,"href":"https:\/\/tucomarca.whitekongsoftware.com\/ca\/wp-json\/wp\/v2\/media\/131209"}],"wp:attachment":[{"href":"https:\/\/tucomarca.whitekongsoftware.com\/ca\/wp-json\/wp\/v2\/media?parent=131211"}],"wp:term":[{"taxonomy":"category","embeddable":true,"href":"https:\/\/tucomarca.whitekongsoftware.com\/ca\/wp-json\/wp\/v2\/categories?post=131211"},{"taxonomy":"post_tag","embeddable":true,"href":"https:\/\/tucomarca.whitekongsoftware.com\/ca\/wp-json\/wp\/v2\/tags?post=131211"}],"curies":[{"name":"wp","href":"https:\/\/api.w.org\/{rel}","templated":true}]}}