{"id":131076,"date":"2021-04-19T07:00:00","date_gmt":"2021-04-19T06:00:00","guid":{"rendered":"http:\/\/www.tucomarca.com\/wordpress\/segunda\/?p=131076"},"modified":"2021-04-19T13:51:02","modified_gmt":"2021-04-19T12:51:02","slug":"xarrades-tallers-creatius-titelles-i-un-concert-centren-latencio-en-la-segona-setmana-dactes-pel-dia-del-llibre-a-bunyol","status":"publish","type":"post","link":"https:\/\/tucomarca.whitekongsoftware.com\/ca\/xarrades-tallers-creatius-titelles-i-un-concert-centren-latencio-en-la-segona-setmana-dactes-pel-dia-del-llibre-a-bunyol\/","title":{"rendered":"Xarrades, tallers creatius, titelles i un concert centren l&#8217;atenci\u00f3 en la segona setmana d&#8217;actes pel Dia del Llibre a Bunyol"},"content":{"rendered":"\n<h4 class=\"wp-block-heading\">Els actes, organitzats per la regidoria de Cultura i la Biblioteca Municipal de Bunyol, es desenvolupen fins al pr\u00f2xim 30 d&#8217;abril. Tots compten amb aforament limitat, pr\u00e8via inscripci\u00f3 a la biblioteca, telefonant al 96 250 07 51 o al mail bibliotecabunyol@gmail.com.<\/h4>\n\n\n\n<p class=\"wp-block-paragraph\">L&#8217;Ajuntament de Bunyol, a trav\u00e9s de la Regidoria de Cultura, i la Biblioteca Municipal Cronista Fernando Galarza, continuen una setmana m\u00e9s els actes amb motiu del Dia del Llibre, que se celebra el 23 d&#8217;abril. Un mes plagat d&#8217;esdeveniments culturals relacionats amb la literatura, el cinema i el teatre.&nbsp;<\/p>\n\n\n\n<p class=\"wp-block-paragraph\">Recorden que en l&#8217;hall de la Biblioteca P\u00fablica est\u00e0 instal\u00b7lada fins al 15 de maig una exposici\u00f3 anomenada \u201cFotos de la hist\u00f2ria: les escoles de Bunyol 1925-1945; amb fotografies de la col\u00b7lecci\u00f3 de Miguel Sierra\u201d.<\/p>\n\n\n\n<p class=\"wp-block-paragraph\">La segona setmana arranca aquest dimecres 21 d&#8217;abril amb la projecci\u00f3 i xarrada a c\u00e0rrec del bunyolense Miguel Sierra anomenada \u201cPanorama cronol\u00f2gic dels llibres sobre la Hist\u00f2ria de Bunyol\u201d a les 19h. Tindr\u00e0 lloc a la Biblioteca Municipal.<\/p>\n\n\n\n<p class=\"wp-block-paragraph\">El dijous 22 a les 19h tamb\u00e9 i a la Biblioteca s&#8217;impartir\u00e0 un Taller de Psicoter\u00e0pia creativa amb la psic\u00f2loga Guada Delgado i la il\u00b7lustradora Bego\u00f1a Delgado, basat en el llibre del qual s\u00f3n autores \u201cQuadern de cor\u201d. Ser\u00e0 una experi\u00e8ncia d&#8217;autoconeixement utilitzant com a recurs el seu llibre. Inspirant-se en les seues afirmacions, textos i il\u00b7lustracions. El taller tindr\u00e0 una duraci\u00f3 de dues hores.<\/p>\n\n\n\n<p class=\"wp-block-paragraph\">Els actes continuen el divendres 23 d&#8217;abril, Dia Internacional del Llibre. Dos grans esdeveniments celebraran aquest dia. De 10 a 13h en l&#8217;hall de la Biblioteca Municipal s&#8217;emetr\u00e0 un especial en directe \u201cDel del llibre\u201d per R\u00e0dio Bu\u00f1ol TV. Mentre que a la vesprada, a les 19h, en el Palau de la M\u00fasica, hi haur\u00e0 un concert recital anomenat \u201cEm dic fang encara que Miguel em cride\u201d, a c\u00e0rrec del Grup Manjana. Textos de Miguel Hern\u00e1ndez i m\u00fasica de Manolo Carrascosa. Un espectacle on poesia i m\u00fasica s&#8217;entrellacen virtuosament.&nbsp;<\/p>\n\n\n\n<p class=\"wp-block-paragraph\">Aquesta segona setmana d&#8217;actes culturals finalitzar\u00e0 el dissabte 24 a les 12h en la Pla\u00e7a Molino Gal\u00e1n amb un Guinyol Infantil, per a xiquets a partir de 5 anys, anomenat \u201cTitirilandia es congela\u201d de Tr\u00e9vol Teatre. \u00c9s un magn\u00edfic espectacle de titelles amb dolces pinzellades musicals.<\/p>\n\n\n\n<p class=\"wp-block-paragraph\">Els actes continuen fins al 30 d&#8217;abril. L&#8217;edil del ram, Juan Luis Pall\u00e1s, recordava que la primera setmana d&#8217;actes ha sigut exemplar, per l&#8217;\u00e0mplia resposta del p\u00fablic. \u201cDivendres passat, amb l&#8217;obra \u201cLa invasi\u00f3 dels B\u00e0rbars\u201d va poder veure&#8217;s diverses generacions presents en el teatre, des d&#8217;alumnes de l&#8217;IES Foia de Bu\u00f1ol, guanyadors del premi de Mem\u00f2ria Hist\u00f2rica, fins a ve\u00efns d&#8217;elevada edat, que buscaven recordar aquells anys de la hist\u00f2ria d&#8217;Espanya. Tamb\u00e9 en la projecci\u00f3 de la pel\u00b7l\u00edcula \u201cEl Cercle en l\u2019aigua\u201d es van omplir totes les places disponibles; aix\u00ed que estem segurs que Bu\u00f1ol continuar\u00e0 responent de manera excepcional a tot el que est\u00e0 plantejat aquest mes\u201d, va destacar Pall\u00e1s.&nbsp;<\/p>\n\n\n\n<p class=\"wp-block-paragraph\">L&#8217;edil del ram va finalitzar recordant l&#8217;acte que dissabte passat va tindre lloc en el Teatre Montecarlo: \u201cun brillant concert amb una incre\u00efble posada en escena, que va reflectir l&#8217;amor per la m\u00fasica que es t\u00e9 en aquest poble. Malgrat tot, el 68 aniversari d&#8217;aquest teatre s\u00ed que es va poder realitzar i va ser brillant\u201d, va destacar el Regidor de Cultura, qui va felicitar la Societat Musical l&#8217;Art\u00edstica per l&#8217;organitzaci\u00f3 d&#8217;aquest bell esdeveniment musical.<\/p>\n","protected":false},"excerpt":{"rendered":"<div class=\"mh-excerpt\">Els actes, organitzats per la regidoria de Cultura i la Biblioteca Municipal de Bunyol, es desenvolupen fins al pr\u00f2xim 30 d&#8217;abril. Tots compten amb aforament limitat, pr\u00e8via inscripci\u00f3 a la biblioteca, telefonant al 96 250 <a class=\"mh-excerpt-more\" href=\"https:\/\/tucomarca.whitekongsoftware.com\/ca\/xarrades-tallers-creatius-titelles-i-un-concert-centren-latencio-en-la-segona-setmana-dactes-pel-dia-del-llibre-a-bunyol\/\" title=\"Xarrades, tallers creatius, titelles i un concert centren l&#8217;atenci\u00f3 en la segona setmana d&#8217;actes pel Dia del Llibre a Bunyol\">[+] <\/a><\/div>\n","protected":false},"author":12,"featured_media":131075,"comment_status":"open","ping_status":"open","sticky":false,"template":"","format":"standard","meta":{"footnotes":""},"categories":[11019,10911,10894,10912,11007,10896],"tags":[14386,10913,12007,10914],"class_list":["post-131076","post","type-post","status-publish","format-standard","has-post-thumbnail","category-agenda-ca","category-bunol-ca","category-la-comarca-ca","category-la-hoya-ca","category-ocio-y-cultura-ca","category-seccion-ca","tag-biblioteca-municipal-de-bunol-ca","tag-bunol-ca","tag-dia-del-libro-ca","tag-la-hoya-de-bunol-chiva-ca"],"_links":{"self":[{"href":"https:\/\/tucomarca.whitekongsoftware.com\/ca\/wp-json\/wp\/v2\/posts\/131076","targetHints":{"allow":["GET"]}}],"collection":[{"href":"https:\/\/tucomarca.whitekongsoftware.com\/ca\/wp-json\/wp\/v2\/posts"}],"about":[{"href":"https:\/\/tucomarca.whitekongsoftware.com\/ca\/wp-json\/wp\/v2\/types\/post"}],"author":[{"embeddable":true,"href":"https:\/\/tucomarca.whitekongsoftware.com\/ca\/wp-json\/wp\/v2\/users\/12"}],"replies":[{"embeddable":true,"href":"https:\/\/tucomarca.whitekongsoftware.com\/ca\/wp-json\/wp\/v2\/comments?post=131076"}],"version-history":[{"count":0,"href":"https:\/\/tucomarca.whitekongsoftware.com\/ca\/wp-json\/wp\/v2\/posts\/131076\/revisions"}],"wp:featuredmedia":[{"embeddable":true,"href":"https:\/\/tucomarca.whitekongsoftware.com\/ca\/wp-json\/wp\/v2\/media\/131075"}],"wp:attachment":[{"href":"https:\/\/tucomarca.whitekongsoftware.com\/ca\/wp-json\/wp\/v2\/media?parent=131076"}],"wp:term":[{"taxonomy":"category","embeddable":true,"href":"https:\/\/tucomarca.whitekongsoftware.com\/ca\/wp-json\/wp\/v2\/categories?post=131076"},{"taxonomy":"post_tag","embeddable":true,"href":"https:\/\/tucomarca.whitekongsoftware.com\/ca\/wp-json\/wp\/v2\/tags?post=131076"}],"curies":[{"name":"wp","href":"https:\/\/api.w.org\/{rel}","templated":true}]}}