{"id":131019,"date":"2021-04-19T08:00:00","date_gmt":"2021-04-19T07:00:00","guid":{"rendered":"http:\/\/www.tucomarca.com\/wordpress\/segunda\/?p=131019"},"modified":"2021-04-19T13:06:12","modified_gmt":"2021-04-19T12:06:12","slug":"victoria-agredolca-per-al-cd-bunyol-davant-la-ud-aldaia-0-1-per-la-lesio-del-seu-capita-gonza","status":"publish","type":"post","link":"https:\/\/tucomarca.whitekongsoftware.com\/ca\/victoria-agredolca-per-al-cd-bunyol-davant-la-ud-aldaia-0-1-per-la-lesio-del-seu-capita-gonza\/","title":{"rendered":"Vict\u00f2ria agredol\u00e7a per al CD Bunyol davant la UD Aldaia (0-1) per la lesi\u00f3 del seu capit\u00e0, Gonza"},"content":{"rendered":"\n<p class=\"wp-block-paragraph\">Jornada agredol\u00e7a per al Club Esportiu Bu\u00f1ol la disputada aquest cap de setmana en la qual els blancs, malgrat imposar-se al seu rival, la UD Aldaia CF (0-1), van patir una important baixa, la del seu capit\u00e0, Gonza, en el minut 60 de partit.<\/p>\n\n\n\n<p class=\"wp-block-paragraph\">Por fortuna, la lesi\u00f3n ha quedado en algo menos grave de lo que se presupon\u00eda en un principio, cuando se lleg\u00f3 a especular incluso con una posible rotura de peron\u00e9. Sin embargo, tras pasar por los servicios m\u00e9dicos hospitalarios el propio entrenador del Club Deportivo Bu\u00f1ol, Adri\u00e1n Ferrandis, ha confirmado a <strong>tucomarca.com<\/strong> que la lesi\u00f3n es &#8220;menos grave de lo que nos imaginamos al principio, ya que finalmente Gonza no tiene fractura y seguramente se quedar\u00e1 todo en un esguince muy fuerte en el tobillo; aunque deber\u00e1 llevar escayola al menos una semana. Y cuando le quiten la escayola le har\u00e1n una mejor exploraci\u00f3n, aunque todo apunta a que es cuesti\u00f3n del tobillo&#8221;.<\/p>\n\n\n\n<p class=\"wp-block-paragraph\">Una circunstancia que, no obstante, har\u00e1 que Gonza est\u00e9 apartado de los terrenos de juego muy probablemente varias semanas. <\/p>\n\n\n\n<p class=\"wp-block-paragraph\">Del encuentro destacar que, a pesar de las numerosas bajas en la plantilla y muchos jugadores con molestias, &#8220;se ha hecho un partido muy serio y hemos vuelto a ser ese equipo competitivo que no se pone nervioso ante las adversidades; que lleva el partido a su terreno; y fruto de ese trabajo hemos ido madurando el partido cada vez m\u00e1s dominadores. Justo despu\u00e9s de la lesi\u00f3n de Gonza, el equipo ha hecho los mejores minutos de f\u00fatbol: hemos triangulado bien, hemos llegado por banda, sobre todo por la izquierda;  con combinaciones de Imanol y \u00d3scar y en una profundizaci\u00f3n de \u00d3scar por banda, que triangulaba con Imanol ha hecho una diagonal con una conducci\u00f3n muy bonita de Imanol que ha acabado marcando gol desde fuera del \u00e1rea. De ah\u00ed al final el equipo, m\u00e1s por lo ajustado del marcador que por ocasiones del rival, ha sufrido un poco, aunque sin ninguna ocasi\u00f3n de ellos, para acabar con tres puntos m\u00e1s&#8221;, en palabras del entrenador de los blancos, Adri\u00e1n Ferrandis.<\/p>\n\n\n\n<p class=\"wp-block-paragraph\">El propio entrenador no ha ocultado que el equipo est\u00e1 &#8220;muy contento por los tres puntos y porque una semana m\u00e1s seguimos all\u00e1 arriba de la tabla; y porque despu\u00e9s del susto que nos hemos llevado con Gonza, contentos por saber que pronto estar\u00e1 con nosotros&#8221;.  <\/p>\n\n\n\n<p class=\"wp-block-paragraph\">Con esta nueva victoria, el CD Bu\u00f1ol vuelve a la senda de la victoria tras el amargo empate de la pasada semana en casa frente al Monte Si\u00f3n (0-0), que los blancos se tomaron casi como una derrota, algo que da muestra de su elevado esp\u00edritu competitivo y de su deseo por mantener el liderato de su grupo que pr\u00e1cticamente desde la primera jornada de esta temporada ostentan.<\/p>\n\n\n\n<p class=\"wp-block-paragraph\">Tras la jornada decimosexta, los blancos siguen l\u00edderes del grupo tercero de la Regional Preferente con 39 puntos; seis por encima de su m\u00e1s inmediato seguidor, el CD San Marcelino que cuenta con 33. El tercero en la cabeza de la tabla es el CD Utiel, con 32 puntos y con quien precisamente se mide el CD Bu\u00f1ol este mi\u00e9rcoles en su feudo del Beltr\u00e1n B\u00e1guena. <\/p>\n\n\n\n<p class=\"wp-block-paragraph\"><strong>Alineaci\u00f3n del Aldaia:<\/strong><\/p>\n\n\n\n<figure class=\"wp-block-table\"><table><tbody><tr><td>13<\/td><td><a>Neag , Andrei Paul (PT)<\/a><\/td><\/tr><tr><td>3<\/td><td><a>Alfaro Leon, Javier (C)<\/a><\/td><\/tr><tr><td>5<\/td><td><a>Orti Calero, Jose Vicente&nbsp;<\/a><\/td><\/tr><tr><td>8<\/td><td><a>Montes Ortiz, Borja&nbsp;<\/a><\/td><\/tr><tr><td>9<\/td><td><a>Moya Martin, Miguel Angel&nbsp;<\/a><\/td><\/tr><tr><td>10<\/td><td><a>Fernandez Compa\u00f1, Jonathan&nbsp;<\/a><\/td><\/tr><tr><td>11<\/td><td><a>Garcia Sancho, Manuel&nbsp;<\/a><\/td><\/tr><tr><td>14<\/td><td><a>Tarrega Sierra, Rafa&nbsp;<\/a><\/td><\/tr><tr><td>15<\/td><td><a>Cano Lopez, Alejandro&nbsp;<\/a><\/td><\/tr><tr><td>21<\/td><td><a>Pescador Navarro, Francisco&nbsp;<\/a><\/td><\/tr><tr><td>24<\/td><td><a>Muedra Ortiz, David<\/a><\/td><\/tr><\/tbody><\/table><\/figure>\n\n\n\n<p class=\"wp-block-paragraph\"><strong>Alineaci\u00f3n CD Bu\u00f1ol:<\/strong><\/p>\n\n\n\n<figure class=\"wp-block-table\"><table><tbody><tr><td>13<\/td><td><a>Fernandez Mas, Francisco Jose (PT)<\/a><\/td><\/tr><tr><td>2<\/td><td><a>Perez Sanchez, Adrian&nbsp;<\/a><\/td><\/tr><tr><td>3<\/td><td><a>Dieguez Miranda, Amador&nbsp;<\/a><\/td><\/tr><tr><td>4<\/td><td><a>Sanchez Guzman, Victor Manuel&nbsp;<\/a><\/td><\/tr><tr><td>5<\/td><td><a>Martins Dos Santos, Joao Pedro&nbsp;<\/a><\/td><\/tr><tr><td>6<\/td><td><a>Mateos Aparicio Revuelta De Guzman, Jose&nbsp;<\/a><\/td><\/tr><tr><td>10<\/td><td><a>Valero Fortea, Albert&nbsp;<\/a><\/td><\/tr><tr><td>11<\/td><td><a>Moreno Hurtado, Oscar&nbsp;<\/a><\/td><\/tr><tr><td>16<\/td><td><a>Gonzalez Navarro, Ruben (C)<\/a><\/td><\/tr><tr><td>17<\/td><td><a>De La Cal Torres, Daniel&nbsp;<\/a><\/td><\/tr><tr><td>26<\/td><td><a>Soriano Rosell, David<\/a><\/td><\/tr><\/tbody><\/table><\/figure>\n\n\n\n<p class=\"wp-block-paragraph\"><strong>Suplentes del Aldaia:<\/strong><\/p>\n\n\n\n<figure class=\"wp-block-table\"><table><tbody><tr><td>6<\/td><td><a>Garcia Arroyo, Mario&nbsp;<\/a><\/td><\/tr><tr><td>7<\/td><td><a>Martinez Fontecha, Sergio&nbsp;<\/a><\/td><\/tr><tr><td>18<\/td><td><a>Triguero Gutierrez, Ruben&nbsp;<\/a><\/td><\/tr><tr><td>19<\/td><td><a>Morillo Garrigos, Gerardo<\/a><\/td><\/tr><\/tbody><\/table><\/figure>\n\n\n\n<p class=\"wp-block-paragraph\"><strong>Suplentes del CD Bu\u00f1ol<\/strong><\/p>\n\n\n\n<figure class=\"wp-block-table\"><table><tbody><tr><td>25<\/td><td><a>Nebot Oliver, Santiago&nbsp;<\/a><\/td><\/tr><tr><td>7<\/td><td><a>Shinohara , Riki&nbsp;<\/a><\/td><\/tr><tr><td>8<\/td><td><a>Cubells Tarrega, Mario&nbsp;<\/a><\/td><\/tr><tr><td>9<\/td><td><a>Salazar Garcia, Juan J&nbsp;<\/a><\/td><\/tr><tr><td>14<\/td><td><a>Farinos Galindo, Martin&nbsp;<\/a><\/td><\/tr><tr><td>15<\/td><td><a>Cervera Cajas, Cesar&nbsp;<\/a><\/td><\/tr><tr><td>21<\/td><td><a>Alcaraz Fernandez, Imanol<\/a><\/td><\/tr><\/tbody><\/table><\/figure>\n\n\n\n<p class=\"wp-block-paragraph\"><strong>Sustituciones en el Aldaia:<\/strong><\/p>\n\n\n\n<figure class=\"wp-block-table\"><table><tbody><tr><td>Cambio<\/td><td>11<\/td><td><a>Garcia Sancho, Manuel<\/a><\/td><\/tr><tr><td>(70&#8242;)<\/td><td>19<\/td><td><a>Morillo Garrigos, Gerardo<\/a><\/td><\/tr><tr><td>&nbsp;<\/td><td>&nbsp;<\/td><td>&nbsp;<\/td><\/tr><tr><td>Cambio<\/td><td>3<\/td><td><a>Alfaro Leon, Javier<\/a><\/td><\/tr><tr><td>(80&#8242;)<\/td><td>6<\/td><td><a>Garcia Arroyo, Mario<\/a><\/td><\/tr><tr><td>&nbsp;<\/td><td>&nbsp;<\/td><td>&nbsp;<\/td><\/tr><tr><td>Cambio<\/td><td>10<\/td><td><a>Fernandez Compa\u00f1, Jonathan<\/a><\/td><\/tr><tr><td>(90&#8242;)<\/td><td>18<\/td><td><a>Triguero Gutierrez, Ruben<\/a><\/td><\/tr><\/tbody><\/table><\/figure>\n\n\n\n<p class=\"wp-block-paragraph\"><strong>Sustituciones en el CD Bu\u00f1ol:<\/strong><\/p>\n\n\n\n<figure class=\"wp-block-table\"><table><tbody><tr><td>Cambio<\/td><td>16<\/td><td><a>Gonzalez Navarro, Ruben<\/a><\/td><\/tr><tr><td>(60&#8242;)<\/td><td>21<\/td><td><a>Alcaraz Fernandez, Imanol<\/a><\/td><\/tr><tr><td>&nbsp;<\/td><td>&nbsp;<\/td><td>&nbsp;<\/td><\/tr><tr><td>Cambio<\/td><td>26<\/td><td><a>Soriano Rosell, David<\/a><\/td><\/tr><tr><td>(88&#8242;)<\/td><td>25<\/td><td><a>Nebot Oliver, Santiago<\/a><\/td><\/tr><tr><td>&nbsp;<\/td><td>&nbsp;<\/td><td>&nbsp;<\/td><\/tr><tr><td>Cambio<\/td><td>17<\/td><td><a>De La Cal Torres, Daniel<\/a><\/td><\/tr><tr><td>(88&#8242;)<\/td><td>7<\/td><td><a>Shinohara , Riki<\/a><\/td><\/tr><tr><td>&nbsp;<\/td><td>&nbsp;<\/td><td>&nbsp;<\/td><\/tr><tr><td>Cambio<\/td><td>10<\/td><td><a>Valero Fortea, Albert<\/a><\/td><\/tr><tr><td>(90&#8242;)<\/td><td>15<\/td><td><a>Cervera Cajas, Cesar<\/a><\/td><\/tr><\/tbody><\/table><\/figure>\n\n\n\n<p class=\"wp-block-paragraph\"><\/p>\n","protected":false},"excerpt":{"rendered":"<div class=\"mh-excerpt\">Jornada agredol\u00e7a per al Club Esportiu Bu\u00f1ol la disputada aquest cap de setmana en la qual els blancs, malgrat imposar-se al seu rival, la UD Aldaia CF (0-1), van patir una important baixa, la del <a class=\"mh-excerpt-more\" href=\"https:\/\/tucomarca.whitekongsoftware.com\/ca\/victoria-agredolca-per-al-cd-bunyol-davant-la-ud-aldaia-0-1-per-la-lesio-del-seu-capita-gonza\/\" title=\"Vict\u00f2ria agredol\u00e7a per al CD Bunyol davant la UD Aldaia (0-1) per la lesi\u00f3 del seu capit\u00e0, Gonza\">[+] <\/a><\/div>\n","protected":false},"author":1,"featured_media":131018,"comment_status":"open","ping_status":"open","sticky":false,"template":"","format":"standard","meta":{"footnotes":""},"categories":[10911,11015,11003,10912,10896],"tags":[11126,11074,11547,11075,10914],"class_list":["post-131019","post","type-post","status-publish","format-standard","has-post-thumbnail","category-bunol-ca","category-canal-futbol","category-sports","category-la-hoya-ca","category-seccion-ca","tag-cd-bunol-ca","tag-deportes-ca","tag-esport-ca","tag-futbol-ca","tag-la-hoya-de-bunol-chiva-ca"],"_links":{"self":[{"href":"https:\/\/tucomarca.whitekongsoftware.com\/ca\/wp-json\/wp\/v2\/posts\/131019","targetHints":{"allow":["GET"]}}],"collection":[{"href":"https:\/\/tucomarca.whitekongsoftware.com\/ca\/wp-json\/wp\/v2\/posts"}],"about":[{"href":"https:\/\/tucomarca.whitekongsoftware.com\/ca\/wp-json\/wp\/v2\/types\/post"}],"author":[{"embeddable":true,"href":"https:\/\/tucomarca.whitekongsoftware.com\/ca\/wp-json\/wp\/v2\/users\/1"}],"replies":[{"embeddable":true,"href":"https:\/\/tucomarca.whitekongsoftware.com\/ca\/wp-json\/wp\/v2\/comments?post=131019"}],"version-history":[{"count":0,"href":"https:\/\/tucomarca.whitekongsoftware.com\/ca\/wp-json\/wp\/v2\/posts\/131019\/revisions"}],"wp:featuredmedia":[{"embeddable":true,"href":"https:\/\/tucomarca.whitekongsoftware.com\/ca\/wp-json\/wp\/v2\/media\/131018"}],"wp:attachment":[{"href":"https:\/\/tucomarca.whitekongsoftware.com\/ca\/wp-json\/wp\/v2\/media?parent=131019"}],"wp:term":[{"taxonomy":"category","embeddable":true,"href":"https:\/\/tucomarca.whitekongsoftware.com\/ca\/wp-json\/wp\/v2\/categories?post=131019"},{"taxonomy":"post_tag","embeddable":true,"href":"https:\/\/tucomarca.whitekongsoftware.com\/ca\/wp-json\/wp\/v2\/tags?post=131019"}],"curies":[{"name":"wp","href":"https:\/\/api.w.org\/{rel}","templated":true}]}}