{"id":130924,"date":"2021-04-16T10:30:00","date_gmt":"2021-04-16T09:30:00","guid":{"rendered":"http:\/\/www.tucomarca.com\/wordpress\/segunda\/?p=130924"},"modified":"2021-04-16T18:32:50","modified_gmt":"2021-04-16T17:32:50","slug":"ava-asaja-demana-al-govern-ampliar-la-cobertura-de-lasseguranca-de-citrics-a-tot-lany-per-a-evitar-crisi-com-la-recent-pedra-de-castello","status":"publish","type":"post","link":"https:\/\/tucomarca.whitekongsoftware.com\/ca\/ava-asaja-demana-al-govern-ampliar-la-cobertura-de-lasseguranca-de-citrics-a-tot-lany-per-a-evitar-crisi-com-la-recent-pedra-de-castello\/","title":{"rendered":"AVA-Asaja demana al Govern ampliar la cobertura de l&#8217;asseguran\u00e7a de c\u00edtrics a tot l&#8217;any per a evitar crisi com la recent pedra de Castell\u00f3"},"content":{"rendered":"\n<p class=\"wp-block-paragraph\">L&#8217;Associaci\u00f3 Valenciana d&#8217;Agricultors (<em>AVA-<\/em>ASAJA) sol\u00b7licita al Govern que amplie les cobertures de tots els riscos en c\u00edtrics \u2013gelades en floraci\u00f3, pluges persistents, ponent, etc.\u2013 a tot el cicle del cultiu i no \u00fanicament a partir del 20 d&#8217;abril com succeeix actualment per a la pedra. Aquesta reivindicaci\u00f3 agafa for\u00e7a despr\u00e9s que una intensa tempesta de pedra assotara el passat 11 d&#8217;abril m\u00e9s de 5.000 hect\u00e0rees de c\u00edtrics i altres cultius a la Plana Baixa de Castell\u00f3, deixant als agricultors afectats sense indemnitzacions econ\u00f2miques de l&#8217;asseguran\u00e7a agr\u00e0ria.<\/p>\n\n\n\n<p class=\"wp-block-paragraph\">El presidente de AVA-ASAJA, Crist\u00f3bal Aguado, asegura que \u201cesta granizada en Castell\u00f3n demuestra que hay un intolerable d\u00e9ficit de cobertura de riesgos y que la Administraci\u00f3n debe mejorar el seguro para que no se vuelvan a repetir casos tan dram\u00e1ticos como este que ponen a los agricultores perjudicados en una situaci\u00f3n muy dif\u00edcil porque, en muchos casos, han perdido toda la futura cosecha de mandarinas y naranjas. \u00bfDe qu\u00e9 van a vivir este a\u00f1o? No pueden pagar los platos rotos de esta cat\u00e1strofe cuando no han tenido ni siquiera la posibilidad de poder estar asegurados\u201d.&#8221;Efectivamente -agrega- AVA-ASAJA lleva varios a\u00f1os pidiendo esta ampliaci\u00f3n de las coberturas en el Grupo de Trabajo de C\u00edtricos de la Comisi\u00f3n Territorial de Seguros Agrarios de la Comunidad Valenciana&#8221;. Aguado subraya que \u201cseguiremos en las mismas mientras el Ministerio de Agricultura insista en mantener la entrada de coberturas en base a una fecha. Ya en su momento vivimos situaciones parecidas cuando la extensi\u00f3n de garant\u00edas empezaba el 1 de mayo y luego cuando se oblig\u00f3 a adelantarla al 20 de abril. Por eso resulta necesario otorgar una cobertura con car\u00e1cter anual de todos los riesgos, sin excepciones, sin excusas\u201d. Informa, <strong>Luis Ib\u00e1\u00f1ez<\/strong>.<\/p>\n","protected":false},"excerpt":{"rendered":"<div class=\"mh-excerpt\">L&#8217;Associaci\u00f3 Valenciana d&#8217;Agricultors (AVA-ASAJA) sol\u00b7licita al Govern que amplie les cobertures de tots els riscos en c\u00edtrics \u2013gelades en floraci\u00f3, pluges persistents, ponent, etc.\u2013 a tot el cicle del cultiu i no \u00fanicament a partir <a class=\"mh-excerpt-more\" href=\"https:\/\/tucomarca.whitekongsoftware.com\/ca\/ava-asaja-demana-al-govern-ampliar-la-cobertura-de-lasseguranca-de-citrics-a-tot-lany-per-a-evitar-crisi-com-la-recent-pedra-de-castello\/\" title=\"AVA-Asaja demana al Govern ampliar la cobertura de l&#8217;asseguran\u00e7a de c\u00edtrics a tot l&#8217;any per a evitar crisi com la recent pedra de Castell\u00f3\">[+] <\/a><\/div>\n","protected":false},"author":1,"featured_media":130923,"comment_status":"open","ping_status":"open","sticky":false,"template":"","format":"standard","meta":{"footnotes":""},"categories":[10890,10905,10951,10892,11046,10898,10948,10963,10894,10904,10912,10902,10909,10896,10897],"tags":[11924],"class_list":["post-130924","post","type-post","status-publish","format-standard","has-post-thumbnail","category-ademus","category-agricultura-la-comarca-ca","category-ayora-cofrentes-ca","category-camp-de-turia-ca","category-los-serranos-ca","category-ventana-ca","category-infraestructuras-ca","category-la-canal-de-navarres-ca","category-la-comarca-ca","category-sin-categorizar-ca","category-la-hoya-ca","category-la-ribera-ca","category-requena-utiel-ca","category-seccion-ca","category-sucesos-la-comarca-ca","tag-ava-asaja-ca"],"_links":{"self":[{"href":"https:\/\/tucomarca.whitekongsoftware.com\/ca\/wp-json\/wp\/v2\/posts\/130924","targetHints":{"allow":["GET"]}}],"collection":[{"href":"https:\/\/tucomarca.whitekongsoftware.com\/ca\/wp-json\/wp\/v2\/posts"}],"about":[{"href":"https:\/\/tucomarca.whitekongsoftware.com\/ca\/wp-json\/wp\/v2\/types\/post"}],"author":[{"embeddable":true,"href":"https:\/\/tucomarca.whitekongsoftware.com\/ca\/wp-json\/wp\/v2\/users\/1"}],"replies":[{"embeddable":true,"href":"https:\/\/tucomarca.whitekongsoftware.com\/ca\/wp-json\/wp\/v2\/comments?post=130924"}],"version-history":[{"count":0,"href":"https:\/\/tucomarca.whitekongsoftware.com\/ca\/wp-json\/wp\/v2\/posts\/130924\/revisions"}],"wp:featuredmedia":[{"embeddable":true,"href":"https:\/\/tucomarca.whitekongsoftware.com\/ca\/wp-json\/wp\/v2\/media\/130923"}],"wp:attachment":[{"href":"https:\/\/tucomarca.whitekongsoftware.com\/ca\/wp-json\/wp\/v2\/media?parent=130924"}],"wp:term":[{"taxonomy":"category","embeddable":true,"href":"https:\/\/tucomarca.whitekongsoftware.com\/ca\/wp-json\/wp\/v2\/categories?post=130924"},{"taxonomy":"post_tag","embeddable":true,"href":"https:\/\/tucomarca.whitekongsoftware.com\/ca\/wp-json\/wp\/v2\/tags?post=130924"}],"curies":[{"name":"wp","href":"https:\/\/api.w.org\/{rel}","templated":true}]}}