{"id":130914,"date":"2021-04-16T18:02:00","date_gmt":"2021-04-16T17:02:00","guid":{"rendered":"http:\/\/www.tucomarca.com\/wordpress\/segunda\/?p=130914"},"modified":"2021-04-16T18:41:46","modified_gmt":"2021-04-16T17:41:46","slug":"turis-comunica-la-decisio-de-traslladar-la-cort-dhonor-i-regina-per-a-les-festes-de-2022","status":"publish","type":"post","link":"https:\/\/tucomarca.whitekongsoftware.com\/ca\/turis-comunica-la-decisio-de-traslladar-la-cort-dhonor-i-regina-per-a-les-festes-de-2022\/","title":{"rendered":"Tur\u00eds comunica la decisi\u00f3 de traslladar la cort d&#8217;honor i Regina per a les festes de 2022"},"content":{"rendered":"\n<p class=\"wp-block-paragraph\">L\u2019 Ajuntament&nbsp;de&nbsp;Tur\u00eds, amb el consens de les que hagueren sigut festeres d\u2019agost de 2020, ha pres la decisi\u00f3 de traslladar la cort d\u2019honor i Regina per a les festes de 2022, el que suposa endarrerir dos anys les pr\u00f2ximes convocat\u00f2ries per a ser festera.&nbsp;<\/p>\n\n\n\n<p class=\"wp-block-paragraph\">Segons paraules de l&#8217;alcalde del municipi, Eugenio Forta\u00f1a, &#8220;de moment estem a l\u2019espera de l\u2019evoluci\u00f3 de la situaci\u00f3, i atenent als possibles condicionaments per part de les administracions superiors, pel que fa a la celebraci\u00f3 d\u2019actes p\u00fablics i decidir sobre la possible celebraci\u00f3 de festejos durant el 2021.&nbsp;<\/p>\n\n\n\n<p class=\"wp-block-paragraph\">Encara que estem treballant amb la possibilitat de poder celebrar determinats actes amb la prevenci\u00f3 i mesures neces\u00e0ries si tot evoluciona favorablement.<\/p>\n\n\n\n<p class=\"wp-block-paragraph\">Desitgem que el nostre poble&nbsp;continue&nbsp;actuant amb la responsabilitat i civisme que est\u00e0 oferint durant tot l\u2019estat d\u2019alarma, i que \u00e9s indispensable i que ens permetr\u00e0 continuar en un futur amb la normalitat que tant enyorem.&#8221; finalitza Forta\u00f1a.<\/p>\n","protected":false},"excerpt":{"rendered":"<div class=\"mh-excerpt\">L\u2019 Ajuntament&nbsp;de&nbsp;Tur\u00eds, amb el consens de les que hagueren sigut festeres d\u2019agost de 2020, ha pres la decisi\u00f3 de traslladar la cort d\u2019honor i Regina per a les festes de 2022, el que suposa endarrerir <a class=\"mh-excerpt-more\" href=\"https:\/\/tucomarca.whitekongsoftware.com\/ca\/turis-comunica-la-decisio-de-traslladar-la-cort-dhonor-i-regina-per-a-les-festes-de-2022\/\" title=\"Tur\u00eds comunica la decisi\u00f3 de traslladar la cort d&#8217;honor i Regina per a les festes de 2022\">[+] <\/a><\/div>\n","protected":false},"author":12,"featured_media":130912,"comment_status":"open","ping_status":"open","sticky":false,"template":"","format":"standard","meta":{"footnotes":""},"categories":[10902,11004,11007,11008,10896,11047],"tags":[11939,11940,14377,14378,11356,11093],"class_list":["post-130914","post","type-post","status-publish","format-standard","has-post-thumbnail","category-la-ribera-ca","category-la-semana-en-imagenes-ca","category-ocio-y-cultura-ca","category-pueblos-en-fiestas-ca","category-seccion-ca","category-turis-ca","tag-coronavirus-ca","tag-covid-19-ca","tag-festeras-ca","tag-festes-patronals-ca","tag-ribera-alta-ca","tag-turis-ca"],"_links":{"self":[{"href":"https:\/\/tucomarca.whitekongsoftware.com\/ca\/wp-json\/wp\/v2\/posts\/130914","targetHints":{"allow":["GET"]}}],"collection":[{"href":"https:\/\/tucomarca.whitekongsoftware.com\/ca\/wp-json\/wp\/v2\/posts"}],"about":[{"href":"https:\/\/tucomarca.whitekongsoftware.com\/ca\/wp-json\/wp\/v2\/types\/post"}],"author":[{"embeddable":true,"href":"https:\/\/tucomarca.whitekongsoftware.com\/ca\/wp-json\/wp\/v2\/users\/12"}],"replies":[{"embeddable":true,"href":"https:\/\/tucomarca.whitekongsoftware.com\/ca\/wp-json\/wp\/v2\/comments?post=130914"}],"version-history":[{"count":0,"href":"https:\/\/tucomarca.whitekongsoftware.com\/ca\/wp-json\/wp\/v2\/posts\/130914\/revisions"}],"wp:featuredmedia":[{"embeddable":true,"href":"https:\/\/tucomarca.whitekongsoftware.com\/ca\/wp-json\/wp\/v2\/media\/130912"}],"wp:attachment":[{"href":"https:\/\/tucomarca.whitekongsoftware.com\/ca\/wp-json\/wp\/v2\/media?parent=130914"}],"wp:term":[{"taxonomy":"category","embeddable":true,"href":"https:\/\/tucomarca.whitekongsoftware.com\/ca\/wp-json\/wp\/v2\/categories?post=130914"},{"taxonomy":"post_tag","embeddable":true,"href":"https:\/\/tucomarca.whitekongsoftware.com\/ca\/wp-json\/wp\/v2\/tags?post=130914"}],"curies":[{"name":"wp","href":"https:\/\/api.w.org\/{rel}","templated":true}]}}