{"id":130880,"date":"2021-04-15T08:00:00","date_gmt":"2021-04-15T07:00:00","guid":{"rendered":"http:\/\/www.tucomarca.com\/wordpress\/segunda\/?p=130880"},"modified":"2021-04-15T18:20:21","modified_gmt":"2021-04-15T17:20:21","slug":"les-fonts-dalborache-seran-protagonistes-en-el-v-concurs-de-pintura-rapida-a-laire-lliure","status":"publish","type":"post","link":"https:\/\/tucomarca.whitekongsoftware.com\/ca\/les-fonts-dalborache-seran-protagonistes-en-el-v-concurs-de-pintura-rapida-a-laire-lliure\/","title":{"rendered":"Les fonts d&#8217;Alborache seran protagonistes en el V Concurs de pintura r\u00e0pida a l&#8217;aire lliure"},"content":{"rendered":"\n<h4 class=\"wp-block-heading\">Les persones participants opten a 3 premis de 600, 400 i 200 euros, respectivament.<br>Per a participar en el concurs el dissabte 29 de maig les inscripcions han de presentar-se a l&#8217;Ajuntament abans del 27 de maig.<br>Amb estil i t\u00e8cnica lliures, les obres tindran com a tema \u201cLes fonts d&#8217;Alborache\u201d.<\/h4>\n\n\n\n<p class=\"wp-block-paragraph\">El concurs de pintura r\u00e0pida a l&#8217;aire lliure torna enguany a Alborache. El 29 de maig se celebra la cinquena edici\u00f3 d&#8217;aquesta convocat\u00f2ria que ha tingut un gran acolliment entre els aficionats a la pintura r\u00e0pida en anys anteriors.&nbsp;<\/p>\n\n\n\n<p class=\"wp-block-paragraph\">\u201cLes fonts d&#8217;Alborache\u201d s\u00f3n la tem\u00e0tica triada enguany per a aquest concurs organitzat per la Regidoria de Cultura de l&#8217;Ajuntament d&#8217;Alborache, amb l&#8217;objectiu de promoure la cultura i l&#8217;expressi\u00f3 art\u00edstica en la localitat. Per al regidor Vicente Darder, \u201caquest concurs ja s&#8217;ha consolidat com una de les propostes culturals amb m\u00e9s participaci\u00f3 d&#8217;Alborache. \u00c9s una oportunitat de gaudir de la naturalesa i del nostre nucli urb\u00e0 amb una activitat art\u00edstica molt satisfact\u00f2ria. Encara que tenim moltes restriccions quant a mobilitat i agrupaci\u00f3 de persones pensem que no hem de deixar de tindre present l&#8217;art i la naturalesa en la mesura que siga possible. L&#8217;any passat no vam poder celebrar-ho pel confinament per\u00f2 est esperem repetir l&#8217;\u00e8xit d&#8217;anys anteriors, tenint sempre en compte l&#8217;estricte compliment de les mesures de seguretat.\u201d<\/p>\n\n\n\n<p class=\"wp-block-paragraph\">El certamen es realitzar\u00e0 el 29 de maig, de 10.00 a 14.00 hores. Poden participar les persones majors d&#8217;edat, radicades en la Comunitat Valenciana que presenten la seua inscripci\u00f3 a l&#8217;Ajuntament abans de les 14.00 hores del 27 de maig.<\/p>\n\n\n\n<p class=\"wp-block-paragraph\">Les obres presentades optaran a tres premis de 600 euros (primer premi), 400 euros (segon premi) i 200 euros (tercer premi), at\u00e9s el valor art\u00edstic, originalitat i capacitat de transmetre el tema del certamen. Cada participant haur\u00e0 d&#8217;anar prove\u00eft de tot el material que puga necessitar per al desenvolupament de la seua obra.<\/p>\n\n\n\n<p class=\"wp-block-paragraph\">El 29 de maig, dia del certamen, les persones participants hauran de presentar (de 08.30 a 09.30 hores) a l&#8217;Ajuntament el suport que vagen a utilitzar per als treballs, que ser\u00e0 degudament segellat i numerat per a la seua identificaci\u00f3. Nom\u00e9s s&#8217;admetr\u00e0 un suport per concursant. Cap participant estar\u00e0 exempt de segellar el bastidor en el lloc i horari anteriorment esmentat. Aquest suport haur\u00e0 de ser llis, r\u00edgid i de color blanc (llen\u00e7, tauler, etc.) d&#8217;un m\u00ednim de 50 i un m\u00e0xim de 100 cent\u00edmetres per cada costat.<\/p>\n\n\n\n<p class=\"wp-block-paragraph\">Quan les obres estiguen acabades cada artista haur\u00e0 d&#8217;entregar-la en la recepci\u00f3 de l&#8217;Ajuntament fins a les 14.00 hores, sense signar. Les obres que incomplisquen aquesta norma seran desqualificades. Despr\u00e9s de la decisi\u00f3 del jurat les obres podran signar-se, i les premiades hauran de ser signades obligat\u00f2riament.<\/p>\n\n\n\n<p class=\"wp-block-paragraph\">Les obres premiades passaran a ser propietat de l&#8217;Ajuntament d&#8217;Alborache. Els seus autors autoritzen expl\u00edcitament la seua reproducci\u00f3 a l&#8217;efecte de la seua divulgaci\u00f3 per part de l&#8217;Ajuntament o a inst\u00e0ncies de terceres persones per ell autoritzades.<\/p>\n\n\n\n<p class=\"wp-block-paragraph\">Les obres estaran exposades a l&#8217;Ajuntament fins a l&#8217;1 de juliol i no podran retirar-se abans. Quan arribe aquesta data hauran de ser retirades pels seus autors (mitjan\u00e7ant autoritzaci\u00f3 escrita en cas de no ser l&#8217;autor\/a) entenent-se que renuncien a qualsevol dret en cas de no fer-ho, en el termini m\u00e0xim d&#8217;un mes comptat des de la finalitzaci\u00f3 de l&#8217;exposici\u00f3.<\/p>\n","protected":false},"excerpt":{"rendered":"<div class=\"mh-excerpt\">Les persones participants opten a 3 premis de 600, 400 i 200 euros, respectivament.Per a participar en el concurs el dissabte 29 de maig les inscripcions han de presentar-se a l&#8217;Ajuntament abans del 27 de <a class=\"mh-excerpt-more\" href=\"https:\/\/tucomarca.whitekongsoftware.com\/ca\/les-fonts-dalborache-seran-protagonistes-en-el-v-concurs-de-pintura-rapida-a-laire-lliure\/\" title=\"Les fonts d&#8217;Alborache seran protagonistes en el V Concurs de pintura r\u00e0pida a l&#8217;aire lliure\">[+] <\/a><\/div>\n","protected":false},"author":12,"featured_media":130879,"comment_status":"open","ping_status":"open","sticky":false,"template":"","format":"standard","meta":{"footnotes":""},"categories":[11019,10973,10894,10912,11007,11063,10896],"tags":[11224,10914,14372,14373],"class_list":["post-130880","post","type-post","status-publish","format-standard","has-post-thumbnail","category-agenda-ca","category-alborache-ca","category-la-comarca-ca","category-la-hoya-ca","category-ocio-y-cultura-ca","category-pintura-ca","category-seccion-ca","tag-alborache-ca","tag-la-hoya-de-bunol-chiva-ca","tag-pintura-rapida-ca","tag-v-concurso-de-pintura-rapida-al-aire-libre-ca"],"_links":{"self":[{"href":"https:\/\/tucomarca.whitekongsoftware.com\/ca\/wp-json\/wp\/v2\/posts\/130880","targetHints":{"allow":["GET"]}}],"collection":[{"href":"https:\/\/tucomarca.whitekongsoftware.com\/ca\/wp-json\/wp\/v2\/posts"}],"about":[{"href":"https:\/\/tucomarca.whitekongsoftware.com\/ca\/wp-json\/wp\/v2\/types\/post"}],"author":[{"embeddable":true,"href":"https:\/\/tucomarca.whitekongsoftware.com\/ca\/wp-json\/wp\/v2\/users\/12"}],"replies":[{"embeddable":true,"href":"https:\/\/tucomarca.whitekongsoftware.com\/ca\/wp-json\/wp\/v2\/comments?post=130880"}],"version-history":[{"count":0,"href":"https:\/\/tucomarca.whitekongsoftware.com\/ca\/wp-json\/wp\/v2\/posts\/130880\/revisions"}],"wp:featuredmedia":[{"embeddable":true,"href":"https:\/\/tucomarca.whitekongsoftware.com\/ca\/wp-json\/wp\/v2\/media\/130879"}],"wp:attachment":[{"href":"https:\/\/tucomarca.whitekongsoftware.com\/ca\/wp-json\/wp\/v2\/media?parent=130880"}],"wp:term":[{"taxonomy":"category","embeddable":true,"href":"https:\/\/tucomarca.whitekongsoftware.com\/ca\/wp-json\/wp\/v2\/categories?post=130880"},{"taxonomy":"post_tag","embeddable":true,"href":"https:\/\/tucomarca.whitekongsoftware.com\/ca\/wp-json\/wp\/v2\/tags?post=130880"}],"curies":[{"name":"wp","href":"https:\/\/api.w.org\/{rel}","templated":true}]}}