{"id":130816,"date":"2021-04-14T15:00:00","date_gmt":"2021-04-14T14:00:00","guid":{"rendered":"http:\/\/www.tucomarca.com\/wordpress\/segunda\/?p=130816"},"modified":"2021-04-14T18:28:01","modified_gmt":"2021-04-14T17:28:01","slug":"lajuntament-de-vilamarxant-trasllada-a-la-conselleria-la-necessitat-de-la-creacio-duna-residencia-de-persones-majors-en-el-municipi","status":"publish","type":"post","link":"https:\/\/tucomarca.whitekongsoftware.com\/ca\/lajuntament-de-vilamarxant-trasllada-a-la-conselleria-la-necessitat-de-la-creacio-duna-residencia-de-persones-majors-en-el-municipi\/","title":{"rendered":"L&#8217;Ajuntament de Vilamarxant trasllada a la Conselleria la necessitat de la creaci\u00f3 d&#8217;una resid\u00e8ncia de persones majors en el municipi"},"content":{"rendered":"\n<p class=\"wp-block-paragraph\"><strong>El Consistori i la Conselleria d&#8217;Igualtat i Pol\u00edtiques Inclusives comencen a treballar en el futur projecte&nbsp;<\/strong><\/p>\n\n\n\n<p class=\"wp-block-paragraph\">L&#8217;Ajuntament de Vilamarxant ha traslladat a la Conselleria d&#8217;Igualtat i Pol\u00edtiques Inclusives la necessitat de la posada en marxa d&#8217;un projecte que permeta disposar d&#8217;una resid\u00e8ncia de persones majors en el municipi de Camp de T\u00faria. L&#8217;alcalde H\u00e9ctor Troyano i la regidora de Benestar Social, Elena Cortell, s&#8217;han reunit amb Enric Juan, director general d&#8217;Infraestructures de Serveis Socials, per a explicar-li els motius pels quals \u00e9s necessari comptar amb esta nova infraestructura.<\/p>\n\n\n\n<p class=\"wp-block-paragraph\">En els \u00faltims anys, Vilamarxant ha experimentat un augment significatiu de poblaci\u00f3 el que fa que els ve\u00efns d&#8217;avan\u00e7ada edat que es troben en resid\u00e8ncies d&#8217;altres municipis i els seus familiars necessiten un centre en la mateixa poblaci\u00f3 que puga oferir-los els serveis que, en l&#8217;actualitat, es troben en altres termes municipals.<\/p>\n\n\n\n<p class=\"wp-block-paragraph\">El director general d&#8217;Infraestructures de Serveis Socials s&#8217;ha mostrat molt receptiu als arguments oferits per Troyano i Cortell i ha expressat la seua voluntat de comen\u00e7ar a treballar en este projecte, que ha proposat l&#8217;Ajuntament de Vilamarxant a la Conselleria.<\/p>\n\n\n\n<p class=\"wp-block-paragraph\">De fet, el Consistori, a trav\u00e9s del seu equip de Serveis Socials, ja est\u00e0 treballant per a plantejar alternatives que puguen desembocar en la construcci\u00f3 d&#8217;una resid\u00e8ncia per a persones majors en el terme municipal.<\/p>\n\n\n\n<p class=\"wp-block-paragraph\">H\u00e9ctor Troyano, alcalde de Vilamarxant, ha explicat la import\u00e0ncia d&#8217;esta iniciativa: \u201cCreiem que \u00e9s el moment de comen\u00e7ar a perfilar el que ser\u00e0 una resid\u00e8ncia per a persones majors al nostre poble. Els nostres ve\u00efns m\u00e9s ancians es troben en centres de fora del nostre municipi i estimem que \u00e9s moment de comen\u00e7ar a treballar per a reunir a casa a totes eixes persones\u201d.<\/p>\n","protected":false},"excerpt":{"rendered":"<div class=\"mh-excerpt\">El Consistori i la Conselleria d&#8217;Igualtat i Pol\u00edtiques Inclusives comencen a treballar en el futur projecte&nbsp; L&#8217;Ajuntament de Vilamarxant ha traslladat a la Conselleria d&#8217;Igualtat i Pol\u00edtiques Inclusives la necessitat de la posada en marxa <a class=\"mh-excerpt-more\" href=\"https:\/\/tucomarca.whitekongsoftware.com\/ca\/lajuntament-de-vilamarxant-trasllada-a-la-conselleria-la-necessitat-de-la-creacio-duna-residencia-de-persones-majors-en-el-municipi\/\" title=\"L&#8217;Ajuntament de Vilamarxant trasllada a la Conselleria la necessitat de la creaci\u00f3 d&#8217;una resid\u00e8ncia de persones majors en el municipi\">[+] <\/a><\/div>\n","protected":false},"author":1,"featured_media":130814,"comment_status":"open","ping_status":"open","sticky":false,"template":"","format":"standard","meta":{"footnotes":""},"categories":[10892,10948,10894,10947,10896,10927],"tags":[10899,11090],"class_list":["post-130816","post","type-post","status-publish","format-standard","has-post-thumbnail","category-camp-de-turia-ca","category-infraestructuras-ca","category-la-comarca-ca","category-politica","category-seccion-ca","category-vilamarxant-ca","tag-camp-de-turia-ca","tag-vilamarxant-ca"],"_links":{"self":[{"href":"https:\/\/tucomarca.whitekongsoftware.com\/ca\/wp-json\/wp\/v2\/posts\/130816","targetHints":{"allow":["GET"]}}],"collection":[{"href":"https:\/\/tucomarca.whitekongsoftware.com\/ca\/wp-json\/wp\/v2\/posts"}],"about":[{"href":"https:\/\/tucomarca.whitekongsoftware.com\/ca\/wp-json\/wp\/v2\/types\/post"}],"author":[{"embeddable":true,"href":"https:\/\/tucomarca.whitekongsoftware.com\/ca\/wp-json\/wp\/v2\/users\/1"}],"replies":[{"embeddable":true,"href":"https:\/\/tucomarca.whitekongsoftware.com\/ca\/wp-json\/wp\/v2\/comments?post=130816"}],"version-history":[{"count":0,"href":"https:\/\/tucomarca.whitekongsoftware.com\/ca\/wp-json\/wp\/v2\/posts\/130816\/revisions"}],"wp:featuredmedia":[{"embeddable":true,"href":"https:\/\/tucomarca.whitekongsoftware.com\/ca\/wp-json\/wp\/v2\/media\/130814"}],"wp:attachment":[{"href":"https:\/\/tucomarca.whitekongsoftware.com\/ca\/wp-json\/wp\/v2\/media?parent=130816"}],"wp:term":[{"taxonomy":"category","embeddable":true,"href":"https:\/\/tucomarca.whitekongsoftware.com\/ca\/wp-json\/wp\/v2\/categories?post=130816"},{"taxonomy":"post_tag","embeddable":true,"href":"https:\/\/tucomarca.whitekongsoftware.com\/ca\/wp-json\/wp\/v2\/tags?post=130816"}],"curies":[{"name":"wp","href":"https:\/\/api.w.org\/{rel}","templated":true}]}}