{"id":130777,"date":"2021-04-14T14:00:00","date_gmt":"2021-04-14T13:00:00","guid":{"rendered":"http:\/\/www.tucomarca.com\/wordpress\/segunda\/?p=130777"},"modified":"2021-04-14T17:38:48","modified_gmt":"2021-04-14T16:38:48","slug":"bombers-i-brigadas-forestals-de-la-diputacio-collaboren-en-una-crema-controlada-en-requena","status":"publish","type":"post","link":"https:\/\/tucomarca.whitekongsoftware.com\/ca\/bombers-i-brigadas-forestals-de-la-diputacio-collaboren-en-una-crema-controlada-en-requena\/","title":{"rendered":"Video: Bombers i brigadas forestals de la Diputaci\u00f3 col\u00b7laboren en una crema controlada en Requena"},"content":{"rendered":"\n<h4 class=\"wp-block-heading\"><strong><strong>L\u2019operatiu es va posar en marxa per una petici\u00f3 dels agricultors de la zona<\/strong><\/strong><\/h4>\n\n\n\n<figure class=\"wp-block-embed is-type-video is-provider-youtube wp-block-embed-youtube wp-embed-aspect-16-9 wp-has-aspect-ratio\"><div class=\"wp-block-embed__wrapper\">\n<iframe loading=\"lazy\" title=\"Bomberos y brigadas forestales de la Diputaci\u00f3 colaboran en una quema controlada en Requena\" width=\"500\" height=\"281\" src=\"https:\/\/www.youtube.com\/embed\/zPnL_umWZx0?feature=oembed\" frameborder=\"0\" allow=\"accelerometer; autoplay; clipboard-write; encrypted-media; gyroscope; picture-in-picture; web-share\" referrerpolicy=\"strict-origin-when-cross-origin\" allowfullscreen><\/iframe>\n<\/div><\/figure>\n\n\n\n<p class=\"wp-block-paragraph\">Las Brigades forestals de Divalterra,&nbsp; al costat d&#8217;efectius del Consorci de Bombers de Val\u00e8ncia i unitats de Bombers Forestals de Generalitat, han dut a terme cremes controlades a Sant Antoni de Requena despr\u00e9s de les peticions dels agricultors locals.<\/p>\n\n\n\n<p class=\"wp-block-paragraph\">I \u00e9s que la zona patix una superpoblaci\u00f3 de conills que afecta l&#8217;agricultura, provocant importants danys en les vinyes. Les cremes controlades s&#8217;han realitzat fonamentalment en cultius abandonats pr\u00f2xims a les vinyes, i d&#8217;esta manera, s&#8217;ha aconseguit allunyar la poblaci\u00f3 de conills de la terra cultivada.<\/p>\n\n\n\n<p class=\"wp-block-paragraph\">Les operacions de crema han sigut dirigides pel T\u00e8cnic Forestal del Consorci de Bombers de Val\u00e8ncia Ra\u00fal Qu\u00edlez, el qual assenyala que, amb esta mena de cremes controlades \u201cel que fem finalment, tant com a Diputaci\u00f3 com a Consorci, \u00e9s conciliar els interessos rurals dels municipis\u201d. I no \u00e9s l&#8217;\u00fanic benefici, ja que gr\u00e0cies a estes cremes en camps abandonats \u201ces redu\u00efx el risc que es produ\u00efsquen incendis en trencar la continu\u00eftat vegetal\u201d, assenyala Qu\u00edlez.<\/p>\n\n\n\n<p class=\"wp-block-paragraph\">L&#8217;operatiu ha estat recolzat per agents mediambientals per a delimitar les parcel\u00b7les a cremar, i del personal del servici de manteniment de Carreteres per a realitzar el control de tr\u00e0nsit de la carretera que discorre al costat de les zones de crema.<\/p>\n\n\n\n<p class=\"wp-block-paragraph\">No \u00e9s la primera vegada que es realitzen aquest tipus de cremes controlades, que tenen ja una llarga traject\u00f2ria.<\/p>\n\n\n\n<p class=\"wp-block-paragraph\"><strong>Participaci\u00f3 de les Brigades Forestals de la Diputaci\u00f3<\/strong><\/p>\n\n\n\n<p class=\"wp-block-paragraph\">La col\u00b7laboraci\u00f3 de les brigades forestals de la Diputaci\u00f3 de Val\u00e8ncia en les cremes controlades dirigides pel Consorci de Bombers \u00e9s habitual.<\/p>\n\n\n\n<p class=\"wp-block-paragraph\">En este cas, la labor dels efectius de Divalterra s&#8217;ha centrat en les funcions dins l&#8217;equip de seguretat, duent a terme el suport en les esteses de m\u00e0negues de l&#8217;autobomba dels bombers forestals de la Generalitat per al control dels per\u00edmetres, a m\u00e9s de les labors de vigil\u00e0ncia.<\/p>\n\n\n\n<p class=\"wp-block-paragraph\">Aix\u00ed mateix, en la crema controlada de Sant Antoni de Requena, un dels seus responsables de sector va exercir de Cap de Seguretat sota les directrius del T\u00e8cnic Forestal Ra\u00fal Qu\u00edlez, encarregat de dirigir les operacions.<\/p>\n\n\n\n<p class=\"wp-block-paragraph\">Cal esmentar que l&#8217;alumnat dels Cicles Formatius de l&#8217;Escola de Viticultura i Enologia de Requena, que pertany a la Diputaci\u00f3 de Val\u00e8ncia, va poder presenciar els treballs durant l&#8217;execuci\u00f3 de la crema controlada.&nbsp;<\/p>\n\n\n\n<p class=\"wp-block-paragraph\">Las Brigadas Forestales de Divalterra, junto a efectivos del Consorcio de Bomberos de Valencia y unidades de Bomberos Forestales de la Generalitat, han llevado a cabo quemas controladas en San Antonio de Requena, tras las peticiones de los agricultores locales.&nbsp;<\/p>\n","protected":false},"excerpt":{"rendered":"<div class=\"mh-excerpt\">L\u2019operatiu es va posar en marxa per una petici\u00f3 dels agricultors de la zona Las Brigades forestals de Divalterra,&nbsp; al costat d&#8217;efectius del Consorci de Bombers de Val\u00e8ncia i unitats de Bombers Forestals de Generalitat, <a class=\"mh-excerpt-more\" href=\"https:\/\/tucomarca.whitekongsoftware.com\/ca\/bombers-i-brigadas-forestals-de-la-diputacio-collaboren-en-una-crema-controlada-en-requena\/\" title=\"Video: Bombers i brigadas forestals de la Diputaci\u00f3 col\u00b7laboren en una crema controlada en Requena\">[+] <\/a><\/div>\n","protected":false},"author":1,"featured_media":130775,"comment_status":"open","ping_status":"open","sticky":false,"template":"","format":"video","meta":{"footnotes":""},"categories":[10905,10898,10948,10894,10903,10947,10908,10909,10896,10897,11062],"tags":[14363,12162,12834,14181,11096,10910],"class_list":["post-130777","post","type-post","status-publish","format-video","has-post-thumbnail","category-agricultura-la-comarca-ca","category-ventana-ca","category-infraestructuras-ca","category-la-comarca-ca","category-medio-ambiente-la-comarca-ca","category-politica","category-requena-ca","category-requena-utiel-ca","category-seccion-ca","category-sucesos-la-comarca-ca","category-videos","tag-bomberos-ca","tag-brigadas-forestales-ca","tag-consorcio-provincial-de-bomberos-de-valencia-ca","tag-diputacio-de-valencia-2-ca","tag-divalterra-ca","tag-requena-utiel-ca","post_format-post-format-video"],"_links":{"self":[{"href":"https:\/\/tucomarca.whitekongsoftware.com\/ca\/wp-json\/wp\/v2\/posts\/130777","targetHints":{"allow":["GET"]}}],"collection":[{"href":"https:\/\/tucomarca.whitekongsoftware.com\/ca\/wp-json\/wp\/v2\/posts"}],"about":[{"href":"https:\/\/tucomarca.whitekongsoftware.com\/ca\/wp-json\/wp\/v2\/types\/post"}],"author":[{"embeddable":true,"href":"https:\/\/tucomarca.whitekongsoftware.com\/ca\/wp-json\/wp\/v2\/users\/1"}],"replies":[{"embeddable":true,"href":"https:\/\/tucomarca.whitekongsoftware.com\/ca\/wp-json\/wp\/v2\/comments?post=130777"}],"version-history":[{"count":0,"href":"https:\/\/tucomarca.whitekongsoftware.com\/ca\/wp-json\/wp\/v2\/posts\/130777\/revisions"}],"wp:featuredmedia":[{"embeddable":true,"href":"https:\/\/tucomarca.whitekongsoftware.com\/ca\/wp-json\/wp\/v2\/media\/130775"}],"wp:attachment":[{"href":"https:\/\/tucomarca.whitekongsoftware.com\/ca\/wp-json\/wp\/v2\/media?parent=130777"}],"wp:term":[{"taxonomy":"category","embeddable":true,"href":"https:\/\/tucomarca.whitekongsoftware.com\/ca\/wp-json\/wp\/v2\/categories?post=130777"},{"taxonomy":"post_tag","embeddable":true,"href":"https:\/\/tucomarca.whitekongsoftware.com\/ca\/wp-json\/wp\/v2\/tags?post=130777"}],"curies":[{"name":"wp","href":"https:\/\/api.w.org\/{rel}","templated":true}]}}