{"id":130771,"date":"2021-04-13T18:00:00","date_gmt":"2021-04-13T17:00:00","guid":{"rendered":"http:\/\/www.tucomarca.com\/wordpress\/segunda\/?p=130771"},"modified":"2021-04-14T17:34:50","modified_gmt":"2021-04-14T16:34:50","slug":"la-ribera-compta-ja-amb-14-municipis-adherits-a-la-xarxa-de-la-diputacio-contra-la-violencia-de-genere","status":"publish","type":"post","link":"https:\/\/tucomarca.whitekongsoftware.com\/ca\/la-ribera-compta-ja-amb-14-municipis-adherits-a-la-xarxa-de-la-diputacio-contra-la-violencia-de-genere\/","title":{"rendered":"La Ribera compta ja amb 14 municipis adherits a la Xarxa de la Diputaci\u00f3 contra la viol\u00e8ncia de g\u00e8nere"},"content":{"rendered":"\n<h4 class=\"wp-block-heading\"><strong>Poliny\u00e0 de X\u00faquer y Massalav\u00e9s se sumen a esta xarxa provincial de la qual formen part ja 111 ajuntaments i que busca donar la millor resposta possible de manera conjunta davant la xacra social<\/strong><\/h4>\n\n\n\n<p class=\"wp-block-paragraph\">L&#8217;adhesi\u00f3 de Poliny\u00e0 de X\u00faquer i Massalav\u00e9s a la Xarxa de Municipis Protegits contra la Viol\u00e8ncia de G\u00e8nere de la Diputaci\u00f3 de Val\u00e8ncia, que es va formalitzar durant l&#8217;assemblea general del passat 8 d&#8217;abril, eleva a 14 les localitats de La Ribera integrades en esta xarxa provincial que fomenta el treball conjunt i l&#8217;intercanvi d&#8217;experi\u00e8ncies entre institucions per a donar la millor resposta possible davant la viol\u00e8ncia masclista.<\/p>\n\n\n\n<p class=\"wp-block-paragraph\">Des de la fundaci\u00f3 de la xarxa i durant les successives ampliacions, diferents ajuntaments de La Ribera s&#8217;han anat sumant a este projecte. Al novembre de 2018, que va ser quan es va constituir l&#8217;organisme, els municipis de Cullera, Algemes\u00ed, Carlet, Montserrat i Alzira es van convertir en membres fundadors.<\/p>\n\n\n\n<p class=\"wp-block-paragraph\">Al maig de 2019 va passar a formar part l&#8217;Ajuntament de l&#8217;Alc\u00fadia. Al juny de 2020 van ser les localitats de Favara, Sueca, Carcaixent i Corbera les que es van adherir. Finalment, al novembre passat Riola i Alberic es van sumar a l&#8217;organisme creat per la Diputaci\u00f3.&nbsp;<\/p>\n\n\n\n<p class=\"wp-block-paragraph\">La responsable de l&#8217;\u00e0rea Igualtat, Eli Garc\u00eda, ha volgut \u201cagrair i valorar l&#8217;esfor\u00e7 dels nous ajuntaments per a poder formar part de la xarxa, un organisme que permet la col\u00b7laboraci\u00f3 entre les diferents entitats locals, la qual cosa \u00e9s fonamental per a lluitar contra la viol\u00e8ncia exercida contra les dones\u201d.<\/p>\n\n\n\n<p class=\"wp-block-paragraph\">La diputada provincial ha anunciat, a m\u00e9s, l&#8217;obertura, a la fi del mes d&#8217;abril, de la convocat\u00f2ria de les subvencions dirigida als ajuntaments que componen la Xarxa de Municipis Protegits contra la Viol\u00e8ncia de G\u00e8nere. La dotaci\u00f3 de les ajudes per a 2021 ascendix a 565.000 euros.<\/p>\n\n\n\n<p class=\"wp-block-paragraph\">La subvenci\u00f3 que reba cada localitat haur\u00e0 de destinar-se b\u00e9 a projectes relacionats amb la prevenci\u00f3 i detecci\u00f3 de la viol\u00e8ncia de g\u00e8nere, la coeducaci\u00f3 i la formaci\u00f3 del personal dels ajuntaments en esta mat\u00e8ria; o b\u00e9 a campanyes de sensibilitzaci\u00f3, prevenci\u00f3 i lluita contra la viol\u00e8ncia de g\u00e8nere a trav\u00e9s de tr\u00edptics, cartells, falques de r\u00e0dio, etc.<\/p>\n\n\n\n<p class=\"wp-block-paragraph\"><strong>Naixement i evoluci\u00f3<\/strong><\/p>\n\n\n\n<p class=\"wp-block-paragraph\">La Xarxa de Municipis Protegits contra la Viol\u00e8ncia de G\u00e8nere de la Diputaci\u00f3 de Val\u00e8ncia es va constituir el 14 de novembre de 2018 amb 49 ajuntaments fundadors, entre els quals destacaven grans poblacions com Gandia, X\u00e0tiva, Ontinyent, Mislata, Alzira i Burjassot, als quals l&#8217;\u00e0rea d&#8217;Igualtat de la corporaci\u00f3 provincial va oferir la possibilitat de compartir recursos i esfor\u00e7os en la lluita contra esta xacra social que ens afecta a totes i tots. L&#8217;objectiu de la iniciativa \u00e9s dotar de recursos als municipis per a ajudar-los a desenvolupar els seus propis plans d&#8217;igualtat i contra la viol\u00e8ncia de g\u00e8nere.<\/p>\n\n\n\n<p class=\"wp-block-paragraph\">Des d&#8217;eixe moment, s&#8217;han celebrat quatre assemblees generals en les quals s&#8217;han anat sumant municipis de totes les comarques valencianes, fins a arribar als 111 actuals. La comarca de L&#8217;Horta \u00e9s la que compta amb un major nombre de localitats adherides, amb un total de 35, seguida de La Vall d&#8217;Albaida amb 22, La Safor amb 15 i La Ribera amb 14.<\/p>\n\n\n\n<p class=\"wp-block-paragraph\">El Comit\u00e9 Avaluador es reunix sempre en la pr\u00e8via de cada assemblea per a revisar que els municipis sol\u00b7licitants complixen els requisits m\u00ednims exigibles per a adherir-se a la xarxa provincial, entre ells tindre una regidoria i un pla d&#8217;Igualtat, disposar de recursos econ\u00f2mics i professionals propis en la lluita contra la viol\u00e8ncia masclista i, en el cas de municipis de menys de 20.000 habitants, estar connectats al sistema d&#8217;atenci\u00f3 telef\u00f2nica ATENPRO.<\/p>\n","protected":false},"excerpt":{"rendered":"<div class=\"mh-excerpt\">Poliny\u00e0 de X\u00faquer y Massalav\u00e9s se sumen a esta xarxa provincial de la qual formen part ja 111 ajuntaments i que busca donar la millor resposta possible de manera conjunta davant la xacra social L&#8217;adhesi\u00f3 <a class=\"mh-excerpt-more\" href=\"https:\/\/tucomarca.whitekongsoftware.com\/ca\/la-ribera-compta-ja-amb-14-municipis-adherits-a-la-xarxa-de-la-diputacio-contra-la-violencia-de-genere\/\" title=\"La Ribera compta ja amb 14 municipis adherits a la Xarxa de la Diputaci\u00f3 contra la viol\u00e8ncia de g\u00e8nere\">[+] <\/a><\/div>\n","protected":false},"author":12,"featured_media":130548,"comment_status":"open","ping_status":"open","sticky":false,"template":"","format":"standard","meta":{"footnotes":""},"categories":[10983,10889,10990,10948,10894,10902,10999,11000,10947,10896,10897],"tags":[11246,13111,11629],"class_list":["post-130771","post","type-post","status-publish","format-standard","has-post-thumbnail","category-algemesi-ca","category-alzira-cat","category-carlet-ca","category-infraestructuras-ca","category-la-comarca-ca","category-la-ribera-ca","category-masalaves-ca","category-monserrat-ca","category-politica","category-seccion-ca","category-sucesos-la-comarca-ca","tag-diputacio-de-valencia-ca","tag-red-de-municipios-protegidos-contra-la-violencia-de-genero-ca","tag-violencia-de-genero-ca"],"_links":{"self":[{"href":"https:\/\/tucomarca.whitekongsoftware.com\/ca\/wp-json\/wp\/v2\/posts\/130771","targetHints":{"allow":["GET"]}}],"collection":[{"href":"https:\/\/tucomarca.whitekongsoftware.com\/ca\/wp-json\/wp\/v2\/posts"}],"about":[{"href":"https:\/\/tucomarca.whitekongsoftware.com\/ca\/wp-json\/wp\/v2\/types\/post"}],"author":[{"embeddable":true,"href":"https:\/\/tucomarca.whitekongsoftware.com\/ca\/wp-json\/wp\/v2\/users\/12"}],"replies":[{"embeddable":true,"href":"https:\/\/tucomarca.whitekongsoftware.com\/ca\/wp-json\/wp\/v2\/comments?post=130771"}],"version-history":[{"count":0,"href":"https:\/\/tucomarca.whitekongsoftware.com\/ca\/wp-json\/wp\/v2\/posts\/130771\/revisions"}],"wp:featuredmedia":[{"embeddable":true,"href":"https:\/\/tucomarca.whitekongsoftware.com\/ca\/wp-json\/wp\/v2\/media\/130548"}],"wp:attachment":[{"href":"https:\/\/tucomarca.whitekongsoftware.com\/ca\/wp-json\/wp\/v2\/media?parent=130771"}],"wp:term":[{"taxonomy":"category","embeddable":true,"href":"https:\/\/tucomarca.whitekongsoftware.com\/ca\/wp-json\/wp\/v2\/categories?post=130771"},{"taxonomy":"post_tag","embeddable":true,"href":"https:\/\/tucomarca.whitekongsoftware.com\/ca\/wp-json\/wp\/v2\/tags?post=130771"}],"curies":[{"name":"wp","href":"https:\/\/api.w.org\/{rel}","templated":true}]}}