{"id":130760,"date":"2021-04-13T14:11:00","date_gmt":"2021-04-13T13:11:00","guid":{"rendered":"http:\/\/www.tucomarca.com\/wordpress\/segunda\/?p=130760"},"modified":"2021-04-13T17:37:11","modified_gmt":"2021-04-13T16:37:11","slug":"riba-roja-comprara-50-000-metres-del-pai-anullat-que-preveia-555-habitatges-per-a-construir-un-centre-de-salut-i-una-residencia-de-tercera-edat-i-de-diversitat-funcional","status":"publish","type":"post","link":"https:\/\/tucomarca.whitekongsoftware.com\/ca\/riba-roja-comprara-50-000-metres-del-pai-anullat-que-preveia-555-habitatges-per-a-construir-un-centre-de-salut-i-una-residencia-de-tercera-edat-i-de-diversitat-funcional\/","title":{"rendered":"Riba-roja comprar\u00e0 50.000 metres del PAI anul\u00b7lat que preveia 555 habitatges per a construir un centre de salut i una resid\u00e8ncia de tercera edat i de diversitat funcional"},"content":{"rendered":"\n<h4 class=\"wp-block-heading\">L&#8217;operaci\u00f3 permetr\u00e0 saldar un deute de 1\u20192 milions de la promotora<\/h4>\n\n\n\n<p class=\"wp-block-paragraph\">El ple municipal de Riba-roja de T\u00faria ha aprovat la sol\u00b7licitud d&#8217;un cr\u00e8dit de 4\u20195 milions d&#8217;euros per a la compra dels 50.000 metres quadrats dels terrenys del Programa d&#8217;Actuaci\u00f3 Integrada (PAI) de la zona del Pacadar on estava prevista la construcci\u00f3 de 555 habitatges. L&#8217;acord va comptar amb el vot a favor de l&#8217;equip de govern del PSPV, a m\u00e9s de Comprom\u00eds, Esquerra Unida i Podemos Riba-roja Pot, mentre que Vox es va abstindre i el Partit Popular i Ciutadans van votar en contra.&nbsp;<\/p>\n\n\n\n<p class=\"wp-block-paragraph\">La compra dels terrenys del PAI de *Pacadar s&#8217;efectuar\u00e0 conjuntament amb altres dues parcel\u00b7les adjacents de manera que es podran unir al voltant de 50.000 metres quadrats en total que es destinaran per a la construcci\u00f3 d&#8217;un centre de salut i una resid\u00e8ncia de la tercera edat i de diversitat funcional i la futura Llar dels Majors. A m\u00e9s, es reservar\u00e0 una zona per a destinar-la com a futur parc i \u00e0rea verda.&nbsp;<\/p>\n\n\n\n<p class=\"wp-block-paragraph\">El cr\u00e8dit bancari per un total de 4\u20195 milions d&#8217;euros tindr\u00e0 una vig\u00e8ncia de 12 anys, amb les dues primeres anualitats com a temps de manca donada la situaci\u00f3 del Covid-19 en les quals nom\u00e9s es pagaran els interessos. Els tipus d&#8217;inter\u00e9s s&#8217;han fixat en un 0\u201932%, exempt de comissions sobre estudi, sol\u00b7licitud d&#8217;obertura ni tampoc de cancel\u00b7laci\u00f3 anticipada.&nbsp;<\/p>\n\n\n\n<p class=\"wp-block-paragraph\">La compra dels terrenys de Pacadar permetr\u00e0, al mateix temps, saldar un deute de la pr\u00f2pia empresa promotora del PAI, actualment en concurs de creditors, i que aconsegueix els 1\u20192 milions d&#8217;euros. L&#8217;adquisici\u00f3 era l&#8217;\u00fanica manera de recuperar el d\u00e8bit que mant\u00e9 la promotora del projecte urban\u00edstic amb l&#8217;ajuntament, en el qual s&#8217;inclou una sent\u00e8ncia judicial, els impostos municipals i els interessos i rec\u00e0rrecs.&nbsp;<\/p>\n\n\n\n<p class=\"wp-block-paragraph\">L&#8217;Ajuntament de Riba-roja de T\u00faria posar\u00e0 en marxa un concurs d&#8217;idees obert al p\u00fablic amb l&#8217;objectiu de donar una resposta adequada al disseny de la futura zona dotacional i el parc p\u00fablic que est\u00e0 previst en aquesta \u00e0rea. La zona de Pacadar es convertir\u00e0, d&#8217;aquesta manera, en una \u00e0rea que albergar\u00e0 les actuals necessitats que en mat\u00e8ria sanit\u00e0ria i social t\u00e9 la localitat.&nbsp;<\/p>\n\n\n\n<p class=\"wp-block-paragraph\">Cal recordar que aquest PAI de Pacadar est\u00e0 revocat en sessi\u00f3 plen\u00e0ria per l&#8217;incompliment de les obligacions que la mercantil promotora havia de dur a terme i que no va realitzar en el seu moment, com la urbanitzaci\u00f3 de la zona pr\u00e8via a la construcci\u00f3 dels 555 habitatges ni tampoc va cedir a l&#8217;ajuntament la parcel\u00b7la edificable urbanitzada ni la planta baixa prevista.&nbsp;<\/p>\n\n\n\n<p class=\"wp-block-paragraph\">Els fets objecte de la revocaci\u00f3 de l&#8217;acord bilateral es remunta a l&#8217;any 2005 quan el llavors equip de govern del Partit Popular va signar un acord per a traslladar la f\u00e0brica de bigues existent a una zona diferent a canvi d&#8217;una requalificaci\u00f3 dels terrenys sobre els quals estava assentada \u2013passaven d&#8217;industrials a residencials- per a construir les citades 555 habitatges.&nbsp;<\/p>\n\n\n\n<p class=\"wp-block-paragraph\">Les penalitzacions fixades pels t\u00e8cnics municipals de l&#8217;Ajuntament de Riba-roja de T\u00faria pels incompliments, les indemnitzacions previstes en aquestes, aix\u00ed com les garanties depositades en el seu moment en la signatura del conveni han sigut ratificades, fil per randa, pel Consell Jur\u00eddic Consultiu, a m\u00e9s de la revocaci\u00f3 del propi pla urban\u00edstic.&nbsp;<\/p>\n\n\n\n<p class=\"wp-block-paragraph\">El regidor d&#8217;Hisenda de Riba-roja de T\u00faria, Jos\u00e9 \u00c1ngel Hern\u00e1ndez, ha afirmat que l&#8217;adquisici\u00f3 dels terrenys de Pacadar \u201c\u00e9s una de les inversions m\u00e9s importants que ha realitzat l&#8217;ajuntament en les \u00faltimes d\u00e8cades i que projectar\u00e0 el present i el futur urban\u00edstic, basat en el pla estrat\u00e8gic elaborat per la Universitat de Val\u00e8ncia i amb la participaci\u00f3 de la ciutadania i el consistori\u201d.&nbsp;<\/p>\n\n\n\n<p class=\"wp-block-paragraph\">Hern\u00e1ndez ha afegit, a m\u00e9s, que el pr\u00e9stec \u201cno faria falta si el Partit Popular quan governava haguera complit els seus compromisos amb els nombrosos assumptes pendents en mat\u00e8ria urban\u00edstica, per la seua condescend\u00e8ncia en alguns casos i en uns altres per la inoper\u00e0ncia a l&#8217;hora de defensar els interessos de Riba-roja; traure aquest pr\u00e9stec significa que l&#8217;ajuntament est\u00e0 sanejat i per tant t\u00e9 capacitat d&#8217;endeutament i afrontar les seues obligacions\u201d.<\/p>\n","protected":false},"excerpt":{"rendered":"<div class=\"mh-excerpt\">L&#8217;operaci\u00f3 permetr\u00e0 saldar un deute de 1\u20192 milions de la promotora El ple municipal de Riba-roja de T\u00faria ha aprovat la sol\u00b7licitud d&#8217;un cr\u00e8dit de 4\u20195 milions d&#8217;euros per a la compra dels 50.000 metres <a class=\"mh-excerpt-more\" href=\"https:\/\/tucomarca.whitekongsoftware.com\/ca\/riba-roja-comprara-50-000-metres-del-pai-anullat-que-preveia-555-habitatges-per-a-construir-un-centre-de-salut-i-una-residencia-de-tercera-edat-i-de-diversitat-funcional\/\" title=\"Riba-roja comprar\u00e0 50.000 metres del PAI anul\u00b7lat que preveia 555 habitatges per a construir un centre de salut i una resid\u00e8ncia de tercera edat i de diversitat funcional\">[+] <\/a><\/div>\n","protected":false},"author":12,"featured_media":130759,"comment_status":"open","ping_status":"open","sticky":false,"template":"","format":"standard","meta":{"footnotes":""},"categories":[10892,10948,10894,10947,10906,10896],"tags":[10899,14361,14362,10907],"class_list":["post-130760","post","type-post","status-publish","format-standard","has-post-thumbnail","category-camp-de-turia-ca","category-infraestructuras-ca","category-la-comarca-ca","category-politica","category-riba-roja-ca","category-seccion-ca","tag-camp-de-turia-ca","tag-compra-de-terrenos-ca","tag-pai-de-pacadar-ca","tag-riba-roja-del-turia-ca"],"_links":{"self":[{"href":"https:\/\/tucomarca.whitekongsoftware.com\/ca\/wp-json\/wp\/v2\/posts\/130760","targetHints":{"allow":["GET"]}}],"collection":[{"href":"https:\/\/tucomarca.whitekongsoftware.com\/ca\/wp-json\/wp\/v2\/posts"}],"about":[{"href":"https:\/\/tucomarca.whitekongsoftware.com\/ca\/wp-json\/wp\/v2\/types\/post"}],"author":[{"embeddable":true,"href":"https:\/\/tucomarca.whitekongsoftware.com\/ca\/wp-json\/wp\/v2\/users\/12"}],"replies":[{"embeddable":true,"href":"https:\/\/tucomarca.whitekongsoftware.com\/ca\/wp-json\/wp\/v2\/comments?post=130760"}],"version-history":[{"count":0,"href":"https:\/\/tucomarca.whitekongsoftware.com\/ca\/wp-json\/wp\/v2\/posts\/130760\/revisions"}],"wp:featuredmedia":[{"embeddable":true,"href":"https:\/\/tucomarca.whitekongsoftware.com\/ca\/wp-json\/wp\/v2\/media\/130759"}],"wp:attachment":[{"href":"https:\/\/tucomarca.whitekongsoftware.com\/ca\/wp-json\/wp\/v2\/media?parent=130760"}],"wp:term":[{"taxonomy":"category","embeddable":true,"href":"https:\/\/tucomarca.whitekongsoftware.com\/ca\/wp-json\/wp\/v2\/categories?post=130760"},{"taxonomy":"post_tag","embeddable":true,"href":"https:\/\/tucomarca.whitekongsoftware.com\/ca\/wp-json\/wp\/v2\/tags?post=130760"}],"curies":[{"name":"wp","href":"https:\/\/api.w.org\/{rel}","templated":true}]}}