{"id":130754,"date":"2021-04-13T14:00:00","date_gmt":"2021-04-13T13:00:00","guid":{"rendered":"http:\/\/www.tucomarca.com\/wordpress\/segunda\/?p=130754"},"modified":"2021-04-13T17:08:30","modified_gmt":"2021-04-13T16:08:30","slug":"els-alcaldes-de-benaguasil-pedralba-i-vilamarxant-plantegen-a-la-delegada-del-govern-la-necessitat-de-finalitzar-la-cv-50","status":"publish","type":"post","link":"https:\/\/tucomarca.whitekongsoftware.com\/ca\/els-alcaldes-de-benaguasil-pedralba-i-vilamarxant-plantegen-a-la-delegada-del-govern-la-necessitat-de-finalitzar-la-cv-50\/","title":{"rendered":"Els alcaldes de Benaguasil, Pedralba i Vilamarxant plantegen a la delegada del Govern la necessitat de finalitzar la CV-50"},"content":{"rendered":"\n<p class=\"wp-block-paragraph\"><strong>Actuacions de millora del Parc Natural del *T\u00faria o la reducci\u00f3 de la duraci\u00f3 dels trajectes de Metrovalencia han sigut uns altres dels assumptes tractats en la trobada.<\/strong><\/p>\n\n\n\n<p class=\"wp-block-paragraph\">L&#8217;alcalde de Benaguasil, Ximo Segarra, juntament amb els seus hom\u00f2legs a Pedralba i Vilamarxant, Sandra Turegano i H\u00e9ctor Troyano, s&#8217;ha reunit hui amb la delegada del Govern a la Comunitat Valenciana, Gloria Calero, per a abordar les necessitats dels seus municipis.<\/p>\n\n\n\n<p class=\"wp-block-paragraph\">En la trobada s&#8217;han tractat assumptes de necessitat per a aquests tres municipis i per a la comarca en general, com \u00e9s el cas de la necessitat d&#8217;executar i posar en marxa la CV-50, en el seu tram CV35\/A3, una infraestructura vital per al desenvolupament no sols de Benaguasil sin\u00f3 de tota la comarca i per tant per a generar riquesa ja que \u201camb aquesta infraestructura Benaguasil i la comarca es convertiria en un pol d&#8217;atracci\u00f3 d&#8217;inversions que generarien llocs de treball, ja que las connexions vi\u00e0ries s\u00f3n la base de la riquesa d&#8217;un territori. Amb la CV-50 el Camp de T\u00faria es convertiria en un nucli de comunicaci\u00f3 important\u00edssim amb car\u00e0cter general, de serveis i tamb\u00e9 empresarial\u201d, ha manifestat l&#8217;edil benaguasilero.<\/p>\n\n\n\n<p class=\"wp-block-paragraph\">Uns altres dels assumptes abordats en la trobada han sigut actuacions d&#8217;adequaci\u00f3 i millora al Parc Natural del T\u00faria, la reducci\u00f3 de temps dels trajectes de Metrovalencia, i la falta de motivaci\u00f3 en les inscripcions dels B\u00e9ns d&#8217;Inter\u00e9s Cultural.<\/p>\n\n\n\n<p class=\"wp-block-paragraph\">Al costat d&#8217;aquestes propostes, els mun\u00edcipes han traslladat tamb\u00e9 a la delegada del Govern la necessitat de netejar el llit dels barrancs del Tollo i Rambla Primera o Escoriuela, aix\u00ed com la resoluci\u00f3 dels problemes derivats de les inundacions per fortes pluges.<\/p>\n\n\n\n<p class=\"wp-block-paragraph\">Despr\u00e9s de la reuni\u00f3 els tres alcaldes han agra\u00eft el tracte i afecte rebut de la delegada del Govern, i la seua disposici\u00f3 a atendre les demandes plantejades.<\/p>\n\n\n\n<p class=\"wp-block-paragraph\"><strong>Nucli urb\u00e0 de Vilamarxant<\/strong><\/p>\n\n\n\n<p class=\"wp-block-paragraph\">Per part seua, l&#8217;alcalde de Vilamarxant, H\u00e9ctor Troyano, li ha traslladat a la delegada del Govern la problem\u00e0tica de la CV-50 que travessa el nucli urb\u00e0 de la localitat del Camp de T\u00faria.<\/p>\n\n\n\n<p class=\"wp-block-paragraph\">El primer edil de Vilamarxant ha exposat el greu problema que suposa que la CV-50 travesse el nucli urb\u00e0 i els problemes que provoquen a la ciutadania que resideix en el municipi.<\/p>\n\n\n\n<p class=\"wp-block-paragraph\">La delegada del Govern ha mostrat inter\u00e9s a solucionar aquest problema i s&#8217;ha comprom\u00e9s a traslladar aquesta petici\u00f3 al Conseller Arcadi Espa\u00f1a, responsable de Pol\u00edtica Territorial, Obres P\u00fabliques i Mobilitat de la Generalitat Valenciana.<\/p>\n\n\n\n<p class=\"wp-block-paragraph\">A la finalitzaci\u00f3 de la reuni\u00f3, H\u00e9ctor Troyano ha obsequiat amb dos llibres de la Hist\u00f2ria de Vilamarxant a la delegada del Govern perqu\u00e8 conega una mica m\u00e9s sobre el municipi.<\/p>\n","protected":false},"excerpt":{"rendered":"<div class=\"mh-excerpt\">Actuacions de millora del Parc Natural del *T\u00faria o la reducci\u00f3 de la duraci\u00f3 dels trajectes de Metrovalencia han sigut uns altres dels assumptes tractats en la trobada. L&#8217;alcalde de Benaguasil, Ximo Segarra, juntament amb <a class=\"mh-excerpt-more\" href=\"https:\/\/tucomarca.whitekongsoftware.com\/ca\/els-alcaldes-de-benaguasil-pedralba-i-vilamarxant-plantegen-a-la-delegada-del-govern-la-necessitat-de-finalitzar-la-cv-50\/\" title=\"Els alcaldes de Benaguasil, Pedralba i Vilamarxant plantegen a la delegada del Govern la necessitat de finalitzar la CV-50\">[+] <\/a><\/div>\n","protected":false},"author":1,"featured_media":130751,"comment_status":"open","ping_status":"open","sticky":false,"template":"","format":"standard","meta":{"footnotes":""},"categories":[10952,10892,11046,10898,10948,10894,10904,11025,10947,10896,10897,10927],"tags":[11136,10899,12537,14357,14358,11928,11080,11135,11090],"class_list":["post-130754","post","type-post","status-publish","format-standard","has-post-thumbnail","category-benaguasil-ca","category-camp-de-turia-ca","category-los-serranos-ca","category-ventana-ca","category-infraestructuras-ca","category-la-comarca-ca","category-sin-categorizar-ca","category-pedralba-ca","category-politica","category-seccion-ca","category-sucesos-la-comarca-ca","category-vilamarxant-ca","tag-benaguasil-ca","tag-camp-de-turia-ca","tag-cv-50-ca","tag-del-gobierno-ca","tag-delegada-ca","tag-la-serrania-ca","tag-los-serranos-ca","tag-pedralba-ca","tag-vilamarxant-ca"],"_links":{"self":[{"href":"https:\/\/tucomarca.whitekongsoftware.com\/ca\/wp-json\/wp\/v2\/posts\/130754","targetHints":{"allow":["GET"]}}],"collection":[{"href":"https:\/\/tucomarca.whitekongsoftware.com\/ca\/wp-json\/wp\/v2\/posts"}],"about":[{"href":"https:\/\/tucomarca.whitekongsoftware.com\/ca\/wp-json\/wp\/v2\/types\/post"}],"author":[{"embeddable":true,"href":"https:\/\/tucomarca.whitekongsoftware.com\/ca\/wp-json\/wp\/v2\/users\/1"}],"replies":[{"embeddable":true,"href":"https:\/\/tucomarca.whitekongsoftware.com\/ca\/wp-json\/wp\/v2\/comments?post=130754"}],"version-history":[{"count":0,"href":"https:\/\/tucomarca.whitekongsoftware.com\/ca\/wp-json\/wp\/v2\/posts\/130754\/revisions"}],"wp:featuredmedia":[{"embeddable":true,"href":"https:\/\/tucomarca.whitekongsoftware.com\/ca\/wp-json\/wp\/v2\/media\/130751"}],"wp:attachment":[{"href":"https:\/\/tucomarca.whitekongsoftware.com\/ca\/wp-json\/wp\/v2\/media?parent=130754"}],"wp:term":[{"taxonomy":"category","embeddable":true,"href":"https:\/\/tucomarca.whitekongsoftware.com\/ca\/wp-json\/wp\/v2\/categories?post=130754"},{"taxonomy":"post_tag","embeddable":true,"href":"https:\/\/tucomarca.whitekongsoftware.com\/ca\/wp-json\/wp\/v2\/tags?post=130754"}],"curies":[{"name":"wp","href":"https:\/\/api.w.org\/{rel}","templated":true}]}}