{"id":130549,"date":"2021-04-09T14:03:00","date_gmt":"2021-04-09T13:03:00","guid":{"rendered":"http:\/\/www.tucomarca.com\/wordpress\/segunda\/?p=130549"},"modified":"2021-04-09T23:14:41","modified_gmt":"2021-04-09T22:14:41","slug":"la-xarxa-de-municipis-protegits-contra-la-violencia-de-genere-de-la-diputacio-suma-deu-nous-membres","status":"publish","type":"post","link":"https:\/\/tucomarca.whitekongsoftware.com\/ca\/la-xarxa-de-municipis-protegits-contra-la-violencia-de-genere-de-la-diputacio-suma-deu-nous-membres\/","title":{"rendered":"La Xarxa de Municipis Protegits contra la Viol\u00e8ncia de G\u00e8nere de la Diputaci\u00f3 suma deu nous membres"},"content":{"rendered":"\n<h4 class=\"wp-block-heading\">Despr\u00e9s de les noves incorporacions s\u00f3n ja 111 municipis els que formen part de la xarxa provincial creada per a millorar la resposta davant esta xacra social<\/h4>\n\n\n\n<h4 class=\"wp-block-heading\">La diputada de l&#8217;\u00e0rea d&#8217;Igualtat, Eli Garc\u00eda, ha anunciat durant l&#8217;assemblea general una subvenci\u00f3 de 565.000 euros per als ajuntaments en 2021<\/h4>\n\n\n\n<p class=\"wp-block-paragraph\">S\u00f3n ja 111 les localitats de la prov\u00edncia que formen part de la Xarxa de Municipis Protegits contra la Viol\u00e8ncia de G\u00e8nere, creada per la Diputaci\u00f3 de Val\u00e8ncia al novembre de 2018, amb l&#8217;objectiu de donar una resposta efectiva i integral contra esta xacra social des de les institucions m\u00e9s pr\u00f2ximes a la ciutadania. Durant l&#8217;assemblea general celebrada este dijous de manera telem\u00e0tica, s&#8217;ha aprovat l&#8217;adhesi\u00f3 de deu nous membres pertanyents a cinc comarques valencianes.<\/p>\n\n\n\n<p class=\"wp-block-paragraph\">En concret, l&#8217;Horta suma a la Xarxa els municipis de Tavernes Blanques, Moncada i Vinalesa; la Safor incorpora a Almoines i Xeresa; la Ribera a Poliny\u00e0 de X\u00faquer i Massalav\u00e9s; Camp de T\u00faria a Benaguasil i Marines; i la Costera a Font de la Figuera.<\/p>\n\n\n\n<p class=\"wp-block-paragraph\">La responsable de l&#8217;\u00e0rea Igualtat, Eli Garc\u00eda, ha volgut \u201cagrair i valorar l&#8217;esfor\u00e7 dels nous ajuntaments per a poder formar part de la xarxa, un organisme que permet la col\u00b7laboraci\u00f3 entre les diferents entitats locals, la qual cosa \u00e9s fonamental per a lluitar contra la viol\u00e8ncia exercida contra les dones\u201d.<\/p>\n\n\n\n<p class=\"wp-block-paragraph\">La diputada provincial ha anunciat, a m\u00e9s, l&#8217;obertura, a la fi del mes d&#8217;abril, de la convocat\u00f2ria de les subvencions dirigida als ajuntaments que componen la Xarxa de Municipis Protegits contra la Viol\u00e8ncia de G\u00e8nere. La dotaci\u00f3 de les ajudes per a 2021 ascendix a 565.000 euros.<\/p>\n\n\n\n<p class=\"wp-block-paragraph\">La subvenci\u00f3 que reba cada localitat haur\u00e0 de destinar-se b\u00e9 a projectes relacionats amb la prevenci\u00f3 i detecci\u00f3 de la viol\u00e8ncia de g\u00e8nere, la coeducaci\u00f3 i la formaci\u00f3 del personal dels ajuntaments en esta mat\u00e8ria; o b\u00e9 a campanyes de sensibilitzaci\u00f3, prevenci\u00f3 i lluita contra la viol\u00e8ncia de g\u00e8nere a trav\u00e9s de tr\u00edptics, cartells, falques de r\u00e0dio, etc.<\/p>\n\n\n\n<p class=\"wp-block-paragraph\"><strong>Naixement i evoluci\u00f3<\/strong><\/p>\n\n\n\n<p class=\"wp-block-paragraph\">La Xarxa de Municipis Protegits contra la Viol\u00e8ncia de G\u00e8nere de la Diputaci\u00f3 de Val\u00e8ncia es va constituir el 14 de novembre de 2018 amb 49 ajuntaments fundadors, entre els quals destacaven grans poblacions com Gandia, X\u00e0tiva, Ontinyent, Mislata, Alzira i Burjassot, als quals l&#8217;\u00e0rea d&#8217;Igualtat de la corporaci\u00f3 provincial va oferir la possibilitat de compartir recursos i esfor\u00e7os en la lluita contra esta xacra social que ens afecta a totes i tots. L&#8217;objectiu de la iniciativa \u00e9s dotar de recursos als municipis per a ajudar-los a desenvolupar els seus propis plans d&#8217;igualtat i contra la viol\u00e8ncia de g\u00e8nere.<\/p>\n\n\n\n<p class=\"wp-block-paragraph\">Des d&#8217;aqueix moment, s&#8217;han celebrat quatre assemblees generals en les quals s&#8217;han anat sumant municipis de totes les comarques valencianes, fins a aconseguir els 111 actuals. La comarca de l&#8217;Horta \u00e9s la que compta amb un major nombre de localitats adherides, amb un total de 35, seguida de la Vall d&#8217;Albaida amb 22, la Safor amb 15 i la Ribera amb 14.<\/p>\n\n\n\n<p class=\"wp-block-paragraph\">El Comit\u00e9 Avaluador es reunix sempre en la pr\u00e8via de cada assemblea per a revisar que els municipis sol\u00b7licitants complixen els requisits m\u00ednims exigibles per a adherir-se a la xarxa provincial, entre ells tindre una regidoria i un pla d&#8217;Igualtat, disposar de recursos econ\u00f2mics i professionals propis en la lluita contra la viol\u00e8ncia masclista i, en el cas de municipis de menys de 20.000 habitants, estar connectats al sistema d&#8217;atenci\u00f3 telef\u00f2nica ATENPRO.<\/p>\n\n\n\n<p class=\"wp-block-paragraph\"><\/p>\n","protected":false},"excerpt":{"rendered":"<div class=\"mh-excerpt\">Despr\u00e9s de les noves incorporacions s\u00f3n ja 111 municipis els que formen part de la xarxa provincial creada per a millorar la resposta davant esta xacra social La diputada de l&#8217;\u00e0rea d&#8217;Igualtat, Eli Garc\u00eda, ha <a class=\"mh-excerpt-more\" href=\"https:\/\/tucomarca.whitekongsoftware.com\/ca\/la-xarxa-de-municipis-protegits-contra-la-violencia-de-genere-de-la-diputacio-suma-deu-nous-membres\/\" title=\"La Xarxa de Municipis Protegits contra la Viol\u00e8ncia de G\u00e8nere de la Diputaci\u00f3 suma deu nous membres\">[+] <\/a><\/div>\n","protected":false},"author":12,"featured_media":130548,"comment_status":"open","ping_status":"open","sticky":false,"template":"","format":"standard","meta":{"footnotes":""},"categories":[10952,10892,10948,10894,10904,10902,10932,10999,10947,10896],"tags":[11246,13111,11629],"class_list":["post-130549","post","type-post","status-publish","format-standard","has-post-thumbnail","category-benaguasil-ca","category-camp-de-turia-ca","category-infraestructuras-ca","category-la-comarca-ca","category-sin-categorizar-ca","category-la-ribera-ca","category-marines-ca","category-masalaves-ca","category-politica","category-seccion-ca","tag-diputacio-de-valencia-ca","tag-red-de-municipios-protegidos-contra-la-violencia-de-genero-ca","tag-violencia-de-genero-ca"],"_links":{"self":[{"href":"https:\/\/tucomarca.whitekongsoftware.com\/ca\/wp-json\/wp\/v2\/posts\/130549","targetHints":{"allow":["GET"]}}],"collection":[{"href":"https:\/\/tucomarca.whitekongsoftware.com\/ca\/wp-json\/wp\/v2\/posts"}],"about":[{"href":"https:\/\/tucomarca.whitekongsoftware.com\/ca\/wp-json\/wp\/v2\/types\/post"}],"author":[{"embeddable":true,"href":"https:\/\/tucomarca.whitekongsoftware.com\/ca\/wp-json\/wp\/v2\/users\/12"}],"replies":[{"embeddable":true,"href":"https:\/\/tucomarca.whitekongsoftware.com\/ca\/wp-json\/wp\/v2\/comments?post=130549"}],"version-history":[{"count":0,"href":"https:\/\/tucomarca.whitekongsoftware.com\/ca\/wp-json\/wp\/v2\/posts\/130549\/revisions"}],"wp:featuredmedia":[{"embeddable":true,"href":"https:\/\/tucomarca.whitekongsoftware.com\/ca\/wp-json\/wp\/v2\/media\/130548"}],"wp:attachment":[{"href":"https:\/\/tucomarca.whitekongsoftware.com\/ca\/wp-json\/wp\/v2\/media?parent=130549"}],"wp:term":[{"taxonomy":"category","embeddable":true,"href":"https:\/\/tucomarca.whitekongsoftware.com\/ca\/wp-json\/wp\/v2\/categories?post=130549"},{"taxonomy":"post_tag","embeddable":true,"href":"https:\/\/tucomarca.whitekongsoftware.com\/ca\/wp-json\/wp\/v2\/tags?post=130549"}],"curies":[{"name":"wp","href":"https:\/\/api.w.org\/{rel}","templated":true}]}}