{"id":130462,"date":"2021-04-08T15:32:00","date_gmt":"2021-04-08T14:32:00","guid":{"rendered":"http:\/\/www.tucomarca.com\/wordpress\/segunda\/?p=130462"},"modified":"2021-04-08T23:21:08","modified_gmt":"2021-04-08T22:21:08","slug":"ximo-puig-anuncia-que-podran-realitzar-se-reunions-de-dos-nuclis-de-convivencia-a-les-cases-i-de-fins-a-sis-persones-en-espais-publics","status":"publish","type":"post","link":"https:\/\/tucomarca.whitekongsoftware.com\/ca\/ximo-puig-anuncia-que-podran-realitzar-se-reunions-de-dos-nuclis-de-convivencia-a-les-cases-i-de-fins-a-sis-persones-en-espais-publics\/","title":{"rendered":"Ximo Puig anuncia que podran realitzar-se reunions de dos nuclis de conviv\u00e8ncia a les cases i de fins a sis persones en espais p\u00fablics"},"content":{"rendered":"\n<h4 class=\"wp-block-heading\">Es flexibilitzen tamb\u00e9 les condicions per a realitzar visites en les resid\u00e8ncies de persones majors immunitzades<\/h4>\n\n\n\n<h4 class=\"wp-block-heading\">Les taules de bars i restaurants tamb\u00e9 podran ser de fins a sis persones i la pr\u00e0ctica d&#8217;activitats esportives es podr\u00e0 realitzar en grups de fins a sis<\/h4>\n\n\n\n<h4 class=\"wp-block-heading\">Les noves mesures entraran en vigor aquest dilluns, 12 d&#8217;abril, i estaran vigents fins al diumenge, 25 d&#8217;abril<\/h4>\n\n\n\n<h4 class=\"wp-block-heading\">Es prorroga durant 15 dies m\u00e9s la resta de restriccions, entre elles el tancament perimetral de la Comunitat i la limitaci\u00f3 de la mobilitat nocturna entre les 22.00 i les 6.00 hores<\/h4>\n\n\n\n<h4 class=\"wp-block-heading\">El president de la Generalitat ha presidit la reuni\u00f3 de la Mesa Interdepartamental per a la Prevenci\u00f3 i Actuaci\u00f3 davant la COVID-19<\/h4>\n\n\n\n<p class=\"wp-block-paragraph\">D&#8217;aquesta manera, en l&#8217;\u00e0mbit privat, \u00e9s a dir, dins de les cases, es permetr\u00e0 la reuni\u00f3 de dos grups de convivents. A m\u00e9s, en l&#8217;\u00e0mbit p\u00fablic, s&#8217;amplia de 4 a 6 el nombre m\u00e0xim de persones que es podran reunir. Aix\u00f2 implica que les taules de bars i restaurants tamb\u00e9 podran ser de fins a sis persones i que la pr\u00e0ctica d&#8217;activitats esportives tamb\u00e9 es podr\u00e0 realitzar en grups de fins a sis.<\/p>\n\n\n\n<p class=\"wp-block-paragraph\">A m\u00e9s, s&#8217;introduiran noves mesures parar facilitar les visites a les resid\u00e8ncies de persones majors, amb l&#8217;objectiu d&#8217;adaptar-se a la situaci\u00f3 actual, amb la immunitzaci\u00f3 del 100% de residents i de la pr\u00e0ctica totalitat de professionals sociosanitaris, i la vacunaci\u00f3 tamb\u00e9 d&#8217;al voltant del 95% de majors de 80 anys.<\/p>\n\n\n\n<p class=\"wp-block-paragraph\">Aix\u00ed ho ha indicat el president de la Generalitat en una compareixen\u00e7a davant els mitjans de comunicaci\u00f3, acompanyat de la consellera de Sanitat Universal i Salut P\u00fablica, Ana Barcel\u00f3, despr\u00e9s de la reuni\u00f3 de la Mesa Interdepartamental per a la Prevenci\u00f3 i Actuaci\u00f3 davant la COVID-19, en la qual s&#8217;han analitzat aquestes actuacions.<\/p>\n\n\n\n<p class=\"wp-block-paragraph\">Les noves mesures entraran en vigor aquest dilluns, 12 d&#8217;abril, i estaran vigents fins al diumenge, 25 d&#8217;abril.<\/p>\n\n\n\n<p class=\"wp-block-paragraph\"><strong>Prud\u00e8ncia &#8220;m\u00e0xima&#8221;<\/strong><\/p>\n\n\n\n<p class=\"wp-block-paragraph\">El president ha assenyalat que, des de la perspectiva de &#8220;prud\u00e8ncia m\u00e0xima&#8221; i de consolidaci\u00f3 de l&#8217;estabilitat sanit\u00e0ria, s&#8217;ha acordat prorrogar la resta de mesures en vigor durant altres 15 dies, entre elles el tancament perimetral de la Comunitat i la limitaci\u00f3 de la mobilitat nocturna entre les 22.00 i les 6.00 hores.<\/p>\n\n\n\n<p class=\"wp-block-paragraph\">&#8220;Si les dades actuals es consoliden, podrem avan\u00e7ar en la flexibilitzaci\u00f3&#8221; de mesures actualment vigents, ha indicat Puig, que ha remarcat que &#8220;no hi haur\u00e0 cap restricci\u00f3 un dia m\u00e9s de l&#8217;estrictament necessari&#8221;.<\/p>\n\n\n\n<p class=\"wp-block-paragraph\">El president ha recordat, en aquest context, que el president del Govern, Pedro S\u00e1nchez, ha avan\u00e7at la intenci\u00f3 de no prorrogar l&#8217;estat d&#8217;alarma, que acaba el 9 de maig, i ha precisat que, si aix\u00ed es concreta, abans que decaiga l&#8217;estat d&#8217;alarma al\u00e7ar\u00e0 el perimetratge auton\u00f2mic de la Comunitat Valenciana.<\/p>\n\n\n\n<p class=\"wp-block-paragraph\">Tal com ha especificat Ximo Puig, el pr\u00f2xim 22 d&#8217;abril es tornar\u00e0 a reunir la Mesa Interdepartamental i, fins llavors, la consellera de Sanitat anir\u00e0 mantenint reunions amb els diferents sectors afectats. A m\u00e9s, ha concretat que el 4 de maig es mantindr\u00e0 una nova reuni\u00f3 d&#8217;aquest mateix \u00f2rgan, l&#8217;\u00faltima abans de la fi de l&#8217;estat d&#8217;alarma.<\/p>\n\n\n\n<p class=\"wp-block-paragraph\">El president ha assenyalat que la Generalitat va establir fa 25 dies &#8220;el marc normatiu m\u00e9s cautel\u00f3s&#8221; de les 17 comunitats, i el resultat ha sigut un descens de la circulaci\u00f3 del virus a la meitat i la menor pres\u00e8ncia del SARS-CoV-2 de tota Espanya (5 vegades inferior a la mitjana estatal), unes dades que permeten afirmar que &#8220;no hi ha cap pa\u00eds d&#8217;Europa amb una incid\u00e8ncia menor que la Comunitat Valenciana&#8221;.<\/p>\n\n\n\n<p class=\"wp-block-paragraph\">D&#8217;acord amb aquestes dades, aqueixa millora sanit\u00e0ria ha propiciat que s&#8217;haja redu\u00eft a la meitat el nombre de persones hospitalitzades en tres setmanes i tamb\u00e9 s&#8217;ha manifestat en qu\u00e8, en els \u00faltims 23 dies haja mort, la tercera part de persones que en els 23 dies anteriors.<\/p>\n\n\n\n<p class=\"wp-block-paragraph\">&#8220;En nom\u00e9s dos dies de febrer perd\u00edem a m\u00e9s valencians que en aquestes 3 setmanes&#8221;, ha assenyalat el president, que ha agregat que l&#8217;objectiu era &#8220;salvar vides&#8221;, alguna cosa que s&#8217;est\u00e0 aconseguint &#8220;gr\u00e0cies a l&#8217;esfor\u00e7, la responsabilitat i el sacrifici&#8221; de la ciutadania i al &#8220;treball admirable&#8221; de la plantilla de professionals de la Sanitat.<\/p>\n\n\n\n<p class=\"wp-block-paragraph\"><strong>Importants avan\u00e7os en vacunaci\u00f3<\/strong><\/p>\n\n\n\n<p class=\"wp-block-paragraph\">&#8220;Per fi tenim una situaci\u00f3 de control de la pand\u00e8mia com no ten\u00edem des del principi del passat estiu, i nom\u00e9s puc donar les gr\u00e0cies a la ciutadania, perqu\u00e8 mai hav\u00edem fet res tan important tots junts&#8221;, ha manifestat Puig, que ha destacat els importants avan\u00e7os en vacunaci\u00f3, at\u00e9s que en aquestes tres setmanes s&#8217;ha doblegat el n\u00famero de dosis administrades, fins a aconseguir aquesta setmana el mili\u00f3 de dosis ja posades a la ciutadania valenciana.<\/p>\n\n\n\n<p class=\"wp-block-paragraph\">Ha al\u00b7ludit a m\u00e9s al fet que, en l&#8217;actualitat, s&#8217;ha arribat a les 18,4 dosis per cada 100 habitants, una posici\u00f3 &#8220;millor&#8221; que la de pa\u00efsos de l&#8217;entorn com Fran\u00e7a, Alemanya o el Canad\u00e0, i al fet que la Comunitat \u00e9s la quarta autonomia amb m\u00e9s proporci\u00f3 de vacunes administrades, el 81%.<\/p>\n\n\n\n<p class=\"wp-block-paragraph\">En aquest context, ha subratllat que, encara que la previsi\u00f3 sobre l&#8217;arribada de vacunes que ha anunciat el Govern \u00e9s &#8220;molt esperan\u00e7adora&#8221;, es necessiten m\u00e9s, &#8220;perqu\u00e8 nom\u00e9s la vacunaci\u00f3 universal far\u00e0 possible superar la pand\u00e8mia.&#8221;I la Generalitat -des de la m\u00e0xima lleialtat-, defensar\u00e0 aquesta postura all\u00e0 on siga necessari&#8221;, ha puntualitzat Ximo Puig, per a agregar que aix\u00ed ho ha fet en demanar a Brussel\u00b7les que les patents no retarden la vacunaci\u00f3.<\/p>\n\n\n\n<p class=\"wp-block-paragraph\">&#8220;Aqueix \u00e9s l&#8217;\u00fanic cam\u00ed: una vacunaci\u00f3 segura, eficient, universal i \u00e0gil&#8221;, un objectiu, el de superar la pand\u00e8mia, que s&#8217;ha d&#8217;aconseguir a trav\u00e9s d&#8217;una &#8220;doble via&#8221;, que passa per &#8220;accelerar&#8221; el proc\u00e9s d&#8217;immunitzaci\u00f3 i per actuar amb &#8220;m\u00e0xima prud\u00e8ncia&#8221; i amb &#8220;proporcionalitat&#8221;, per\u00f2 sense &#8220;presses&#8221; ni &#8220;precipitacions&#8221;, at\u00e9s que es desconeix l&#8217;impacte de les festes de Setmana Santa, ha indicat.<\/p>\n\n\n\n<p class=\"wp-block-paragraph\">&#8220;Per als valencians, el pitjor de la pand\u00e8mia ja ha passat, estem eixint del t\u00fanel, i veiem molt m\u00e9s que la llum&#8221;, ha manifestat tamb\u00e9 el cap del Consell, qui ha assegurat que l&#8217;eixida a la crisi &#8220;demana una gesti\u00f3 rigorosa, una unitat social i la m\u00e0xima sensibilitat amb treballadors, aut\u00f2noms i empreses afectades&#8221;.<\/p>\n\n\n\n<p class=\"wp-block-paragraph\">En aquest sentit, ha avan\u00e7at que, dins del Pla Resistir desplegat per la Generalitat, s&#8217;estan tramitant els expedients de 68.000 sol\u00b7licitants i que s&#8217;estima que les ajudes previstes arriben a m\u00e9s del 95%. I tamb\u00e9 ha concretat que les ajudes a aut\u00f2noms i aut\u00f2nomes i a empreses gestionades directament per la Generalitat s&#8217;estima que es paguen entre aquest mes i el de maig.<\/p>\n\n\n\n<p class=\"wp-block-paragraph\">En la reuni\u00f3 de la comissi\u00f3 interdepartamental han participat la vicepresidenta i consellera d&#8217;Igualtat i Pol\u00edtiques Inclusives, M\u00f3nica Oltra; el vicepresident segon i conseller d&#8217;Habitatge i Arquitectura Bioclim\u00e0tica, Rub\u00e9n Mart\u00ednez Dalmau; la consellera de Just\u00edcia, Interior i Administraci\u00f3 P\u00fablica, Gabriela Bravo; el conseller d&#8217;Educaci\u00f3, Cultura i Esport, Vicent Marz\u00e0; la consellera de Sanitat Universal i Salut P\u00fablica, Ana Barcel\u00f3, i els consellers d&#8217;Economia Sostenible, Sectors Productius, Comer\u00e7 i Treball, Rafa Climent, i de Pol\u00edtica Territorial, Obres P\u00fabliques i Mobilitat, Arcadi Espa\u00f1a.<\/p>\n","protected":false},"excerpt":{"rendered":"<div class=\"mh-excerpt\">Es flexibilitzen tamb\u00e9 les condicions per a realitzar visites en les resid\u00e8ncies de persones majors immunitzades Les taules de bars i restaurants tamb\u00e9 podran ser de fins a sis persones i la pr\u00e0ctica d&#8217;activitats esportives <a class=\"mh-excerpt-more\" href=\"https:\/\/tucomarca.whitekongsoftware.com\/ca\/ximo-puig-anuncia-que-podran-realitzar-se-reunions-de-dos-nuclis-de-convivencia-a-les-cases-i-de-fins-a-sis-persones-en-espais-publics\/\" title=\"Ximo Puig anuncia que podran realitzar-se reunions de dos nuclis de conviv\u00e8ncia a les cases i de fins a sis persones en espais p\u00fablics\">[+] <\/a><\/div>\n","protected":false},"author":12,"featured_media":126218,"comment_status":"open","ping_status":"open","sticky":false,"template":"","format":"standard","meta":{"footnotes":""},"categories":[10890,10951,11010,12202,11046,10898,10948,10894,10904,10947,10896,10897],"tags":[11939,11940,14328,11498,14329,11073],"class_list":["post-130462","post","type-post","status-publish","format-standard","has-post-thumbnail","category-ademus","category-ayora-cofrentes-ca","category-canal-salud","category-covid-19-ca","category-los-serranos-ca","category-ventana-ca","category-infraestructuras-ca","category-la-comarca-ca","category-sin-categorizar-ca","category-politica","category-seccion-ca","category-sucesos-la-comarca-ca","tag-coronavirus-ca","tag-covid-19-ca","tag-flexibilizacion-ca","tag-generalitat-valenciana-ca","tag-restricciones-ca","tag-ximo-puig-ca"],"_links":{"self":[{"href":"https:\/\/tucomarca.whitekongsoftware.com\/ca\/wp-json\/wp\/v2\/posts\/130462","targetHints":{"allow":["GET"]}}],"collection":[{"href":"https:\/\/tucomarca.whitekongsoftware.com\/ca\/wp-json\/wp\/v2\/posts"}],"about":[{"href":"https:\/\/tucomarca.whitekongsoftware.com\/ca\/wp-json\/wp\/v2\/types\/post"}],"author":[{"embeddable":true,"href":"https:\/\/tucomarca.whitekongsoftware.com\/ca\/wp-json\/wp\/v2\/users\/12"}],"replies":[{"embeddable":true,"href":"https:\/\/tucomarca.whitekongsoftware.com\/ca\/wp-json\/wp\/v2\/comments?post=130462"}],"version-history":[{"count":0,"href":"https:\/\/tucomarca.whitekongsoftware.com\/ca\/wp-json\/wp\/v2\/posts\/130462\/revisions"}],"wp:featuredmedia":[{"embeddable":true,"href":"https:\/\/tucomarca.whitekongsoftware.com\/ca\/wp-json\/wp\/v2\/media\/126218"}],"wp:attachment":[{"href":"https:\/\/tucomarca.whitekongsoftware.com\/ca\/wp-json\/wp\/v2\/media?parent=130462"}],"wp:term":[{"taxonomy":"category","embeddable":true,"href":"https:\/\/tucomarca.whitekongsoftware.com\/ca\/wp-json\/wp\/v2\/categories?post=130462"},{"taxonomy":"post_tag","embeddable":true,"href":"https:\/\/tucomarca.whitekongsoftware.com\/ca\/wp-json\/wp\/v2\/tags?post=130462"}],"curies":[{"name":"wp","href":"https:\/\/api.w.org\/{rel}","templated":true}]}}