{"id":130458,"date":"2021-04-08T15:00:00","date_gmt":"2021-04-08T14:00:00","guid":{"rendered":"http:\/\/www.tucomarca.com\/wordpress\/segunda\/?p=130458"},"modified":"2021-04-08T23:15:49","modified_gmt":"2021-04-08T22:15:49","slug":"sanitat-registra-311-casos-nous-de-coronavirus-i-178-altes-en-la-comunitat-valenciana","status":"publish","type":"post","link":"https:\/\/tucomarca.whitekongsoftware.com\/ca\/sanitat-registra-311-casos-nous-de-coronavirus-i-178-altes-en-la-comunitat-valenciana\/","title":{"rendered":"Sanitat registra 311 casos nous de coronavirus i 178 altes en la Comunitat Valenciana"},"content":{"rendered":"\n<h4 class=\"wp-block-heading\">Per prov\u00edncies: 32 a Castell\u00f3, 71 a Alacant i 208 a Val\u00e8ncia<\/h4>\n\n\n\n<p class=\"wp-block-paragraph\">La Comunitat Valenciana ha administrat un total de 995.408 dosi de la vacuna contra el coronavirus. Per prov\u00edncies, 117.743 a Castell\u00f3, 353.399 a Alacant i 524.266 a Val\u00e8ncia. Han rebut les dues dosis 278.710 persones.<\/p>\n\n\n\n<p class=\"wp-block-paragraph\">A m\u00e9s, s&#8217;han notificat 311 casos nous de coronavirus confirmats per prova PCR o a trav\u00e9s de test d&#8217;ant\u00edgens des de l&#8217;\u00faltima actualitzaci\u00f3, que situen la xifra total de positius en 386.772 persones. La prov\u00edncia de Castell\u00f3 ha registrat 32 casos nous, per la qual cosa el total de casos a la prov\u00edncia ascendeix a 39.560. Alacant, per part seua, suma 71 casos (145.318 en total) i la prov\u00edncia de Val\u00e8ncia 208 nous casos (201.893 en total). Continua havent-hi un cas sense assignar.<\/p>\n\n\n\n<p class=\"wp-block-paragraph\">Des de l&#8217;\u00faltima actualitzaci\u00f3 s&#8217;han registrat 178 altes a pacients amb coronavirus. D&#8217;aquesta manera, ja s\u00f3n 387.516 persones en la Comunitat Valenciana les que han superat la malaltia des que va comen\u00e7ar la pand\u00e8mia. Per prov\u00edncies, les altes es distribueixen de la seg\u00fcent manera: 39.948 a Castell\u00f3, 145.134 a Alacant i 202.379 a Val\u00e8ncia, a m\u00e9s de 55 no assignades.<\/p>\n\n\n\n<p class=\"wp-block-paragraph\">Els hospitals valencians tenen, actualment, 379 persones ingressades: 23 a la prov\u00edncia de Castell\u00f3, amb 8 pacients en UCI; 171 a la prov\u00edncia d&#8217;Alacant, 34 d&#8217;ells en l&#8217;UCI; i 185 a la prov\u00edncia de Val\u00e8ncia, 34 d&#8217;ells en UCI.<\/p>\n\n\n\n<p class=\"wp-block-paragraph\">A m\u00e9s, s&#8217;han registrat 6 defuncions per coronavirus des de l&#8217;\u00faltima actualitzaci\u00f3, per la qual cosa el total de defuncions des de l&#8217;inici de la pand\u00e8mia \u00e9s de 7.203: 785 a la prov\u00edncia de Castell\u00f3, 2.741 en la d&#8217;Alacant i 3.677 en la de Val\u00e8ncia.<\/p>\n\n\n\n<p class=\"wp-block-paragraph\">D&#8217;acord amb les dades registrades, en aquests moments hi ha 3.522 casos actius, la qual cosa suposa un 0,88% del total de positius.<\/p>\n\n\n\n<p class=\"wp-block-paragraph\"><strong>Actualitzaci\u00f3 de la situaci\u00f3 en resid\u00e8ncies<\/strong><\/p>\n\n\n\n<p class=\"wp-block-paragraph\">Des de l&#8217;\u00faltima actualitzaci\u00f3, els casos positius en resid\u00e8ncies de majors es mantenen en 6 (2 a la prov\u00edncia d&#8217;Alacant i 4 a la prov\u00edncia de Val\u00e8ncia).<\/p>\n\n\n\n<ul class=\"wp-block-list\"><li>Residents nous positius: 4<\/li><li>Treballadors i treballadores nous positius: 2<\/li><li>Residents que han mort: 2<\/li><\/ul>\n\n\n\n<p class=\"wp-block-paragraph\">Actualment, es troben sota vigil\u00e0ncia activa de control sanitari 2 resid\u00e8ncies en la Comunitat Valenciana: 1 a la prov\u00edncia d&#8217;Alacant i 1 a la prov\u00edncia de Val\u00e8ncia.<\/p>\n\n\n\n<p class=\"wp-block-paragraph\"><strong>Actualitzaci\u00f3 brolles de coronavirus<\/strong><\/p>\n\n\n\n<p class=\"wp-block-paragraph\">S&#8217;han registrat 10 nous brots des de l&#8217;\u00faltima actualitzaci\u00f3:<\/p>\n\n\n\n<ul class=\"wp-block-list\"><li>Benissoda: 4 casos. Origen social<\/li><li>Val\u00e8ncia: 6 casos. Origen social<\/li><li>Val\u00e8ncia: 4 casos. Origen social<\/li><li>Alicante: 5 casos. Origen social<\/li><li>La Vall d&#8217;Uix\u00f3: 7 casos. Origen social<\/li><li>Val\u00e8ncia: 3 casos. Origen social<\/li><li>Alicante: 5 casos. Origen social<\/li><li>Paiporta: 6 casos. Origen social<\/li><li>N\u00e0quera: 3 casos. Origen social<\/li><li>Val\u00e8ncia: 6 casos. Origen social<\/li><\/ul>\n","protected":false},"excerpt":{"rendered":"<div class=\"mh-excerpt\">Per prov\u00edncies: 32 a Castell\u00f3, 71 a Alacant i 208 a Val\u00e8ncia La Comunitat Valenciana ha administrat un total de 995.408 dosi de la vacuna contra el coronavirus. Per prov\u00edncies, 117.743 a Castell\u00f3, 353.399 a <a class=\"mh-excerpt-more\" href=\"https:\/\/tucomarca.whitekongsoftware.com\/ca\/sanitat-registra-311-casos-nous-de-coronavirus-i-178-altes-en-la-comunitat-valenciana\/\" title=\"Sanitat registra 311 casos nous de coronavirus i 178 altes en la Comunitat Valenciana\">[+] <\/a><\/div>\n","protected":false},"author":12,"featured_media":130457,"comment_status":"open","ping_status":"open","sticky":false,"template":"","format":"standard","meta":{"footnotes":""},"categories":[11010,12202,10898,10948,10894,10904,10903,10947,10896],"tags":[12165,11939,11940,13477],"class_list":["post-130458","post","type-post","status-publish","format-standard","has-post-thumbnail","category-canal-salud","category-covid-19-ca","category-ventana-ca","category-infraestructuras-ca","category-la-comarca-ca","category-sin-categorizar-ca","category-medio-ambiente-la-comarca-ca","category-politica","category-seccion-ca","tag-conselleria-de-sanitat-ca","tag-coronavirus-ca","tag-covid-19-ca","tag-datos-de-contagios-ca"],"_links":{"self":[{"href":"https:\/\/tucomarca.whitekongsoftware.com\/ca\/wp-json\/wp\/v2\/posts\/130458","targetHints":{"allow":["GET"]}}],"collection":[{"href":"https:\/\/tucomarca.whitekongsoftware.com\/ca\/wp-json\/wp\/v2\/posts"}],"about":[{"href":"https:\/\/tucomarca.whitekongsoftware.com\/ca\/wp-json\/wp\/v2\/types\/post"}],"author":[{"embeddable":true,"href":"https:\/\/tucomarca.whitekongsoftware.com\/ca\/wp-json\/wp\/v2\/users\/12"}],"replies":[{"embeddable":true,"href":"https:\/\/tucomarca.whitekongsoftware.com\/ca\/wp-json\/wp\/v2\/comments?post=130458"}],"version-history":[{"count":0,"href":"https:\/\/tucomarca.whitekongsoftware.com\/ca\/wp-json\/wp\/v2\/posts\/130458\/revisions"}],"wp:featuredmedia":[{"embeddable":true,"href":"https:\/\/tucomarca.whitekongsoftware.com\/ca\/wp-json\/wp\/v2\/media\/130457"}],"wp:attachment":[{"href":"https:\/\/tucomarca.whitekongsoftware.com\/ca\/wp-json\/wp\/v2\/media?parent=130458"}],"wp:term":[{"taxonomy":"category","embeddable":true,"href":"https:\/\/tucomarca.whitekongsoftware.com\/ca\/wp-json\/wp\/v2\/categories?post=130458"},{"taxonomy":"post_tag","embeddable":true,"href":"https:\/\/tucomarca.whitekongsoftware.com\/ca\/wp-json\/wp\/v2\/tags?post=130458"}],"curies":[{"name":"wp","href":"https:\/\/api.w.org\/{rel}","templated":true}]}}