{"id":130418,"date":"2021-04-07T20:00:00","date_gmt":"2021-04-07T19:00:00","guid":{"rendered":"http:\/\/www.tucomarca.com\/wordpress\/segunda\/?p=130418"},"modified":"2021-04-07T21:11:18","modified_gmt":"2021-04-07T20:11:18","slug":"sant-antoni-de-benaixeve-organitza-un-taller-de-creacio-de-podcast-i-radio-digital-en-linia","status":"publish","type":"post","link":"https:\/\/tucomarca.whitekongsoftware.com\/ca\/sant-antoni-de-benaixeve-organitza-un-taller-de-creacio-de-podcast-i-radio-digital-en-linia\/","title":{"rendered":"Sant Antoni de Benaixeve organitza un Taller de creaci\u00f3 de podcast i r\u00e0dio digital en l\u00ednia"},"content":{"rendered":"\n<h4 class=\"wp-block-heading\"><strong>El taller est\u00e0 dirigit a joves d\u2019entre 16 i 18 anys<\/strong><\/h4>\n\n\n\n<h4 class=\"wp-block-heading\"><strong>El termini d\u2019inscripci\u00f3 queda obert des de hui fins el 14 d\u2019abril<\/strong><\/h4>\n\n\n\n<p class=\"wp-block-paragraph\">La Regidoria d&#8217;Educaci\u00f3 de l&#8217;Ajuntament de Sant Antoni de Benaixeve posa en marxa una nova edici\u00f3 del Taller de creaci\u00f3 de <em>podcast<\/em> i r\u00e0dio digital dirigit a joves d&#8217;entre 16 i 18 anys.<\/p>\n\n\n\n<p class=\"wp-block-paragraph\">El taller s&#8217;impartir\u00e0 en l\u00ednia els divendres 16, 23 i 30 d&#8217;abril, de 18.00h a 18.40h. A trav\u00e9s d&#8217;aquest curs gratu\u00eft els participants podran aprendre t\u00e8cniques i eines que els permetran desenvolupar la seua creativitat en diferents \u00e0mbits: a nivell professional, els joves que es dediquen a la comunicaci\u00f3 i a la creaci\u00f3 de continguts digitals (Youtube, Twitch, xarxes socials) poden complementar la seua activitat amb la creaci\u00f3 de podcast; a nivell art\u00edstic, poden compartir la seua m\u00fasica o les seues creacions a trav\u00e9s de programes de r\u00e0dio digital; a nivell educatiu, poden utilitzar estes eines per a fer treballs, projectes o tamb\u00e9 complementar les seues t\u00e8cniques d&#8217;estudi, etc.<\/p>\n\n\n\n<p class=\"wp-block-paragraph\">El taller ser\u00e0 triling\u00fce (castell\u00e0, valenci\u00e0 i angl\u00e9s) i en ell es mostrar\u00e0 la t\u00e8cnica d&#8217;elaboraci\u00f3 de podcast, creaci\u00f3 de continguts, edici\u00f3 de veus, t\u00e8cniques d&#8217;enregistrament i creaci\u00f3. Els requisits t\u00e8cnics s\u00f3n tindre descarregats els programes gratu\u00efts Audacity i Openshot (veure enlla\u00e7os a continuaci\u00f3).<\/p>\n\n\n\n<p class=\"wp-block-paragraph\">El termini d&#8217;inscripci\u00f3 queda obert des de hui, 6 d&#8217;abril, fins al pr\u00f2xim 14 d&#8217;abril, a trav\u00e9s del seg\u00fcent formulari: https:\/\/forms.gle\/3Lg5dNp95BjjwmH4A<\/p>\n\n\n\n<p class=\"wp-block-paragraph\">Enlla\u00e7os:<\/p>\n\n\n\n<p class=\"wp-block-paragraph\">Audacity: <a href=\"https:\/\/audacity.es\/\">https:\/\/audacity.es\/<\/a><br>Openshot: <a href=\"https:\/\/www.softcatala.org\/programes\/openshot\/\">https:\/\/www.softcatala.org\/programes\/openshot\/<\/a><\/p>\n","protected":false},"excerpt":{"rendered":"<div class=\"mh-excerpt\">El taller est\u00e0 dirigit a joves d\u2019entre 16 i 18 anys El termini d\u2019inscripci\u00f3 queda obert des de hui fins el 14 d\u2019abril La Regidoria d&#8217;Educaci\u00f3 de l&#8217;Ajuntament de Sant Antoni de Benaixeve posa en <a class=\"mh-excerpt-more\" href=\"https:\/\/tucomarca.whitekongsoftware.com\/ca\/sant-antoni-de-benaixeve-organitza-un-taller-de-creacio-de-podcast-i-radio-digital-en-linia\/\" title=\"Sant Antoni de Benaixeve organitza un Taller de creaci\u00f3 de podcast i r\u00e0dio digital en l\u00ednia\">[+] <\/a><\/div>\n","protected":false},"author":12,"featured_media":130417,"comment_status":"open","ping_status":"open","sticky":false,"template":"","format":"standard","meta":{"footnotes":""},"categories":[10892,10948,10894,10947,10934,10896],"tags":[10899,11147],"class_list":["post-130418","post","type-post","status-publish","format-standard","has-post-thumbnail","category-camp-de-turia-ca","category-infraestructuras-ca","category-la-comarca-ca","category-politica","category-san-antonio-de-benageber-ca","category-seccion-ca","tag-camp-de-turia-ca","tag-san-antoni-de-benageber"],"_links":{"self":[{"href":"https:\/\/tucomarca.whitekongsoftware.com\/ca\/wp-json\/wp\/v2\/posts\/130418","targetHints":{"allow":["GET"]}}],"collection":[{"href":"https:\/\/tucomarca.whitekongsoftware.com\/ca\/wp-json\/wp\/v2\/posts"}],"about":[{"href":"https:\/\/tucomarca.whitekongsoftware.com\/ca\/wp-json\/wp\/v2\/types\/post"}],"author":[{"embeddable":true,"href":"https:\/\/tucomarca.whitekongsoftware.com\/ca\/wp-json\/wp\/v2\/users\/12"}],"replies":[{"embeddable":true,"href":"https:\/\/tucomarca.whitekongsoftware.com\/ca\/wp-json\/wp\/v2\/comments?post=130418"}],"version-history":[{"count":0,"href":"https:\/\/tucomarca.whitekongsoftware.com\/ca\/wp-json\/wp\/v2\/posts\/130418\/revisions"}],"wp:featuredmedia":[{"embeddable":true,"href":"https:\/\/tucomarca.whitekongsoftware.com\/ca\/wp-json\/wp\/v2\/media\/130417"}],"wp:attachment":[{"href":"https:\/\/tucomarca.whitekongsoftware.com\/ca\/wp-json\/wp\/v2\/media?parent=130418"}],"wp:term":[{"taxonomy":"category","embeddable":true,"href":"https:\/\/tucomarca.whitekongsoftware.com\/ca\/wp-json\/wp\/v2\/categories?post=130418"},{"taxonomy":"post_tag","embeddable":true,"href":"https:\/\/tucomarca.whitekongsoftware.com\/ca\/wp-json\/wp\/v2\/tags?post=130418"}],"curies":[{"name":"wp","href":"https:\/\/api.w.org\/{rel}","templated":true}]}}