{"id":130361,"date":"2021-04-07T10:00:00","date_gmt":"2021-04-07T09:00:00","guid":{"rendered":"http:\/\/www.tucomarca.com\/wordpress\/segunda\/?p=130361"},"modified":"2021-04-07T19:27:12","modified_gmt":"2021-04-07T18:27:12","slug":"el-departament-de-salut-de-manises-ofereix-les-claus-per-a-garantir-la-salut-en-pandemia","status":"publish","type":"post","link":"https:\/\/tucomarca.whitekongsoftware.com\/ca\/el-departament-de-salut-de-manises-ofereix-les-claus-per-a-garantir-la-salut-en-pandemia\/","title":{"rendered":"El Departament de Salut de Manises ofereix les claus per a garantir la salut en pand\u00e8mia"},"content":{"rendered":"\n<h4 class=\"wp-block-heading\">Les doctores Sofia Bauer i Alicia Ventura, coordinadores m\u00e8diques dels centres de salut de Quart i Tur\u00eds, explicaran mitjan\u00e7ant una xarrada en l\u00ednia qu\u00e8 \u00e9s l&#8217;important en la cura de la salut tant en la poblaci\u00f3 adulta com en els xiquets&nbsp;<\/h4>\n\n\n\n<h4 class=\"wp-block-heading\">A m\u00e9s, les coordinadores del Centre de Salut d&#8217;Aldaia, la Dra. Lerma i Sonia Sena, impartiran una sessi\u00f3 informativa en l\u00ednia sobre la vacunaci\u00f3 contra la Covid-19<\/h4>\n\n\n\n<h4 class=\"wp-block-heading\">Totes dues sessions s&#8217;emmarquen en la setmana de la Salut, la qual ha adquirit una vital import\u00e0ncia en els \u00faltims mesos a causa de la crisi sanit\u00e0ria en la qual ens trobem<\/h4>\n\n\n\n<p class=\"wp-block-paragraph\">En el segon any consecutiu en el qual celebrem el Dia Mundial de la Salut enmig de la pand\u00e8mia del Covid-19, el Departament de Salut de Manises celebrar\u00e0 dues sessions digitals en les quals diverses professionals impartiran xarrades destinades a promoure la salut de la poblaci\u00f3. En la primera d&#8217;elles, les doctores Sofia Bauer i Alicia Ventura, coordinadores m\u00e8diques dels centres de salut de Quart i Tur\u00eds, explicaran el pr\u00f2xim dia 13 d&#8217;abril les principals claus perqu\u00e8 tant xiquets com adults puguen gaudir de bona salut en temps de pand\u00e8mia.<\/p>\n\n\n\n<p class=\"wp-block-paragraph\">En aquesta sessi\u00f3 es parlar\u00e0 de com tractar amb els m\u00e9s xicotets els temes relacionats amb pand\u00e8mia sense portar-los a equivocaci\u00f3, com educar-los en h\u00e0bits saludables en la nova normalitat en la qual ens trobem i com manejar l&#8217;estr\u00e9s davant situacions desconegudes per a ells. Entre el contingut que podr\u00e0 escoltar-se quant a la salut dels adults i els m\u00e9s majors, \u201ces podr\u00e0 aprendre m\u00e9s sobre la import\u00e0ncia de les mesures de seguretat, quins h\u00e0bits saludables ajuden a previndre altres malalties a les quals ens veiem exposats i en quina mesura afecta l&#8217;alimentaci\u00f3 i l&#8217;esport en el nostre benestar\u201d, explica la Dra. Bauer.<\/p>\n\n\n\n<p class=\"wp-block-paragraph\">A m\u00e9s, durant aquesta setmana destinada a la promoci\u00f3 de la salut, les coordinadores m\u00e8diques i d&#8217;infermeria del centre de salut d&#8217;Aldaia, la Dra. Lerma i Sonia Sena, impartiran la segona sessi\u00f3 digital per a informar de les q\u00fcestions relatives a la vacunaci\u00f3 en els diferents sectors de la poblaci\u00f3. Aquesta iniciativa es realitzar\u00e0 en col\u00b7laboraci\u00f3 amb l&#8217;Ajuntament de la localitat i amb Salut P\u00fablica. \u201c\u00c9s important tindre les dades t\u00e8cniques referents a la vacunaci\u00f3 contra el Covid-19 per a tranquil\u00b7litzar i mantindre informada a la poblaci\u00f3 protegida del nostre Departament\u201d, explica Sonia Sena. Totes dues sessions seran retransmeses telem\u00e0ticament i per a accedir a elles ser\u00e0 imprescindible la pr\u00e8via subscripci\u00f3.<\/p>\n","protected":false},"excerpt":{"rendered":"<div class=\"mh-excerpt\">Les doctores Sofia Bauer i Alicia Ventura, coordinadores m\u00e8diques dels centres de salut de Quart i Tur\u00eds, explicaran mitjan\u00e7ant una xarrada en l\u00ednia qu\u00e8 \u00e9s l&#8217;important en la cura de la salut tant en la <a class=\"mh-excerpt-more\" href=\"https:\/\/tucomarca.whitekongsoftware.com\/ca\/el-departament-de-salut-de-manises-ofereix-les-claus-per-a-garantir-la-salut-en-pandemia\/\" title=\"El Departament de Salut de Manises ofereix les claus per a garantir la salut en pand\u00e8mia\">[+] <\/a><\/div>\n","protected":false},"author":12,"featured_media":130360,"comment_status":"open","ping_status":"open","sticky":false,"template":"","format":"standard","meta":{"footnotes":""},"categories":[10973,10911,10892,11010,12202,10898,10977,10980,10894,10912,10902,10931,10978,10906,10896,11047,10974,10975],"tags":[14309,14310,11092,11093],"class_list":["post-130361","post","type-post","status-publish","format-standard","has-post-thumbnail","category-alborache-ca","category-bunol-ca","category-camp-de-turia-ca","category-canal-salud","category-covid-19-ca","category-ventana-ca","category-godelleta-ca","category-yatova-ca","category-la-comarca-ca","category-la-hoya-ca","category-la-ribera-ca","category-loriguilla-ca","category-macastre-ca","category-riba-roja-ca","category-seccion-ca","category-turis-ca","category-cheste-ca","category-chiva-ca","tag-centro-de-salud-de-aldaia-ca","tag-dia-mundial-de-la-salud-ca","tag-hospital-de-manises-ca","tag-turis-ca"],"_links":{"self":[{"href":"https:\/\/tucomarca.whitekongsoftware.com\/ca\/wp-json\/wp\/v2\/posts\/130361","targetHints":{"allow":["GET"]}}],"collection":[{"href":"https:\/\/tucomarca.whitekongsoftware.com\/ca\/wp-json\/wp\/v2\/posts"}],"about":[{"href":"https:\/\/tucomarca.whitekongsoftware.com\/ca\/wp-json\/wp\/v2\/types\/post"}],"author":[{"embeddable":true,"href":"https:\/\/tucomarca.whitekongsoftware.com\/ca\/wp-json\/wp\/v2\/users\/12"}],"replies":[{"embeddable":true,"href":"https:\/\/tucomarca.whitekongsoftware.com\/ca\/wp-json\/wp\/v2\/comments?post=130361"}],"version-history":[{"count":0,"href":"https:\/\/tucomarca.whitekongsoftware.com\/ca\/wp-json\/wp\/v2\/posts\/130361\/revisions"}],"wp:featuredmedia":[{"embeddable":true,"href":"https:\/\/tucomarca.whitekongsoftware.com\/ca\/wp-json\/wp\/v2\/media\/130360"}],"wp:attachment":[{"href":"https:\/\/tucomarca.whitekongsoftware.com\/ca\/wp-json\/wp\/v2\/media?parent=130361"}],"wp:term":[{"taxonomy":"category","embeddable":true,"href":"https:\/\/tucomarca.whitekongsoftware.com\/ca\/wp-json\/wp\/v2\/categories?post=130361"},{"taxonomy":"post_tag","embeddable":true,"href":"https:\/\/tucomarca.whitekongsoftware.com\/ca\/wp-json\/wp\/v2\/tags?post=130361"}],"curies":[{"name":"wp","href":"https:\/\/api.w.org\/{rel}","templated":true}]}}