{"id":130337,"date":"2021-04-06T15:00:00","date_gmt":"2021-04-06T14:00:00","guid":{"rendered":"http:\/\/www.tucomarca.com\/wordpress\/segunda\/?p=130337"},"modified":"2021-04-07T10:29:18","modified_gmt":"2021-04-07T09:29:18","slug":"sanitat-registra-316-altes-43-nous-casos-de-coronavirus-i-5-defuncions-en-la-comunitat-valenciana","status":"publish","type":"post","link":"https:\/\/tucomarca.whitekongsoftware.com\/ca\/sanitat-registra-316-altes-43-nous-casos-de-coronavirus-i-5-defuncions-en-la-comunitat-valenciana\/","title":{"rendered":"Sanitat registra 316 altes, 43 nous casos de coronavirus i 5 defuncions en la Comunitat Valenciana"},"content":{"rendered":"\n<h4 class=\"wp-block-heading\">Per prov\u00edncies: Castell\u00f3 no registra cap cas, la prov\u00edncia d&#8217;Alacant suma 25 i la de Val\u00e8ncia 18 nous casos<\/h4>\n\n\n\n<p class=\"wp-block-paragraph\">La Comunitat Valenciana ha administrat un total de 873.694 dosi de la vacuna contra el coronavirus. Per prov\u00edncies, 103.895 a Castell\u00f3, 308.638 a Alacant i 461.161 a Val\u00e8ncia. Han rebut les dues dosis 263.535 persones.<\/p>\n\n\n\n<p class=\"wp-block-paragraph\">A m\u00e9s, s&#8217;han notificat 43 casos nous de coronavirus confirmats per prova PCR o a trav\u00e9s de test d&#8217;ant\u00edgens des de l&#8217;\u00faltima actualitzaci\u00f3, que situen la xifra total de positius en 386.312 persones. La prov\u00edncia de Castell\u00f3 no ha registrat cap cas nou, per la qual cosa es mant\u00e9 en 39.517 casos. Alacant, per part seua, suma 25 (145.196 en total) i la de Val\u00e8ncia 18 nous casos (201.598 en total). Continua havent-hi un cas sense assignar.<\/p>\n\n\n\n<p class=\"wp-block-paragraph\">Des de l&#8217;\u00faltima actualitzaci\u00f3 s&#8217;han registrat 316 altes a pacients amb coronavirus. D&#8217;aquesta manera, ja s\u00f3n 387.175 persones en la Comunitat Valenciana les que han superat la malaltia des que va comen\u00e7ar la pand\u00e8mia. Per prov\u00edncies, les altes es distribueixen de la seg\u00fcent manera: 39.916 a Castell\u00f3, 145.017 a Alacant i 202.187 a Val\u00e8ncia, a m\u00e9s de 55 no assignades.<\/p>\n\n\n\n<p class=\"wp-block-paragraph\">Els hospitals valencians tenen, actualment, 406 persones ingressades: 28 a la prov\u00edncia de Castell\u00f3, amb 8 pacients en UCI; 186 a la prov\u00edncia d&#8217;Alacant, 35 d&#8217;ells en l&#8217;UCI; i 192 a la prov\u00edncia de Val\u00e8ncia, 40 d&#8217;ells en UCI.<\/p>\n\n\n\n<p class=\"wp-block-paragraph\">A m\u00e9s, s&#8217;han registrat 5 defuncions per coronavirus des de l&#8217;\u00faltima actualitzaci\u00f3, per la qual cosa el total de defuncions des de l&#8217;inici de la pand\u00e8mia \u00e9s de 7.182: 780 a la prov\u00edncia de Castell\u00f3, 2.729 en la d&#8217;Alacant i 3.673 en la de Val\u00e8ncia.<\/p>\n\n\n\n<p class=\"wp-block-paragraph\">D&#8217;acord amb les dades registrades, en aquests moments hi ha 3.424 casos actius, la qual cosa suposa un 0.86% del total de positius.<\/p>\n\n\n\n<p class=\"wp-block-paragraph\"><strong>Actualitzaci\u00f3 de la situaci\u00f3 en resid\u00e8ncies<\/strong><\/p>\n\n\n\n<p class=\"wp-block-paragraph\">Des de l&#8217;\u00faltima actualitzaci\u00f3, els casos positius en resid\u00e8ncies de majors es mantenen en 6 (2 a la prov\u00edncia d&#8217;Alacant i 4 a la prov\u00edncia de Val\u00e8ncia).<\/p>\n\n\n\n<ul class=\"wp-block-list\"><li>Residents nous positius: 0<\/li><li>Treballadors i treballadores nous positius: 1<\/li><li>Residents que han mort: 0<\/li><\/ul>\n\n\n\n<p class=\"wp-block-paragraph\">Actualment, es troben sota vigil\u00e0ncia activa de control sanitari 2 resid\u00e8ncies en la Comunitat Valenciana: 1 a la prov\u00edncia d&#8217;Alacant i 1 a la prov\u00edncia de Val\u00e8ncia.<\/p>\n\n\n\n<p class=\"wp-block-paragraph\"><strong>Actualitzaci\u00f3 brolles de coronavirus<\/strong><\/p>\n\n\n\n<p class=\"wp-block-paragraph\">S&#8217;han registrat 8 nous brots des de l&#8217;\u00faltima actualitzaci\u00f3:<\/p>\n\n\n\n<ul class=\"wp-block-list\"><li>Foios: 3 casos. Origen laboral<\/li><li>Concentaina: 5 casos. Origen social<\/li><li>Betx\u00ed: 5 casos. Origen social<\/li><li>Callosa d&#8217;en Sarri\u00e0: 8 casos. Origen social<\/li><li>Vinar\u00f2s: 4 casos. Origen social<\/li><li>Vinar\u00f2s: 15 casos. Origen social<\/li><li>Val\u00e8ncia: 3 casos. Origen social<\/li><li>Val\u00e8ncia: 3 casos. Origen social<\/li><\/ul>\n\n\n\n<p class=\"wp-block-paragraph\"><\/p>\n","protected":false},"excerpt":{"rendered":"<div class=\"mh-excerpt\">Per prov\u00edncies: Castell\u00f3 no registra cap cas, la prov\u00edncia d&#8217;Alacant suma 25 i la de Val\u00e8ncia 18 nous casos La Comunitat Valenciana ha administrat un total de 873.694 dosi de la vacuna contra el coronavirus. <a class=\"mh-excerpt-more\" href=\"https:\/\/tucomarca.whitekongsoftware.com\/ca\/sanitat-registra-316-altes-43-nous-casos-de-coronavirus-i-5-defuncions-en-la-comunitat-valenciana\/\" title=\"Sanitat registra 316 altes, 43 nous casos de coronavirus i 5 defuncions en la Comunitat Valenciana\">[+] <\/a><\/div>\n","protected":false},"author":12,"featured_media":130334,"comment_status":"open","ping_status":"open","sticky":false,"template":"","format":"standard","meta":{"footnotes":""},"categories":[11010,12202,10898,10894,10904,10947,10896,10897],"tags":[12165,11939,11940,13477,13963],"class_list":["post-130337","post","type-post","status-publish","format-standard","has-post-thumbnail","category-canal-salud","category-covid-19-ca","category-ventana-ca","category-la-comarca-ca","category-sin-categorizar-ca","category-politica","category-seccion-ca","category-sucesos-la-comarca-ca","tag-conselleria-de-sanitat-ca","tag-coronavirus-ca","tag-covid-19-ca","tag-datos-de-contagios-ca","tag-vacunacion-ca"],"_links":{"self":[{"href":"https:\/\/tucomarca.whitekongsoftware.com\/ca\/wp-json\/wp\/v2\/posts\/130337","targetHints":{"allow":["GET"]}}],"collection":[{"href":"https:\/\/tucomarca.whitekongsoftware.com\/ca\/wp-json\/wp\/v2\/posts"}],"about":[{"href":"https:\/\/tucomarca.whitekongsoftware.com\/ca\/wp-json\/wp\/v2\/types\/post"}],"author":[{"embeddable":true,"href":"https:\/\/tucomarca.whitekongsoftware.com\/ca\/wp-json\/wp\/v2\/users\/12"}],"replies":[{"embeddable":true,"href":"https:\/\/tucomarca.whitekongsoftware.com\/ca\/wp-json\/wp\/v2\/comments?post=130337"}],"version-history":[{"count":0,"href":"https:\/\/tucomarca.whitekongsoftware.com\/ca\/wp-json\/wp\/v2\/posts\/130337\/revisions"}],"wp:featuredmedia":[{"embeddable":true,"href":"https:\/\/tucomarca.whitekongsoftware.com\/ca\/wp-json\/wp\/v2\/media\/130334"}],"wp:attachment":[{"href":"https:\/\/tucomarca.whitekongsoftware.com\/ca\/wp-json\/wp\/v2\/media?parent=130337"}],"wp:term":[{"taxonomy":"category","embeddable":true,"href":"https:\/\/tucomarca.whitekongsoftware.com\/ca\/wp-json\/wp\/v2\/categories?post=130337"},{"taxonomy":"post_tag","embeddable":true,"href":"https:\/\/tucomarca.whitekongsoftware.com\/ca\/wp-json\/wp\/v2\/tags?post=130337"}],"curies":[{"name":"wp","href":"https:\/\/api.w.org\/{rel}","templated":true}]}}