{"id":130299,"date":"2021-04-06T09:00:00","date_gmt":"2021-04-06T08:00:00","guid":{"rendered":"http:\/\/www.tucomarca.com\/wordpress\/segunda\/?p=130299"},"modified":"2021-04-07T10:17:59","modified_gmt":"2021-04-07T09:17:59","slug":"larea-de-comerc-i-impuls-local-de-sant-antoni-de-benaixeve-organitza-tallers-formatius-sobre-comerc-i-emprenedoria","status":"publish","type":"post","link":"https:\/\/tucomarca.whitekongsoftware.com\/ca\/larea-de-comerc-i-impuls-local-de-sant-antoni-de-benaixeve-organitza-tallers-formatius-sobre-comerc-i-emprenedoria\/","title":{"rendered":"L&#8217;\u00e0rea de Comer\u00e7 i Impuls Local de Sant Antoni de Benaixeve organitza tallers formatius sobre comer\u00e7 i emprenedoria"},"content":{"rendered":"\n<h4 class=\"wp-block-heading\"><strong>El cicle \u201cDe comer\u00e7 i emprenedoria va el joc\u201d es desenvolupar\u00e0 en l\u00ednia al llarg del 2021<\/strong><\/h4>\n\n\n\n<p class=\"wp-block-paragraph\">La regidoria de Comer\u00e7 i Impuls Local de l&#8217;Ajuntament de Sant Antoni de Benaixeve realitzar\u00e0, dins de la programaci\u00f3 d&#8217;activitats per a 2021, el cicle de tallers formatius \u201cDe comer\u00e7 i emprenedoria va el joc\u201d.<\/p>\n\n\n\n<p class=\"wp-block-paragraph\">Estos tallers formen part d&#8217;un projecte d&#8217;impuls al comer\u00e7 i l&#8217;emprenedoria, amb la finalitat de motivar l&#8217;activitat comercial i empresarial del municipi a trav\u00e9s de la gesti\u00f3 i l&#8217;aprenentatge de noves habilitats en la mat\u00e8ria.<\/p>\n\n\n\n<p class=\"wp-block-paragraph\">Els tallers es desenvoluparan en l\u00ednia a tall de pon\u00e8ncies per part d&#8217;experts de reconegut prestigi, i hi inclouran un temps per a consultes i debats. En conjunt, cada taller tindr\u00e0 1 hora de duraci\u00f3 i tots els materials, presentacions i dades compartides s&#8217;enviaran als assistents perqu\u00e8 puguen posar en pr\u00e0ctica all\u00f2 que han apr\u00e9s.&nbsp;<\/p>\n\n\n\n<p class=\"wp-block-paragraph\">Les places seran limitades, per la qual cosa ser\u00e0 necess\u00e0ria la inscripci\u00f3 pr\u00e8via, que es realitzar\u00e0 a trav\u00e9s del seg\u00fcent enlla\u00e7:<\/p>\n\n\n\n<p class=\"wp-block-paragraph\"><a href=\"https:\/\/forms.gle\/ucvWNnV9cD69JjHLA\">https:\/\/forms.gle\/ucvWNnV9cD69JjHLA<\/a><\/p>\n\n\n\n<p class=\"wp-block-paragraph\">La data l\u00edmit per a inscriure&#8217;s ser\u00e0 el 12 d&#8217;abril.<\/p>\n\n\n\n<p class=\"wp-block-paragraph\">El cicle de pon\u00e8ncies i tallers es desenvolupar\u00e0 de la seg\u00fcent manera:<\/p>\n\n\n\n<figure class=\"wp-block-image size-large\"><img loading=\"lazy\" decoding=\"async\" width=\"787\" height=\"787\" src=\"http:\/\/www.tucomarca.com\/wordpress\/segunda\/wp-content\/uploads\/2021\/04\/SanAntonioBenageberEmprendim2.jpg\" alt=\"\" class=\"wp-image-130296\" srcset=\"https:\/\/tucomarca.whitekongsoftware.com\/wp-content\/uploads\/2021\/04\/SanAntonioBenageberEmprendim2.jpg 787w, https:\/\/tucomarca.whitekongsoftware.com\/wp-content\/uploads\/2021\/04\/SanAntonioBenageberEmprendim2-300x300.jpg 300w, https:\/\/tucomarca.whitekongsoftware.com\/wp-content\/uploads\/2021\/04\/SanAntonioBenageberEmprendim2-290x290.jpg 290w, https:\/\/tucomarca.whitekongsoftware.com\/wp-content\/uploads\/2021\/04\/SanAntonioBenageberEmprendim2-768x768.jpg 768w\" sizes=\"auto, (max-width: 787px) 100vw, 787px\" \/><\/figure>\n\n\n\n<ul class=\"wp-block-list\"><li>16 d&#8217;abril \u2013 \u201cCOM GENERAR BENESTAR I RIQUESA AMB LA TEUA EMPRESA EN TEMPS D&#8217;INCERTESA.\u201d<br><\/li><li>30 d&#8217;abril &#8211; \u201cQU\u00c8 \u00c9S EL NETWORKING?\u201d<br><\/li><li>14 de maig \u2013 \u201cLINKEDIN. COM CREAR EL TEU PERFIL PER DONAR A CON\u00c9IXER EL TEU NEGOCI O CREAR OPORTUNITATS D&#8217;OCUPACI\u00d3.\u201d<br><\/li><li>18 de juny \u2013 \u201cEMPRENEDORIA. PASSOS A SEGUIR QUAN VOLS EMPRENDRE.\u201d<br><\/li><li>16 de juliol \u2013 \u201cM\u00c0RQUETING DIGITAL. APR\u00c9N A PROMOCIONAR-TE.\u201d<br><\/li><li>17 de setembre \u2013 \u201cLLEI DE PROTECCI\u00d3 DE DADES. CON\u00c9IXER-LA I SABER-LA APLICAR.\u201d<br><\/li><li>15 d&#8217;octubre \u2013 \u201cMARCA PERSONAL. GESTIONA DE MANERA CONSCIENT I ESTRAT\u00c8GICA LA PERCEPCI\u00d3 PROFESSIONAL QUE TENEN ELS ALTRES DE TU.\u201d<br><\/li><li>19 de novembre \u2013 \u201cEDUCACI\u00d3 FINANCERA. MENTALITAT SABER ESTALVIAR.\u201d<br><\/li><li>10 de desembre \u2013 \u201cTANCAMENT D&#8217;ANY. METES I NOUS OBJECTIUS 2022.\u201d<\/li><\/ul>\n","protected":false},"excerpt":{"rendered":"<div class=\"mh-excerpt\">El cicle \u201cDe comer\u00e7 i emprenedoria va el joc\u201d es desenvolupar\u00e0 en l\u00ednia al llarg del 2021 La regidoria de Comer\u00e7 i Impuls Local de l&#8217;Ajuntament de Sant Antoni de Benaixeve realitzar\u00e0, dins de la <a class=\"mh-excerpt-more\" href=\"https:\/\/tucomarca.whitekongsoftware.com\/ca\/larea-de-comerc-i-impuls-local-de-sant-antoni-de-benaixeve-organitza-tallers-formatius-sobre-comerc-i-emprenedoria\/\" title=\"L&#8217;\u00e0rea de Comer\u00e7 i Impuls Local de Sant Antoni de Benaixeve organitza tallers formatius sobre comer\u00e7 i emprenedoria\">[+] <\/a><\/div>\n","protected":false},"author":12,"featured_media":130295,"comment_status":"open","ping_status":"open","sticky":false,"template":"","format":"standard","meta":{"footnotes":""},"categories":[10892,10948,10894,10947,10934,10896],"tags":[10899,12314,11147],"class_list":["post-130299","post","type-post","status-publish","format-standard","has-post-thumbnail","category-camp-de-turia-ca","category-infraestructuras-ca","category-la-comarca-ca","category-politica","category-san-antonio-de-benageber-ca","category-seccion-ca","tag-camp-de-turia-ca","tag-comercio-local-ca","tag-san-antoni-de-benageber"],"_links":{"self":[{"href":"https:\/\/tucomarca.whitekongsoftware.com\/ca\/wp-json\/wp\/v2\/posts\/130299","targetHints":{"allow":["GET"]}}],"collection":[{"href":"https:\/\/tucomarca.whitekongsoftware.com\/ca\/wp-json\/wp\/v2\/posts"}],"about":[{"href":"https:\/\/tucomarca.whitekongsoftware.com\/ca\/wp-json\/wp\/v2\/types\/post"}],"author":[{"embeddable":true,"href":"https:\/\/tucomarca.whitekongsoftware.com\/ca\/wp-json\/wp\/v2\/users\/12"}],"replies":[{"embeddable":true,"href":"https:\/\/tucomarca.whitekongsoftware.com\/ca\/wp-json\/wp\/v2\/comments?post=130299"}],"version-history":[{"count":0,"href":"https:\/\/tucomarca.whitekongsoftware.com\/ca\/wp-json\/wp\/v2\/posts\/130299\/revisions"}],"wp:featuredmedia":[{"embeddable":true,"href":"https:\/\/tucomarca.whitekongsoftware.com\/ca\/wp-json\/wp\/v2\/media\/130295"}],"wp:attachment":[{"href":"https:\/\/tucomarca.whitekongsoftware.com\/ca\/wp-json\/wp\/v2\/media?parent=130299"}],"wp:term":[{"taxonomy":"category","embeddable":true,"href":"https:\/\/tucomarca.whitekongsoftware.com\/ca\/wp-json\/wp\/v2\/categories?post=130299"},{"taxonomy":"post_tag","embeddable":true,"href":"https:\/\/tucomarca.whitekongsoftware.com\/ca\/wp-json\/wp\/v2\/tags?post=130299"}],"curies":[{"name":"wp","href":"https:\/\/api.w.org\/{rel}","templated":true}]}}