{"id":130066,"date":"2021-04-01T16:55:01","date_gmt":"2021-04-01T15:55:01","guid":{"rendered":"http:\/\/www.tucomarca.com\/wordpress\/segunda\/sanitat-registra188-nuevos-casos-de-coronavirus-8-fallecimientos-y-131-altas-en-la-comunitat-valenciana\/"},"modified":"2021-04-01T16:57:33","modified_gmt":"2021-04-01T15:57:33","slug":"sanitat-registra188-nuevos-casos-de-coronavirus-8-fallecimientos-y-131-altas-en-la-comunitat-valenciana","status":"publish","type":"post","link":"https:\/\/tucomarca.whitekongsoftware.com\/ca\/sanitat-registra188-nuevos-casos-de-coronavirus-8-fallecimientos-y-131-altas-en-la-comunitat-valenciana\/","title":{"rendered":"Sanitat registra188 nous casos de coronavirus, 8 defuncions i 131 altes en la Comunitat Valenciana"},"content":{"rendered":"\n<h4 class=\"wp-block-heading\"><strong>Sanitat registra 131 altes i 188 nous casos de coronavirus en la Comunitat Valenciana<\/strong><\/h4>\n\n\n\n<h4 class=\"wp-block-heading\"><strong>Els hospitals valencians tenen 404 persones ingressades per coronavirus i 94 en les unitats de vigil\u00e0ncia intensiva<\/strong><\/h4>\n\n\n\n<p class=\"wp-block-paragraph\">La Comunitat Valenciana ha administrat un total de 824.713 dosi de la vacuna contra el coronavirus. Per prov\u00edncies, 99.044 a Castell\u00f3, 292.458 a Alacant i 433.211 a Val\u00e8ncia. Han rebut les dues dosis 258.246 persones.<\/p>\n\n\n\n<p class=\"wp-block-paragraph\">A m\u00e9s, s&#8217;han notificat 188 casos nous de coronavirus confirmats per prova *PCR o a trav\u00e9s de test d&#8217;ant\u00edgens des de l&#8217;\u00faltima actualitzaci\u00f3, que situen la xifra total de positius en 385.696 persones.<\/p>\n\n\n\n<p class=\"wp-block-paragraph\">Per prov\u00edncies, la distribuci\u00f3 de nous positius \u00e9s la seg\u00fcent: 21 a Castell\u00f3 (39.409 en total), 56 a Alacant (145.000 en total) i 111 a la prov\u00edncia de Val\u00e8ncia (201.286). Continua havent-hi un cas sense assignar.<\/p>\n\n\n\n<p class=\"wp-block-paragraph\">Des de l&#8217;\u00faltima actualitzaci\u00f3 s&#8217;han registrat 131 altes de pacients amb coronavirus. D&#8217;aquesta manera, ja s\u00f3n 386.737 persones en la Comunitat Valenciana les que han superat la malaltia des que va comen\u00e7ar la pand\u00e8mia. Per prov\u00edncies, les altes es distribueixen de la seg\u00fcent manera: 39.859 a Castell\u00f3, 144.896 a Alacant i 201.927 a Val\u00e8ncia, a m\u00e9s de 55 no assignades.<\/p>\n\n\n\n<p class=\"wp-block-paragraph\">Els hospitals valencians tenen, actualment, 404 persones ingressades: 26 a la prov\u00edncia de Castell\u00f3, amb 6 pacients en UCI; 195 a la prov\u00edncia d&#8217;Alacant, 37 d&#8217;ells en l&#8217;UCI; i 183 a la prov\u00edncia de Val\u00e8ncia, 51 d&#8217;ells en UCI.<\/p>\n\n\n\n<p class=\"wp-block-paragraph\">A m\u00e9s, s&#8217;han registrat 8 defuncions per coronavirus des de l&#8217;\u00faltima actualitzaci\u00f3, per la qual cosa el total de defuncions des de l&#8217;inici de la pand\u00e8mia \u00e9s de 7.163 persones: 780 a la prov\u00edncia de Castell\u00f3, 2.719 en la d&#8217;Alacant i 3.664 en la de Val\u00e8ncia.<\/p>\n\n\n\n<p class=\"wp-block-paragraph\">D&#8217;acord amb les dades registrades, en aquests moments hi ha 3.265 casos actius, la qual cosa suposa un 0,82% del total de positius.<\/p>\n\n\n\n<p class=\"wp-block-paragraph\">Actualitzaci\u00f3 de la situaci\u00f3 en resid\u00e8ncies<\/p>\n\n\n\n<p class=\"wp-block-paragraph\">Des de l&#8217;\u00faltima actualitzaci\u00f3, els casos positius en resid\u00e8ncies de majors es mantenen en 4 (1 a la prov\u00edncia d&#8217;Alacant i 3 a la prov\u00edncia de Val\u00e8ncia).<\/p>\n\n\n\n<p class=\"wp-block-paragraph\">\u00b7 Residents nous positius: 0<\/p>\n\n\n\n<p class=\"wp-block-paragraph\">\u00b7 Treballadors i treballadores nous positius: 7<\/p>\n\n\n\n<p class=\"wp-block-paragraph\">\u00b7 Residents que han mort: 1<\/p>\n\n\n\n<p class=\"wp-block-paragraph\">Actualment, es troben baix vigil\u00e0ncia activa de control sanitari 2 resid\u00e8ncies en la Comunitat Valenciana: 1 a la prov\u00edncia d&#8217;Alacant i 1 a la prov\u00edncia de Val\u00e8ncia.<\/p>\n\n\n\n<p class=\"wp-block-paragraph\">Actualitzaci\u00f3 brolles de coronavirus<\/p>\n\n\n\n<p class=\"wp-block-paragraph\">S&#8217;han registrat 14 nous brots des de l&#8217;\u00faltima actualitzaci\u00f3:<\/p>\n\n\n\n<p class=\"wp-block-paragraph\">\u00b7 Burjassot: 4 casos. \u00c0mbit educatiu<\/p>\n\n\n\n<p class=\"wp-block-paragraph\">\u00b7 Quart de Poblet: 8 casos. Origen social<\/p>\n\n\n\n<p class=\"wp-block-paragraph\">\u00b7 Alaqu\u00e0s: 7 casos. Origen social<\/p>\n\n\n\n<p class=\"wp-block-paragraph\">\u00b7 Barrada: 6 casos. Origen social<\/p>\n\n\n\n<p class=\"wp-block-paragraph\">\u00b7 Paterna: 5 casos. \u00c0mbit educatiu.<\/p>\n\n\n\n<p class=\"wp-block-paragraph\">\u00b7 D\u00e9nia: 6 casos. Origen social<\/p>\n\n\n\n<p class=\"wp-block-paragraph\">\u00b7 Val\u00e8ncia: 3 casos. Origen social<\/p>\n\n\n\n<p class=\"wp-block-paragraph\">\u00b7 Val\u00e8ncia: 3 casos. Origen social<\/p>\n\n\n\n<p class=\"wp-block-paragraph\">\u00b7 Vila-real: 7 casos. Origen laboral<\/p>\n\n\n\n<p class=\"wp-block-paragraph\">\u00b7 Val\u00e8ncia: 3 casos. \u00c0mbit educatiu<\/p>\n\n\n\n<p class=\"wp-block-paragraph\">\u00b7 Pu\u00e7ol: 3 casos. Origen social<\/p>\n\n\n\n<p class=\"wp-block-paragraph\">\u00b7 Val\u00e8ncia: 4 casos. Origen social<\/p>\n\n\n\n<p class=\"wp-block-paragraph\">\u00b7 Alm\u00e0ssera: 3 casos. Origen social<\/p>\n\n\n\n<p class=\"wp-block-paragraph\">\u00b7 Val\u00e8ncia: 3 casos. Origen social<\/p>\n","protected":false},"excerpt":{"rendered":"<div class=\"mh-excerpt\">Sanitat registra 131 altes i 188 nous casos de coronavirus en la Comunitat Valenciana Els hospitals valencians tenen 404 persones ingressades per coronavirus i 94 en les unitats de vigil\u00e0ncia intensiva La Comunitat Valenciana ha <a class=\"mh-excerpt-more\" href=\"https:\/\/tucomarca.whitekongsoftware.com\/ca\/sanitat-registra188-nuevos-casos-de-coronavirus-8-fallecimientos-y-131-altas-en-la-comunitat-valenciana\/\" title=\"Sanitat registra188 nous casos de coronavirus, 8 defuncions i 131 altes en la Comunitat Valenciana\">[+] <\/a><\/div>\n","protected":false},"author":1,"featured_media":123709,"comment_status":"open","ping_status":"open","sticky":false,"template":"","format":"standard","meta":{"footnotes":""},"categories":[11010,12202,10898,10948,10894,10903,10947,10896,10897],"tags":[11939,11940],"class_list":["post-130066","post","type-post","status-publish","format-standard","has-post-thumbnail","category-canal-salud","category-covid-19-ca","category-ventana-ca","category-infraestructuras-ca","category-la-comarca-ca","category-medio-ambiente-la-comarca-ca","category-politica","category-seccion-ca","category-sucesos-la-comarca-ca","tag-coronavirus-ca","tag-covid-19-ca"],"_links":{"self":[{"href":"https:\/\/tucomarca.whitekongsoftware.com\/ca\/wp-json\/wp\/v2\/posts\/130066","targetHints":{"allow":["GET"]}}],"collection":[{"href":"https:\/\/tucomarca.whitekongsoftware.com\/ca\/wp-json\/wp\/v2\/posts"}],"about":[{"href":"https:\/\/tucomarca.whitekongsoftware.com\/ca\/wp-json\/wp\/v2\/types\/post"}],"author":[{"embeddable":true,"href":"https:\/\/tucomarca.whitekongsoftware.com\/ca\/wp-json\/wp\/v2\/users\/1"}],"replies":[{"embeddable":true,"href":"https:\/\/tucomarca.whitekongsoftware.com\/ca\/wp-json\/wp\/v2\/comments?post=130066"}],"version-history":[{"count":0,"href":"https:\/\/tucomarca.whitekongsoftware.com\/ca\/wp-json\/wp\/v2\/posts\/130066\/revisions"}],"wp:featuredmedia":[{"embeddable":true,"href":"https:\/\/tucomarca.whitekongsoftware.com\/ca\/wp-json\/wp\/v2\/media\/123709"}],"wp:attachment":[{"href":"https:\/\/tucomarca.whitekongsoftware.com\/ca\/wp-json\/wp\/v2\/media?parent=130066"}],"wp:term":[{"taxonomy":"category","embeddable":true,"href":"https:\/\/tucomarca.whitekongsoftware.com\/ca\/wp-json\/wp\/v2\/categories?post=130066"},{"taxonomy":"post_tag","embeddable":true,"href":"https:\/\/tucomarca.whitekongsoftware.com\/ca\/wp-json\/wp\/v2\/tags?post=130066"}],"curies":[{"name":"wp","href":"https:\/\/api.w.org\/{rel}","templated":true}]}}