{"id":129972,"date":"2021-03-31T18:00:00","date_gmt":"2021-03-31T17:00:00","guid":{"rendered":"http:\/\/www.tucomarca.com\/wordpress\/segunda\/?p=129972"},"modified":"2021-04-01T10:22:54","modified_gmt":"2021-04-01T09:22:54","slug":"riba-roja-fusiona-les-visites-culturals-i-les-activitats-a-laire-lliure-pel-parc-natural-del-turia-durant-la-setmana-santa","status":"publish","type":"post","link":"https:\/\/tucomarca.whitekongsoftware.com\/ca\/riba-roja-fusiona-les-visites-culturals-i-les-activitats-a-laire-lliure-pel-parc-natural-del-turia-durant-la-setmana-santa\/","title":{"rendered":"Riba-roja fusiona les visites culturals i les activitats a l&#8217;aire lliure pel Parc Natural del T\u00faria durant la Setmana Santa"},"content":{"rendered":"\n<h4 class=\"wp-block-heading\">Les \u00e0rees de Turisme i Patrimoni dissenyen l&#8217;oferta d&#8217;aquests dies de festa<\/h4>\n\n\n\n<figure class=\"wp-block-gallery columns-2 is-cropped wp-block-gallery-1 is-layout-flex wp-block-gallery-is-layout-flex\"><ul class=\"blocks-gallery-grid\"><li class=\"blocks-gallery-item\"><figure><img loading=\"lazy\" decoding=\"async\" width=\"1024\" height=\"768\" src=\"http:\/\/www.tucomarca.com\/wordpress\/segunda\/wp-content\/uploads\/2021\/03\/RibaLlavador-1024x768.jpg\" alt=\"\" data-id=\"129967\" data-full-url=\"http:\/\/www.tucomarca.com\/wordpress\/segunda\/wp-content\/uploads\/2021\/03\/RibaLlavador.jpg\" data-link=\"http:\/\/www.tucomarca.com\/wordpress\/segunda\/?attachment_id=129967\" class=\"wp-image-129967\" srcset=\"https:\/\/tucomarca.whitekongsoftware.com\/wp-content\/uploads\/2021\/03\/RibaLlavador-1024x768.jpg 1024w, https:\/\/tucomarca.whitekongsoftware.com\/wp-content\/uploads\/2021\/03\/RibaLlavador-300x225.jpg 300w, https:\/\/tucomarca.whitekongsoftware.com\/wp-content\/uploads\/2021\/03\/RibaLlavador-768x576.jpg 768w, https:\/\/tucomarca.whitekongsoftware.com\/wp-content\/uploads\/2021\/03\/RibaLlavador-1536x1152.jpg 1536w, https:\/\/tucomarca.whitekongsoftware.com\/wp-content\/uploads\/2021\/03\/RibaLlavador-678x509.jpg 678w, https:\/\/tucomarca.whitekongsoftware.com\/wp-content\/uploads\/2021\/03\/RibaLlavador-326x245.jpg 326w, https:\/\/tucomarca.whitekongsoftware.com\/wp-content\/uploads\/2021\/03\/RibaLlavador-80x60.jpg 80w, https:\/\/tucomarca.whitekongsoftware.com\/wp-content\/uploads\/2021\/03\/RibaLlavador.jpg 2000w\" sizes=\"auto, (max-width: 1024px) 100vw, 1024px\" \/><\/figure><\/li><li class=\"blocks-gallery-item\"><figure><img loading=\"lazy\" decoding=\"async\" width=\"1024\" height=\"768\" src=\"http:\/\/www.tucomarca.com\/wordpress\/segunda\/wp-content\/uploads\/2021\/03\/RibaPont-1024x768.jpg\" alt=\"\" data-id=\"129969\" data-full-url=\"http:\/\/www.tucomarca.com\/wordpress\/segunda\/wp-content\/uploads\/2021\/03\/RibaPont.jpg\" data-link=\"http:\/\/www.tucomarca.com\/wordpress\/segunda\/?attachment_id=129969\" class=\"wp-image-129969\" srcset=\"https:\/\/tucomarca.whitekongsoftware.com\/wp-content\/uploads\/2021\/03\/RibaPont-1024x768.jpg 1024w, https:\/\/tucomarca.whitekongsoftware.com\/wp-content\/uploads\/2021\/03\/RibaPont-300x225.jpg 300w, https:\/\/tucomarca.whitekongsoftware.com\/wp-content\/uploads\/2021\/03\/RibaPont-768x576.jpg 768w, https:\/\/tucomarca.whitekongsoftware.com\/wp-content\/uploads\/2021\/03\/RibaPont-1536x1152.jpg 1536w, https:\/\/tucomarca.whitekongsoftware.com\/wp-content\/uploads\/2021\/03\/RibaPont-678x509.jpg 678w, https:\/\/tucomarca.whitekongsoftware.com\/wp-content\/uploads\/2021\/03\/RibaPont-326x245.jpg 326w, https:\/\/tucomarca.whitekongsoftware.com\/wp-content\/uploads\/2021\/03\/RibaPont-80x60.jpg 80w, https:\/\/tucomarca.whitekongsoftware.com\/wp-content\/uploads\/2021\/03\/RibaPont.jpg 2016w\" sizes=\"auto, (max-width: 1024px) 100vw, 1024px\" \/><\/figure><\/li><\/ul><\/figure>\n\n\n\n<p class=\"wp-block-paragraph\">L&#8217;Ajuntament de Riba-roja de T\u00faria ha preparat un complet programa d&#8217;activitats per a les vacances de Setmana Santa d&#8217;enguany en el qual fusiona les visites culturals a l&#8217;ingent patrimoni local amb les possibilitats que ofereix el Parc Natural del T\u00faria. Les activitats es dirigeixen, principalment, a ocupar el temps lliure de les fam\u00edlies fins a passar les festes de Sant Vicent del pr\u00f2xim 12 d&#8217;abril.&nbsp;<\/p>\n\n\n\n<p class=\"wp-block-paragraph\">Sota les restriccions que imposa l&#8217;actual situaci\u00f3 sanit\u00e0ria provocada per la pand\u00e8mia del coronavirus, l&#8217;\u00e0rea de Turisme i Patrimoni de l&#8217;Ajuntament de Riba-roja de T\u00faria inicia \u2013en coincid\u00e8ncia amb l&#8217;inici de les vacances escolars- les visites culturals previstes als principals monuments hist\u00f2rics, especialment la Ruta de l&#8217;Aig\u00fces i els jaciments arqueol\u00f2gics.&nbsp;<\/p>\n\n\n\n<p class=\"wp-block-paragraph\">D&#8217;aquesta manera, aquest pr\u00f2xim dissabte s&#8217;inicien els recorreguts per la Vall de Porxinos, en ple Parc Natural del T\u00faria i al costat del Parc dels Rodanes, en el qual destaca la \u201cFonteta R\u00e0quia\u201d, un enclavament arqueol\u00f2gic d&#8217;\u00e8poca ibera en el qual es van trobar fins a 140 quilos de fragments equivalents a 200 ruscos en el qual es considera un conjunt \u00fanic a Espanya.&nbsp;<\/p>\n\n\n\n<p class=\"wp-block-paragraph\">A m\u00e9s, en aquesta ruta es podran con\u00e9ixer altres monuments importants com el Forn de *Cal\u00e7 i l&#8217;aq\u00fceducte de *Porxinos, en el qual es completa la ruta dels aq\u00fceductes i canals de la zona i que es remunten a l&#8217;\u00e8poca romana, essencials en les tasques agr\u00edcola d&#8217;aquells segles i que es recorren de manera paral\u00b7lela amb el marge dret del riu *T\u00faria. Els trams m\u00e9s majestuosos s&#8217;erigeixen en la Vall de *Porxinos, en el qual destaca un arc que tots dos costats del barranc, els murs i la bassa d&#8217;aigua.&nbsp;<\/p>\n\n\n\n<p class=\"wp-block-paragraph\">Aquestes visites s&#8217;estendran al llarg del pr\u00f2xim dissabte 3 d&#8217;abril i el pr\u00f2xim 2 de maig, amb un m\u00e0xim de 15 persones que hauran de complir tots els protocols sanitaris corresponents a la situaci\u00f3 del Covid. Amb un preu de 10 euros per persona \u2013els menors de 4 anys no paguen- s&#8217;inclou un pic-nic al llarg del recorregut que s&#8217;iniciar\u00e0 a les 9 hores del mat\u00ed i amb eixida des del poliesportiu municipal de Riba-roja de T\u00faria.&nbsp;<\/p>\n\n\n\n<p class=\"wp-block-paragraph\">Les visites es completen amb la coneguda Ruta de l&#8217;Aigua pels principals monuments existents pel barri antic de Riba-roja i que tenen un nexe com\u00fa d&#8217;uni\u00f3, origen de la relaci\u00f3 del riu T\u00faria amb el desenvolupament social i econ\u00f2mic de la localitat. En aquesta iniciativa s&#8217;inclou una visita als monuments del Pont Vell, la Cisterna i el Safareig, a m\u00e9s de l&#8217;Asil-Convent de la Sagrada Fam\u00edlia, la Casa de la Molinera i la Pla\u00e7a de l&#8217;Ajuntament. En aquest cas, les visites s&#8217;han programat per als dies 10 d&#8217;abril i 15 de maig.&nbsp;<\/p>\n\n\n\n<p class=\"wp-block-paragraph\">L&#8217;\u00e0rea de Turisme i Patrimoni ha dissenyat, tamb\u00e9, visites al recinte emmurallat i als museus de la localitat que han tornat a reobrir les seues portes al p\u00fablic despr\u00e9s de l&#8217;aturada obligada per les restriccions socials imposades per la situaci\u00f3 sanit\u00e0ria derivada del coronavirus. El Museu Visigot del Pla de Nadal, el MUCA i el Espai d\u2019Art Contemporani (EAC) s\u00f3n el millor exponent de l&#8217;antiga esplendor del municipi. Una visita a la Pla\u00e7a de la Torre, recentment acabada, configura la guinda de l&#8217;activitat. En aquest cas, les dates triades seran els dies 17 d&#8217;abril i 8 de maig.&nbsp;<\/p>\n\n\n\n<p class=\"wp-block-paragraph\">El Secret Visigot del jaciment arqueol\u00f2gic del Pla de Nadal ser\u00e0 un dels atractius m\u00e9s importants durant les pr\u00f2ximes setmanes i que es podran visitar el 18 d&#8217;abril i el 16 de maig. Es tracta d&#8217;un conjunt arqueol\u00f2gic d&#8217;\u00e8poca visigoda que constitueix un exemple \u00fanic en terres valencianes com a paradigma de l&#8217;estament nobiliari de l&#8217;antiguitat.&nbsp;<\/p>\n\n\n\n<p class=\"wp-block-paragraph\">Finalment, cal assenyalar el Turisme de Naturalesa a Riba-roja de T\u00faria en el qual destaquen els descensos en caiac pel riu, amb recorreguts diversos de 12, 8 i 5 quil\u00f2metres, en el qual es conjuga la pr\u00e0ctica d&#8217;un esport amb la divulgaci\u00f3 de l&#8217;entorn natural que l&#8217;envolta. Tamb\u00e9 existeixen recorreguts amb bicicleta pel Parc Natural i les conegudes marxes n\u00f2rdiques que es realitzaran els pr\u00f2xims 11, 18 i 25 d&#8217;abril.&nbsp;<\/p>\n\n\n\n<p class=\"wp-block-paragraph\">L&#8217;alcalde de Riba-roja de T\u00faria, Robert Raga, ha destacat \u201cla variada i completa oferta que ofereix el nostre municipi durant els dies se Setmana Santa per a realitzar en fam\u00edlia en el qual s&#8217;han de continuar extremant les mesures i precaucions derivades del Covid per\u00f2 al mateix temps podem gaudir del nostre entorn natural i del patrimoni hist\u00f2ric, monumental i arqueol\u00f2gic existent\u201d.<\/p>\n","protected":false},"excerpt":{"rendered":"<div class=\"mh-excerpt\">Les \u00e0rees de Turisme i Patrimoni dissenyen l&#8217;oferta d&#8217;aquests dies de festa L&#8217;Ajuntament de Riba-roja de T\u00faria ha preparat un complet programa d&#8217;activitats per a les vacances de Setmana Santa d&#8217;enguany en el qual fusiona <a class=\"mh-excerpt-more\" href=\"https:\/\/tucomarca.whitekongsoftware.com\/ca\/riba-roja-fusiona-les-visites-culturals-i-les-activitats-a-laire-lliure-pel-parc-natural-del-turia-durant-la-setmana-santa\/\" title=\"Riba-roja fusiona les visites culturals i les activitats a l&#8217;aire lliure pel Parc Natural del T\u00faria durant la Setmana Santa\">[+] <\/a><\/div>\n","protected":false},"author":12,"featured_media":129966,"comment_status":"open","ping_status":"open","sticky":false,"template":"","format":"standard","meta":{"footnotes":""},"categories":[11019,10892,10948,10894,10903,11007,10947,10906,10896],"tags":[10899,13975,10907,11989,12962],"class_list":["post-129972","post","type-post","status-publish","format-standard","has-post-thumbnail","category-agenda-ca","category-camp-de-turia-ca","category-infraestructuras-ca","category-la-comarca-ca","category-medio-ambiente-la-comarca-ca","category-ocio-y-cultura-ca","category-politica","category-riba-roja-ca","category-seccion-ca","tag-camp-de-turia-ca","tag-patrimonio-ca","tag-riba-roja-del-turia-ca","tag-semana-santa-y-pascua-ca","tag-turismo-ca"],"_links":{"self":[{"href":"https:\/\/tucomarca.whitekongsoftware.com\/ca\/wp-json\/wp\/v2\/posts\/129972","targetHints":{"allow":["GET"]}}],"collection":[{"href":"https:\/\/tucomarca.whitekongsoftware.com\/ca\/wp-json\/wp\/v2\/posts"}],"about":[{"href":"https:\/\/tucomarca.whitekongsoftware.com\/ca\/wp-json\/wp\/v2\/types\/post"}],"author":[{"embeddable":true,"href":"https:\/\/tucomarca.whitekongsoftware.com\/ca\/wp-json\/wp\/v2\/users\/12"}],"replies":[{"embeddable":true,"href":"https:\/\/tucomarca.whitekongsoftware.com\/ca\/wp-json\/wp\/v2\/comments?post=129972"}],"version-history":[{"count":0,"href":"https:\/\/tucomarca.whitekongsoftware.com\/ca\/wp-json\/wp\/v2\/posts\/129972\/revisions"}],"wp:featuredmedia":[{"embeddable":true,"href":"https:\/\/tucomarca.whitekongsoftware.com\/ca\/wp-json\/wp\/v2\/media\/129966"}],"wp:attachment":[{"href":"https:\/\/tucomarca.whitekongsoftware.com\/ca\/wp-json\/wp\/v2\/media?parent=129972"}],"wp:term":[{"taxonomy":"category","embeddable":true,"href":"https:\/\/tucomarca.whitekongsoftware.com\/ca\/wp-json\/wp\/v2\/categories?post=129972"},{"taxonomy":"post_tag","embeddable":true,"href":"https:\/\/tucomarca.whitekongsoftware.com\/ca\/wp-json\/wp\/v2\/tags?post=129972"}],"curies":[{"name":"wp","href":"https:\/\/api.w.org\/{rel}","templated":true}]}}