{"id":129910,"date":"2021-03-30T17:56:00","date_gmt":"2021-03-30T16:56:00","guid":{"rendered":"http:\/\/www.tucomarca.com\/wordpress\/segunda\/?p=129910"},"modified":"2021-03-30T21:28:36","modified_gmt":"2021-03-30T20:28:36","slug":"la-policia-de-la-generalitat-triplicara-la-seua-presencia-en-les-zones-recreatives-de-linterior-per-a-controlar-el-compliment-de-les-mesures-contra-la-covid-19","status":"publish","type":"post","link":"https:\/\/tucomarca.whitekongsoftware.com\/ca\/la-policia-de-la-generalitat-triplicara-la-seua-presencia-en-les-zones-recreatives-de-linterior-per-a-controlar-el-compliment-de-les-mesures-contra-la-covid-19\/","title":{"rendered":"La Policia de la Generalitat triplicar\u00e0 la seua pres\u00e8ncia en les zones recreatives de l&#8217;interior per a controlar el compliment de les mesures contra la covid-19"},"content":{"rendered":"\n<h4 class=\"wp-block-heading\">Es posar\u00e0 en marxa la campanya &#8216;Pasqua Segura&#8217;, destinada a impulsar la conscienciaci\u00f3 social de cara els pr\u00f2xims dies de vacances<\/h4>\n\n\n\n<h4 class=\"wp-block-heading\">Ximo Puig ha presidit la reuni\u00f3 de la comissi\u00f3 de seguretat per a preparar les actuacions davant Setmana Santa i Pasqua<\/h4>\n\n\n\n<h4 class=\"wp-block-heading\">Gabriela Bravo assegura que, encara que la Comunitat t\u00e9 la incid\u00e8ncia m\u00e9s baixa d&#8217;Espanya, &#8220;no podem relaxar-nos&#8221;, i reclama m\u00e0xima prud\u00e8ncia per a evitar aglomeracions i incendis forestals<\/h4>\n\n\n\n<p class=\"wp-block-paragraph\">La Policia de la Generalitat triplicar\u00e0 la seua pres\u00e8ncia en les zones recreatives i paratges naturals de l&#8217;interior de la Comunitat Valenciana durant les pr\u00f2ximes vacances de Setmana Santa i Pasqua per a garantir que es compleixen les mesures de seguretat sanit\u00e0ria davant la COVID-19.&nbsp;<\/p>\n\n\n\n<p class=\"wp-block-paragraph\">Aix\u00ed s&#8217;ha decidit en la reuni\u00f3 de coordinaci\u00f3 de seguretat que ha presidit aquest dimarts el president de la Generalitat, Ximo Puig, i en la qual han participat responsables de la Delegaci\u00f3 del Govern en la Comunitat Valenciana, del Cos de Policia Nacional i de la Gu\u00e0rdia Civil, aix\u00ed com de la Federaci\u00f3 Valenciana de Municipis i Prov\u00edncies, Emerg\u00e8ncies i Protecci\u00f3 Civil i Policia de la Generalitat.&nbsp;<\/p>\n\n\n\n<p class=\"wp-block-paragraph\">Despr\u00e9s de la trobada, la consellera de Just\u00edcia, Interior i Administraci\u00f3 P\u00fablica, Gabriela Bravo, ha anunciat a m\u00e9s que la Generalitat posar\u00e0 en marxa la campanya &#8216;Pasqua Segura&#8217;, destinada a impulsar la conscienciaci\u00f3 social de cara els pr\u00f2xims dies de vacances. &#8220;\u00c9s important transmetre a la poblaci\u00f3 que podem fer tot tipus d&#8217;activitats durant aquests dies festius, per\u00f2 tot aix\u00f2 s&#8217;ha de realitzar sempre des de la responsabilitat individual, perqu\u00e8 gaudir d&#8217;uns dies de descans \u00e9s compatible amb la prevenci\u00f3 i la prud\u00e8ncia&#8221;, ha assenyalat Gabriela Bravo.&nbsp;<\/p>\n\n\n\n<p class=\"wp-block-paragraph\">La campanya busca traslladar que \u00e9s responsabilitat de tots i totes respectar les quatre mesures b\u00e0siques de seguretat: higiene mans, dist\u00e0ncia, m\u00e0scara i ventilaci\u00f3, i tamb\u00e9 recordar\u00e0 les restriccions establides per a les reunions: quatre persones en espais p\u00fablics i el nucli familiar en els privats.&nbsp;<\/p>\n\n\n\n<p class=\"wp-block-paragraph\">La consellera de Just\u00edcia, Interior i Administraci\u00f3 P\u00fablica, Gabriela Bravo, ha destacat que, malgrat que la Comunitat Valenciana &#8220;t\u00e9 la incid\u00e8ncia m\u00e9s baixa d&#8217;Espanya, cinc vegades inferior a la mitjana, aix\u00ed com les dades m\u00e9s positives d&#8217;Europa, no podem relaxar-nos&#8221;. Per aqueix motiu, la reuni\u00f3 ha servit per a coordinar el dispositiu davant la perspectiva que m\u00e9s de 700.000 persones acudisquen durant aquests dies a les zones recreatives de l&#8217;interior de les tres prov\u00edncies a gaudir del patrimoni natural valenci\u00e0.&nbsp;<\/p>\n\n\n\n<p class=\"wp-block-paragraph\">En aquest sentit, la consellera ha detallat que la Policia Auton\u00f2mica mobilitzar\u00e0 al 65% de tots els seus efectius, en coordinaci\u00f3 amb les Policies Locals, la Gu\u00e0rdia Civil i el personal de l&#8217;Ag\u00e8ncia Valenciana de Seguretat i Emerg\u00e8ncies, en 50 municipis de les tres prov\u00edncies per a cobrir 52 \u00e0rees recreatives de 19 parcs naturals i altres cinc zones d&#8217;acampada.&nbsp;<\/p>\n\n\n\n<p class=\"wp-block-paragraph\">Tot aix\u00f2 suposa triplicar el seu desplegament ordinari &#8220;per a controlar el compliment de les mesures anti-*COVID aix\u00ed com per a la prevenci\u00f3 d&#8217;incendis forestals&#8221;. &#8220;No podem oblidar que tamb\u00e9 la pres\u00e8ncia massiva de visitants en aquestes \u00e0rees naturals suposa tamb\u00e9 un greu risc per al nostre patrimoni natural&#8221;, ha indicat.&nbsp;<\/p>\n\n\n\n<p class=\"wp-block-paragraph\">La consellera tamb\u00e9 ha explicat que la Generalitat enviar\u00e0 els detalls d&#8217;aquest operatiu a les juntes locals de seguretat dels municipis on s&#8217;espera major aflu\u00e8ncia de visites per a coordinar les accions.<\/p>\n","protected":false},"excerpt":{"rendered":"<div class=\"mh-excerpt\">Es posar\u00e0 en marxa la campanya &#8216;Pasqua Segura&#8217;, destinada a impulsar la conscienciaci\u00f3 social de cara els pr\u00f2xims dies de vacances Ximo Puig ha presidit la reuni\u00f3 de la comissi\u00f3 de seguretat per a preparar <a class=\"mh-excerpt-more\" href=\"https:\/\/tucomarca.whitekongsoftware.com\/ca\/la-policia-de-la-generalitat-triplicara-la-seua-presencia-en-les-zones-recreatives-de-linterior-per-a-controlar-el-compliment-de-les-mesures-contra-la-covid-19\/\" title=\"La Policia de la Generalitat triplicar\u00e0 la seua pres\u00e8ncia en les zones recreatives de l&#8217;interior per a controlar el compliment de les mesures contra la covid-19\">[+] <\/a><\/div>\n","protected":false},"author":12,"featured_media":129909,"comment_status":"open","ping_status":"open","sticky":false,"template":"","format":"standard","meta":{"footnotes":""},"categories":[10890,10951,10892,12202,11046,10898,10948,10963,10894,10904,10912,10902,10947,10909,10897],"tags":[11939,11940,11498,14253,14254],"class_list":["post-129910","post","type-post","status-publish","format-standard","has-post-thumbnail","category-ademus","category-ayora-cofrentes-ca","category-camp-de-turia-ca","category-covid-19-ca","category-los-serranos-ca","category-ventana-ca","category-infraestructuras-ca","category-la-canal-de-navarres-ca","category-la-comarca-ca","category-sin-categorizar-ca","category-la-hoya-ca","category-la-ribera-ca","category-politica","category-requena-utiel-ca","category-sucesos-la-comarca-ca","tag-coronavirus-ca","tag-covid-19-ca","tag-generalitat-valenciana-ca","tag-pascua-segura-ca","tag-policia-de-la-generalitat-ca"],"_links":{"self":[{"href":"https:\/\/tucomarca.whitekongsoftware.com\/ca\/wp-json\/wp\/v2\/posts\/129910","targetHints":{"allow":["GET"]}}],"collection":[{"href":"https:\/\/tucomarca.whitekongsoftware.com\/ca\/wp-json\/wp\/v2\/posts"}],"about":[{"href":"https:\/\/tucomarca.whitekongsoftware.com\/ca\/wp-json\/wp\/v2\/types\/post"}],"author":[{"embeddable":true,"href":"https:\/\/tucomarca.whitekongsoftware.com\/ca\/wp-json\/wp\/v2\/users\/12"}],"replies":[{"embeddable":true,"href":"https:\/\/tucomarca.whitekongsoftware.com\/ca\/wp-json\/wp\/v2\/comments?post=129910"}],"version-history":[{"count":0,"href":"https:\/\/tucomarca.whitekongsoftware.com\/ca\/wp-json\/wp\/v2\/posts\/129910\/revisions"}],"wp:featuredmedia":[{"embeddable":true,"href":"https:\/\/tucomarca.whitekongsoftware.com\/ca\/wp-json\/wp\/v2\/media\/129909"}],"wp:attachment":[{"href":"https:\/\/tucomarca.whitekongsoftware.com\/ca\/wp-json\/wp\/v2\/media?parent=129910"}],"wp:term":[{"taxonomy":"category","embeddable":true,"href":"https:\/\/tucomarca.whitekongsoftware.com\/ca\/wp-json\/wp\/v2\/categories?post=129910"},{"taxonomy":"post_tag","embeddable":true,"href":"https:\/\/tucomarca.whitekongsoftware.com\/ca\/wp-json\/wp\/v2\/tags?post=129910"}],"curies":[{"name":"wp","href":"https:\/\/api.w.org\/{rel}","templated":true}]}}